{"id":17086,"date":"2021-11-19T00:16:31","date_gmt":"2021-11-18T23:16:31","guid":{"rendered":"http:\/\/www.studiogera.de\/001\/?p=17086"},"modified":"2021-11-19T00:16:32","modified_gmt":"2021-11-18T23:16:32","slug":"protestbewegung-in-der-geraer-innenstadt","status":"publish","type":"post","link":"https:\/\/www.studiogera.de\/001\/2021\/11\/19\/protestbewegung-in-der-geraer-innenstadt\/","title":{"rendered":"PROTESTBEWEGUNG IN DER GERAER INNENSTADT"},"content":{"rendered":"\n<p>Mehrere Polizeibeamte kamen am 16. November ab 18 Uhr in der Geraer Innenstadt zum Einsatz. Dort hatte sich eine gro\u00dfe Personengruppe versammelt. Sie bewegte sich durch die Innenstadt, beginnend von der kleinen Kirchstra\u00dfe \u00fcber den Museumsplatz, Puschkinplatz, Schlo\u00dfstra\u00dfe, Sorge, Steinweg, zur gro\u00dfen Kirchstra\u00dfe. Hierbei f\u00fchrten einige Anwesende Banner mit, die sich gegen die derzeitige Corona-Situation richteten. Die Geraer Polizei klassierte die Zusammenkunft als Versammlung ein. Der Aufzug wurde fort folgend durch Polizeikr\u00e4fte begleitet. In der Spitze nahmen bis zu 120 Personen an der Versammlung teil. Gegen 19.30 Uhr hatten sich alle Versammlungsteilnehmer wieder entfernt. Die Geraer Polizei hat Ermittlungen wegen des Versto\u00dfes gegen das Versammlungsgesetz aufgenommen.<\/p>\n","protected":false},"excerpt":{"rendered":"<div class=\"mh-excerpt\"><p>Mehrere Polizeibeamte kamen am 16. November ab 18 Uhr in der Geraer Innenstadt zum Einsatz. Dort hatte sich eine gro\u00dfe Personengruppe versammelt. Sie bewegte sich durch die Innenstadt, beginnend von der kleinen Kirchstra\u00dfe \u00fcber den <a class=\"mh-excerpt-more\" href=\"https:\/\/www.studiogera.de\/001\/2021\/11\/19\/protestbewegung-in-der-geraer-innenstadt\/\" title=\"PROTESTBEWEGUNG IN DER GERAER INNENSTADT\">[&#8230;]<\/a><\/p>\n<\/div>","protected":false},"author":2,"featured_media":9357,"comment_status":"open","ping_status":"open","sticky":false,"template":"","format":"standard","meta":{"footnotes":""},"categories":[13],"tags":[],"class_list":{"0":"post-17086","1":"post","2":"type-post","3":"status-publish","4":"format-standard","5":"has-post-thumbnail","7":"category-polizeiberichte"},"_links":{"self":[{"href":"https:\/\/www.studiogera.de\/001\/wp-json\/wp\/v2\/posts\/17086","targetHints":{"allow":["GET"]}}],"collection":[{"href":"https:\/\/www.studiogera.de\/001\/wp-json\/wp\/v2\/posts"}],"about":[{"href":"https:\/\/www.studiogera.de\/001\/wp-json\/wp\/v2\/types\/post"}],"author":[{"embeddable":true,"href":"https:\/\/www.studiogera.de\/001\/wp-json\/wp\/v2\/users\/2"}],"replies":[{"embeddable":true,"href":"https:\/\/www.studiogera.de\/001\/wp-json\/wp\/v2\/comments?post=17086"}],"version-history":[{"count":1,"href":"https:\/\/www.studiogera.de\/001\/wp-json\/wp\/v2\/posts\/17086\/revisions"}],"predecessor-version":[{"id":17087,"href":"https:\/\/www.studiogera.de\/001\/wp-json\/wp\/v2\/posts\/17086\/revisions\/17087"}],"wp:featuredmedia":[{"embeddable":true,"href":"https:\/\/www.studiogera.de\/001\/wp-json\/wp\/v2\/media\/9357"}],"wp:attachment":[{"href":"https:\/\/www.studiogera.de\/001\/wp-json\/wp\/v2\/media?parent=17086"}],"wp:term":[{"taxonomy":"category","embeddable":true,"href":"https:\/\/www.studiogera.de\/001\/wp-json\/wp\/v2\/categories?post=17086"},{"taxonomy":"post_tag","embeddable":true,"href":"https:\/\/www.studiogera.de\/001\/wp-json\/wp\/v2\/tags?post=17086"}],"curies":[{"name":"wp","href":"https:\/\/api.w.org\/{rel}","templated":true}]}}