{"id":17103,"date":"2021-11-21T20:15:22","date_gmt":"2021-11-21T19:15:22","guid":{"rendered":"http:\/\/www.studiogera.de\/001\/?p=17103"},"modified":"2021-11-21T20:15:24","modified_gmt":"2021-11-21T19:15:24","slug":"das-recht-auf-koerperliche-unversehrtheit","status":"publish","type":"post","link":"https:\/\/www.studiogera.de\/001\/2021\/11\/21\/das-recht-auf-koerperliche-unversehrtheit\/","title":{"rendered":"DAS RECHT AUF K\u00d6RPERLICHE UNVERSEHRTHEIT"},"content":{"rendered":"\n<p>Wieviel Verlass ist auf die Politik, wenn mit ziemlicher Gewissheit genau das eintritt, was vorher mehrmals und g\u00e4nzlich ausgeschlossen wurde? Nun soll es doch eine Impfpflicht geben \u2014 zun\u00e4chst wohl nur f\u00fcr bestimmte Bereiche. Es ist erstaunlich, wie berechenbar der Zeitpunkt war, an dem diese Debatte fortgesetzt wird.<\/p>\n\n\n\n<p>Bislang hie\u00df es, das Impfen sei eine moralische Pflicht. Ob Moral derart an pharmazeutische Produkte und invasive Eingriffe gekn\u00fcpft werden, darf bezweifelt werden \u2014 insbesondere, wenn wirtschaftliche Abh\u00e4ngigkeitsverh\u00e4ltnisse ausgenutzt werden, um Menschen zu n\u00f6tigen, und die erzwungene Entscheidung anschlie\u00dfend als eine freiwillige in die Statistik eingeht.<\/p>\n\n\n\n<p>Bemerkenswert ist auch der Vorschlag aus einigen Kreisen, das Recht auf k\u00f6rperliche Unversehrtheit durch ein Recht auf Gesundheit zu ersetzen. Doch damit w\u00fcrde nicht nur jeder das Entscheidungsrecht \u00fcber den eigenen K\u00f6rper verlieren \u2014 zur Freude der Pharmaindustrie. Es kommen viele weitere Fragen auf: Im Umkehrschluss bedeutet das, der k\u00f6rperlich unversehrte Mensch, so wie ihn die Natur hervorgebracht hat, wird zur Gefahr f\u00fcr die Mehrheit der Gesellschaft erkl\u00e4rt.<\/p>\n\n\n\n<p>Das verwendete Vokabular bereitet schon heute den Weg f\u00fcr diese Sichtweise: Mit \u201eungeimpft\u201c wird der Eindruck erweckt, als sei dieser Mensch noch nicht ganz vollst\u00e4ndig, als m\u00fcsse er durch reichlich Pharmazie erst noch auf den neuesten Stand werden \u2014 am besten, so haben es sich einige Investoren wohl ausgemalt, nach dem Prinzip eines Computer-Betriebssystems, dass immer wieder neue Updates ben\u00f6tigt, und \u201esicher\u201c zu sein.<\/p>\n\n\n\n<p>Wer ist dann wirklich krank \u2014 der unversehrte Mensch oder eine Gesellschaft, die sich pr\u00e4ventiv Medikamente einpumpen l\u00e4sst, in dem Glauben, sich vor diesem sch\u00fctzen zu m\u00fcssen?<\/p>\n\n\n\n<p>KOMMENTAR<\/p>\n","protected":false},"excerpt":{"rendered":"<div class=\"mh-excerpt\"><p>Wieviel Verlass ist auf die Politik, wenn mit ziemlicher Gewissheit genau das eintritt, was vorher mehrmals und g\u00e4nzlich ausgeschlossen wurde? Nun soll es doch eine Impfpflicht geben \u2014 zun\u00e4chst wohl nur f\u00fcr bestimmte Bereiche. Es <a class=\"mh-excerpt-more\" href=\"https:\/\/www.studiogera.de\/001\/2021\/11\/21\/das-recht-auf-koerperliche-unversehrtheit\/\" title=\"DAS RECHT AUF K\u00d6RPERLICHE UNVERSEHRTHEIT\">[&#8230;]<\/a><\/p>\n<\/div>","protected":false},"author":2,"featured_media":17105,"comment_status":"open","ping_status":"open","sticky":false,"template":"","format":"standard","meta":{"footnotes":""},"categories":[6],"tags":[],"class_list":{"0":"post-17103","1":"post","2":"type-post","3":"status-publish","4":"format-standard","5":"has-post-thumbnail","7":"category-gesellschaft"},"_links":{"self":[{"href":"https:\/\/www.studiogera.de\/001\/wp-json\/wp\/v2\/posts\/17103","targetHints":{"allow":["GET"]}}],"collection":[{"href":"https:\/\/www.studiogera.de\/001\/wp-json\/wp\/v2\/posts"}],"about":[{"href":"https:\/\/www.studiogera.de\/001\/wp-json\/wp\/v2\/types\/post"}],"author":[{"embeddable":true,"href":"https:\/\/www.studiogera.de\/001\/wp-json\/wp\/v2\/users\/2"}],"replies":[{"embeddable":true,"href":"https:\/\/www.studiogera.de\/001\/wp-json\/wp\/v2\/comments?post=17103"}],"version-history":[{"count":2,"href":"https:\/\/www.studiogera.de\/001\/wp-json\/wp\/v2\/posts\/17103\/revisions"}],"predecessor-version":[{"id":17106,"href":"https:\/\/www.studiogera.de\/001\/wp-json\/wp\/v2\/posts\/17103\/revisions\/17106"}],"wp:featuredmedia":[{"embeddable":true,"href":"https:\/\/www.studiogera.de\/001\/wp-json\/wp\/v2\/media\/17105"}],"wp:attachment":[{"href":"https:\/\/www.studiogera.de\/001\/wp-json\/wp\/v2\/media?parent=17103"}],"wp:term":[{"taxonomy":"category","embeddable":true,"href":"https:\/\/www.studiogera.de\/001\/wp-json\/wp\/v2\/categories?post=17103"},{"taxonomy":"post_tag","embeddable":true,"href":"https:\/\/www.studiogera.de\/001\/wp-json\/wp\/v2\/tags?post=17103"}],"curies":[{"name":"wp","href":"https:\/\/api.w.org\/{rel}","templated":true}]}}