{"id":17107,"date":"2021-11-21T20:33:02","date_gmt":"2021-11-21T19:33:02","guid":{"rendered":"http:\/\/www.studiogera.de\/001\/?p=17107"},"modified":"2021-11-21T20:42:04","modified_gmt":"2021-11-21T19:42:04","slug":"vier-instrumentalisten-erhalten-einen-foerderpreis","status":"publish","type":"post","link":"https:\/\/www.studiogera.de\/001\/2021\/11\/21\/vier-instrumentalisten-erhalten-einen-foerderpreis\/","title":{"rendered":"VIER INSTRUMENTALISTEN ERHALTEN EINEN F\u00d6RDERPREIS"},"content":{"rendered":"\n<p>Am 6. November 2021 nahm ein neu gegr\u00fcndetes Ensemble der Geraer Musikschule \u201eHeinrich Sch\u00fctz\u201c am Wettbewerb \u201eBesondere Musizierstunde\u201c des Burgenlandkreises teil. Die vier Instrumentalisten im Alter von elf bis 15 Jahren trugen ein ausgew\u00e4hltes Programm aus der Barockzeit vor. F\u00fcr diese instrumentale Leistung erhielten Arick Wei\u00df und Fritz Wiese an der Blockfl\u00f6te, Henrick Wei\u00df am Cello und Jannick Wei\u00df an der Violine von einer Fachjury den F\u00f6rderpreis in H\u00f6he von 200 Euro.\u00a0<\/p>\n\n\n\n<p>Der Musikwettbewerb f\u00fcr junge und erwachsene Instrumentalisten und S\u00e4nger aus dem Laienbereich fand in diesem Jahr im Christophorusgymnasium Droy\u00dfig statt.<\/p>\n\n\n\n<p>QUELLE: STADTVERWALTUNG<\/p>\n","protected":false},"excerpt":{"rendered":"<div class=\"mh-excerpt\"><p>Am 6. November 2021 nahm ein neu gegr\u00fcndetes Ensemble der Geraer Musikschule \u201eHeinrich Sch\u00fctz\u201c am Wettbewerb \u201eBesondere Musizierstunde\u201c des Burgenlandkreises teil. Die vier Instrumentalisten im Alter von elf bis 15 Jahren trugen ein ausgew\u00e4hltes Programm <a class=\"mh-excerpt-more\" href=\"https:\/\/www.studiogera.de\/001\/2021\/11\/21\/vier-instrumentalisten-erhalten-einen-foerderpreis\/\" title=\"VIER INSTRUMENTALISTEN ERHALTEN EINEN F\u00d6RDERPREIS\">[&#8230;]<\/a><\/p>\n<\/div>","protected":false},"author":2,"featured_media":17108,"comment_status":"open","ping_status":"open","sticky":false,"template":"","format":"standard","meta":{"footnotes":""},"categories":[8],"tags":[],"class_list":{"0":"post-17107","1":"post","2":"type-post","3":"status-publish","4":"format-standard","5":"has-post-thumbnail","7":"category-kultur"},"_links":{"self":[{"href":"https:\/\/www.studiogera.de\/001\/wp-json\/wp\/v2\/posts\/17107","targetHints":{"allow":["GET"]}}],"collection":[{"href":"https:\/\/www.studiogera.de\/001\/wp-json\/wp\/v2\/posts"}],"about":[{"href":"https:\/\/www.studiogera.de\/001\/wp-json\/wp\/v2\/types\/post"}],"author":[{"embeddable":true,"href":"https:\/\/www.studiogera.de\/001\/wp-json\/wp\/v2\/users\/2"}],"replies":[{"embeddable":true,"href":"https:\/\/www.studiogera.de\/001\/wp-json\/wp\/v2\/comments?post=17107"}],"version-history":[{"count":2,"href":"https:\/\/www.studiogera.de\/001\/wp-json\/wp\/v2\/posts\/17107\/revisions"}],"predecessor-version":[{"id":17110,"href":"https:\/\/www.studiogera.de\/001\/wp-json\/wp\/v2\/posts\/17107\/revisions\/17110"}],"wp:featuredmedia":[{"embeddable":true,"href":"https:\/\/www.studiogera.de\/001\/wp-json\/wp\/v2\/media\/17108"}],"wp:attachment":[{"href":"https:\/\/www.studiogera.de\/001\/wp-json\/wp\/v2\/media?parent=17107"}],"wp:term":[{"taxonomy":"category","embeddable":true,"href":"https:\/\/www.studiogera.de\/001\/wp-json\/wp\/v2\/categories?post=17107"},{"taxonomy":"post_tag","embeddable":true,"href":"https:\/\/www.studiogera.de\/001\/wp-json\/wp\/v2\/tags?post=17107"}],"curies":[{"name":"wp","href":"https:\/\/api.w.org\/{rel}","templated":true}]}}