{"id":1713,"date":"2017-08-26T12:09:26","date_gmt":"2017-08-26T10:09:26","guid":{"rendered":"http:\/\/www.studiogera.de\/001\/?p=1713"},"modified":"2017-08-26T12:09:26","modified_gmt":"2017-08-26T10:09:26","slug":"meldungen-und-hinweise-der-stadtverwaltung-10","status":"publish","type":"post","link":"https:\/\/www.studiogera.de\/001\/2017\/08\/26\/meldungen-und-hinweise-der-stadtverwaltung-10\/","title":{"rendered":"MELDUNGEN UND HINWEISE DER STADTVERWALTUNG"},"content":{"rendered":"<p><strong>TIERPARK- UND DAHLIENFEST<\/strong><\/p>\n<p>Tierpark und Dahliengarten verwandeln sich am 9. und 10. September wieder in eine gro\u00dfe B\u00fchne. In beiden Arealen wird ein Programm f\u00fcr die ganze Familie geboten. So k\u00f6nnen die Besucher die unterschiedlichen Angebote genie\u00dfen, Dahlien bewundern und beim Flanieren durch das Gel\u00e4nde am Martinsgrund Tiere anschauen. Daf\u00fcr wird nur einmal Eintritt verlangt.<br \/>\nAm Sonnabend, den 9. September, 11 Uhr, beginnt das Fest mit Blasmusik mit den Original Schaudertaler Musikanten. Um 14 Uhr begr\u00fc\u00dft Geras Oberb\u00fcrgermeisterin Dr. Viola Hahn die G\u00e4ste im Dahliengarten und im Anschluss gibt es Musik auf dem Weg vom Dahliengarten zum Bahnhof Martinsgrund mit den Original Schaudertaler Musikanten. Ab 15 Uhr spielen Lutz &amp; Eisen Rock- und Popballaden. Den ganzen Tag f\u00fchrt Maik Michaelis von Collage Gera mit Musik und Moderation durch das Programm. Die musikalischen Starg\u00e4ste des Festes Kathrin &amp; Peter sind um 17.30 Uhr zu erleben und anschlie\u00dfend spielen ab 19 Uhr die Schalmeien-Musikanten (siehe Bild) aus Neugernsdorf auf.<\/p>\n<p>Im Tierpark beginnt das Fest mit einem Fr\u00fchschoppen mit dem Duo Wolle &amp; Co. Ab 14 Uhr begeistert Miki die Kleinen mit Zauberei, Jonglage und Spielrunden. 14.40 Uhr startet eine Sonderfahrt der Parkeisenbahn vom Bahnhof Martinsgrund zum Bahnhof Wolfgehege und anschlie\u00dfend geht ein Umzug zur Tierparkb\u00fchne mit den Original Schnaudertaler Musikanten.<\/p>\n<p>Dort wird um 15 Uhr eine Tiertaufe durchgef\u00fchrt und im Anschluss starten ab 15.30 Uhr die Toledos ihr buntes Artistikprogramm. Durch das Programm im Tierpark f\u00fchrt Marcel P\u00fcschmann. Ab 16 Uhr spielt die Band Wolle &amp; Co. Tanzmusik.<\/p>\n<p>Der Sonntag startet um 11 Uhr mit einem z\u00fcnftigen Fr\u00fchschoppen der Leipziger All-Stars im Dahliengarten. Den ganzen Tag gibt es Infos und Moderation mit Robby M\u00f6rre und ab 13.30 Uhr spielen Hot Strings aus Weimar Swing Musik. 16.30 Uhr gibt es \u201e10 Jahre Sommergef\u00fchl\u201c mit Franziska. Nat\u00fcrlich haben die G\u00e4ste auch wieder die M\u00f6glichkeit, die sch\u00f6nste Dahlie zu w\u00e4hlen und verschiedene Preise, darunter Karten f\u00fcr Veranstaltungen im Kultur- und Kongresszentrum, zu gewinnen. Gek\u00fcrt wird die sch\u00f6nste Dahlie 2017 um 17.30 Uhr von der Bad K\u00f6stritzer Dahlienk\u00f6nigin 2011-2013, Anja I. Viel Wissenswertes zum Dahliengarten, der in diesem Jahr sein 89-j\u00e4hriges Bestehen feiert und damit der \u00e4lteste Dahlienschaugarten Deutschlandes ist, kann man an beiden Tagen bei den historischen F\u00fchrungen des Computertreffs Gera e. V. zur Geschichte des Dahliengartens erfahren. Die F\u00fchrungen starten Samstag um 14 und 16 Uhr und Sonntag um 13 Uhr und 16 Uhr. Samstag und Sonntag erwartet ein Stand der Sparkasse Gera-Greiz von 12 Uhr bis 18 Uhr die Besucher.<\/p>\n<p>Das Programm im Tierpark beginnt am Sonntag um 11 Uhr mit einem Fr\u00fchschoppen mit dem Parforcehorncorps Diana und ab 13 Uhr gibt es Volksmusik mit den Drachenburg-Musikanten. \u201eAlle Jahre wieder\u201c die Kindershow mit Frau Puppendoktor Pille startet ab 15 Uhr auf der Tierparkb\u00fchne und ab 16 Uhr spielen Pippi and the 50&#8217;s Boy ihre Rocking-&amp;-Rolling-Oldies-Show. \u00dcber die B\u00fchnenprogramme hinaus gibt es im Tierpark viele weitere Offerten. Am Affenwald spielen am Samstag \u201eGold Fingers\u201c, das Erwachsenen-Akkordeon-Orchester und am Sonntag \u201eBig Chaps\u201c, die Harmonika Big-Band der Musikschule Fr\u00f6hlich und am L\u00f6wengehege bietet an beiden Tagen Gaukler Charish magische Unterhaltung (jeweils von 13 Uhr bis 17 Uhr).<br \/>\nMitarbeiter des Tierparks f\u00fchren an beiden Tagen kommentierte F\u00fctterungen bei L\u00f6wen und Leoparden (jeweils 11.30 Uhr) sowie im Freigehege der Berberaffen (jeweils 15 Uhr) durch und geben auf dem Bauernhof Einblicke in das Putzen und Pflegen von Ponys und Eseln (jeweils 14 Uhr). Au\u00dferdem warten im Tierpark eine H\u00fcpfburg sowie eine Mal- und Bastelstra\u00dfe auf die j\u00fcngsten G\u00e4ste. Am Tierpark-Spielplatz ist am Samstag von 11 Uhr bis 18 Uhr das Info-Mobil der J\u00e4gerschaft und Sonntag von 11 Uhr bis 17 Uhr das Info-Mobil des Jugendwaldheimes Gera-Ernsee anzutreffen. Gastronomische Angebote in bekannt Th\u00fcringer Qualit\u00e4t sorgen im gesamten Veranstaltungsgel\u00e4nde f\u00fcr das leibliche Wohl der Besucher.<br \/>\nDie Tageskarte beim Tierpark- und Dahlienfest kostet 6 Euro. Kinder von sechs bis 14 Jahren, Studenten und Schwerbehinderte zahlen 4 Euro. Au\u00dferdem gibt es noch eine Familienkarte zu 14 Euro f\u00fcr zwei Erwachsene und bis zu drei Kinder. Der Eintritt gilt jedoch nicht f\u00fcr den Kletterwald.<\/p>\n<hr \/>\n<p><strong>VILLENTOUR IN DER BERLINER STRASSE<\/strong><\/p>\n<p>Die Gera Information l\u00e4dt am Sonnabend, den 26. August, 14 Uhr, ab der Gera-Information zur sommerlichen Villentour entlang der Berliner Stra\u00dfe ein. W\u00e4hrend der eineinhalbst\u00fcndigen Villentour, begleitet von einer zertifizierten G\u00e4stef\u00fchrerin, k\u00f6nnen Interessierte die eindrucksvollen Villen entlang der Berliner Stra\u00dfe, der Goethestra\u00dfe und Gagarinstra\u00dfe kennenlernen. Sie sind bauliche Zeitzeugen, die viel \u00fcber deren Erbauer, Zeitgeschmack und  Wohlstand einer einst bl\u00fchenden Industriestadt erz\u00e4hlen. Bei diesem Spaziergang erhalten die Besucher viele Informationen unter anderem zur Villa Eichenberg, Villa H\u00e4u\u00dfler und Villa Meyer. F\u00fcr die F\u00fchrung bittet die Gera-Information um Voranmeldung unter der Rufnummer 0365 8 381111 bzw. per E-Mail unter tourismus@gera.de. Die Teilnahmekarten k\u00f6nnen auch direkt in der Gera-Information gel\u00f6st werden. Ge\u00f6ffnet ist montags bis freitags von 9 Uhr bis 18 Uhr sowie sonnabends von 9 Uhr bis 15 Uhr.<\/p>\n<hr \/>\n<p><strong>MUSIKSCHULE HEINRICH SCH\u00dcTZ<\/strong><\/p>\n<p>Die instrumentale und t\u00e4nzerische  Ausbildung an der st\u00e4dtischen Musikschule \u201eHeinrich Sch\u00fctz\u201c hat wie an den allgemeinbildenden Schulen, am 10. August wieder begonnen. Wie in den vergangenen Jahren lassen sich mehr als 1000 Kinder, Jugendliche und Erwachsene auf musikalischen oder t\u00e4nzerischen Gebiet ausbilden. So manches Talent konnte in den verschiedensten Veranstaltungen und Konzerten sein K\u00f6nnen unter Beweis stellen oder kam preisgekr\u00f6nt von Wettbewerben nach Gera zur\u00fcck. Den musikalischen Einstieg haben viele Kinder mit ihren Eltern durch die musikalische Fr\u00fchf\u00f6rderung f\u00fcr Zwei- bis Sechsj\u00e4hrige  gefunden. Der  Kurs Instrumentenkarussell ist f\u00fcr Schulkinder sehr beliebt und aufschlussreich. In einer Gruppe von Kindern im Alter von 6-8 Jahren werden erste Erfahrungen im Instrumentalspiel gesammelt. Kinder haben dabei viel Freude und sind recht aufmerksam beim Ausprobieren von Musikinstrumenten. Recht schnell und geschickt werden den Instrumenten Kl\u00e4nge wie von der Violine, Gitarre und Trompete entlockt. Die Fachlehrer geben viel Wissenswertes \u00fcber die Vielfalt der Streich-, Tasten-, Blas- und Zupfinstrumenten an die Kinder weiter. Danach f\u00e4llt die Wahl zum Lieblingsinstrument meist leichter. Fragen der Eltern \u00fcber Talent und Eignung des Kindes sind beim Mitmachen gut gekl\u00e4rt. Der erste Kurs im neuen Schuljahr beginnt am Freitag, 8. September, 16.30 Uhr bis 17 Uhr und wird in 16 Unterrichtseinheiten w\u00f6chentlich freitags fortgef\u00fchrt. Einige Pl\u00e4tze sind noch frei. Weitere Information, Kontakt und Anmeldung f\u00fcr das Schuljahr 2017\/2018 sind im Sekretariat der Musikschule \u201eHeinrich Sch\u00fctz\u201c m\u00f6glich. Die Rufnummer lautet 0365 26916, die Kontaktadresse musikschule@gera.de.<\/p>\n<hr \/>\n<p><strong>INTEGRATIONSKURSUS AN DER VOLKSHOCHSCHULE<\/strong><\/p>\n<p>18 Teilnehmer des Integrationskurses B1, Deutschkurs, und zwei externe Pr\u00fcflinge erhielten an der Geraer Volkshochschule ihre Zeugnisse. Die Sch\u00fclerinnen und Sch\u00fcler des neuen Integrationskurses, der auch bereits gestartet war, nahmen als G\u00e4ste teil. Das lange Lernen hatte sich f\u00fcr die Absolventen gelohnt. Stolz nahmen sie ihre Zertifikate in Empfang. Matthias Schenk, Leiter der Geraer Volkshochschule, er\u00f6ffnete die feierliche Veranstaltung und begl\u00fcckw\u00fcnschte die Absolventen zum bestandenen Deutschtest f\u00fcr Zuwanderer. Die p\u00e4dagogisch Mitarbeiterin f\u00fcr Integration Annett Hering und die beiden Lehrerinnen des Integrationskurses Ulrike Heinz und Karin Kr\u00f6tenheerdt, brachten ihre Freude \u00fcber die gelungenen Abschl\u00fcsse und auch ihren Stolz zum Ausdruck. Mit gro\u00dfem Flei\u00df und Ausdauer hatten die Teilnehmer, die sie zum Teil schon fast zwei Jahren begleiten, ihr Ziel angesteuert. Gro\u00dfe Unterst\u00fctzung gab es auch von den Mitarbeiterinnen der Diakonie Andrea Dittrich und Adina Schitz in der Talstra\u00dfe. Sie sicherten den Teilnehmern des neuen Integrationskurses gleich ihre Hilfe beim Umgang mit \u00c4mtern und Beh\u00f6rden zu. Auch Olga Lange vom Interkulturellen Verein Gera e.V. machte den Lernenden Mut, die eigene Kultur weiter zu pflegen und sich an den Verein zu wenden, wenn sie Hilfe brauchen. Sie informierte sehr anschaulich \u00fcber Aufgaben, Vorhaben und Ziele des Vereins. Im Anschluss an die offizielle Feier gab es ein gem\u00fctliches Beisammensein, bei dem sich Absolventen und Sch\u00fcler austauschten. Der Weg der B1-Absolventen ist noch lange nicht beendet. Die meisten wollen gleich im September den B2-Kurs beginnen oder mit einer Ausbildung starten. Eines ist allen Lernenden aus Syrien und dem Irak w\u00e4hrend ihres Lebens in Gera bewusst geworden: Die Sprache ist das wichtigste Mittel, um gegenseitige \u00c4ngste und Barrieren abzubauen und eine lebendige Integration zu erm\u00f6glichen.<\/p>\n<hr \/>\n<p><strong>NORDISCHES LAUFEN<\/strong><\/p>\n<p>Ein Nordic-Walking-Kursus beginnt am Montag, den 28. August, von 18 Uhr bis 19.30 Uhr, an der Geraer Volkshochschule in der Talstra\u00dfe 3. Gut ist er f\u00fcr alle, die ihre Ausdauer verbessern m\u00f6chten und auf sanfte Weise ins Nordic Walking einsteigen m\u00f6chten. Anmeldungen und Informationen sind unter der Rufnummer 0365 5525 9313 oder unter  www.volkshochschule-gera.de m\u00f6glich.<\/p>\n<hr \/>\n<p><strong>SPRECHSTUNDE DER SCHIEDSSTELLE II<\/strong><\/p>\n<p>Die September-Sprechstunde der Schiedsstelle II, Grundschule \u201eAm Bieblacher Hang\u201c, Dr.-Theodor-Neubauer-Stra\u00dfe 1, wird auf Mittwoch, den 13. September, 17 Uhr bis 18 Uhr, verlegt. Der Termin am 6. September f\u00e4llt aufgrund eines Urlaubs aus.<\/p>\n<hr \/>\n<p><strong>\u00d6FFNUNGSZEITEN DER EHRENAMTSZENTRALE<\/strong><\/p>\n<p>Die Ehrenamtszentrale der Stadt Gera kann von Montag, den 28. August, bis zum Freitag, den 29. September, nur telefonisch unter der Rufnummer 0365 8383023 erreicht werden. In diesem Zeitraum befindet sich in den R\u00e4umen der Ehrenamtszentrale das Briefwahllokal. Ab Mittwoch, den 4.Oktober, sind die Mitarbeiter der Ehrenamtszentrale zu den bekannten Zeiten von Montag bis Donnerstag von 9 Uhr bis 17 Uhr und Freitag von 9 Uhr bis 15 Uhr wieder dort erreichbar.<\/p>\n<hr \/>\n<p><strong>PFLICHT ZUR ANLEINUNG VON HUNDEN<\/strong><\/p>\n<p>Die Stadtverwaltung Gera, der Fachdienst Ordnungsangelegenheiten, weist alle Hundebesitzer darauf hin, dass beim Halten und F\u00fchren von Hunden die Bestimmungen der Ordnungsbeh\u00f6rdlichen Verordnung zur Aufrechterhaltung der \u00f6ffentlichen Sicherheit und Ordnung in der Stadt Gera (Stadtordnung) vom 12. Dezember 2008 in der Fassung der 1. \u00c4nderungsverordnung vom 17. August 2009 f\u00fcr die Tierhaltung und den Umgang mit Hunden in der \u00d6ffentlichkeit beachtet werden m\u00fcssen. Zur Sitzung des Seniorenbeirates am 10. August wurde durch die Teilnehmer u.a. auch das Problem der Gef\u00e4hrdung durch freilaufende Hunde im Stadtgebiet angesprochen.<\/p>\n<p>Nach dieser Verordnung sind Hunde innerhalb der bebauten Ortslagen auf \u00f6ffentlichen Stra\u00dfen, Wegen, Pl\u00e4tzen und Anlagen an der Leine zu f\u00fchren. Hierbei ist nach der Rechtsprechung des OVG Rheinland-Pfalz, Urteil vom 21. September 2006, Az. 7 C 10539\/06, unter der bebauten Ortslage zu verstehen: \u201eF\u00fcr den rechtsunkundigen, aber verst\u00e4ndigen, durchschnittlichen Hundehalter ist ohne weiteres erkennbar, dass er seinen Hund dort anleinen muss, wo gew\u00f6hnlich mit dem Erscheinen von Personen und\/oder anderen Tieren zu rechnen ist. Das ist regelm\u00e4\u00dfig dann der Fall, wenn eine nicht nur vereinzelte Bebauung mit Wohnh\u00e4usern oder sonstigen Geb\u00e4uden besteht. Insofern ist der Auffassung der Antragsgegnerin ausdr\u00fccklich zuzustimmen, wonach \u201aman wei\u00df, dass nach der letzten Bebauung die Ortslage endet und mit der ersten Bebauung die Ortslage beginnt\u2018.\u201c<\/p>\n<p>Beim Ausf\u00fchren der Hunde ist au\u00dferdem darauf zu achten, dass \u00f6ffentliche Stra\u00dfen sowie die \u00f6ffentlichen Anlagen nicht durch Hundekot verunreinigt werden d\u00fcrfen. Sollte es dennoch zu einer Verunreinigung durch Hundekot kommen, ist diese unverz\u00fcglich durch den Hundef\u00fchrer zu beseitigen.<\/p>\n<p>Durch die Vollzugsdienstkr\u00e4fte des Vollzugsdienstes der Stadt Gera wurde und wird diese Thematik im Stadtgebiet Gera kontrolliert. Dabei ist zu beachten, dass der Fachdienst Ordnungsangelegenheiten nur f\u00fcr \u00f6ffentliche Fl\u00e4chen, nicht aber private zust\u00e4ndig ist. Letzteres ist Sache des privaten Eigent\u00fcmers. Im Rahmen des t\u00e4glichen uniformierten Streifendienstes und auch zusammen mit den Beamten der Landespolizeiinspektion Gera-Inspektionsdienst werden \u00dcberpr\u00fcfungen durchgef\u00fchrt und festgestellte Verst\u00f6\u00dfe zur Anzeige gebracht. Festgestellte Verst\u00f6\u00dfe gegen z. B. die Anleinpflicht werden dabei im Rahmen einer Verwarnung mit Verwarnungsgeld von 5 Euro bis 55 Euro geahndet und\/oder durch den Innendienst des Vollzugsdienstes Gera und die Zentrale Bu\u00dfgeldstelle bearbeitet.<\/p>\n<hr \/>\n<p><strong>GOTTESDIENST<\/strong><\/p>\n<p>Am Sonntag, den 27. August, kann 19 Uhr in der evangelischen Kirche St. Michael Gera ein weiterer Gottesdienst in der Reihe zu den 10 Geboten erlebt werden.<br \/>\n\u201eDu sollst nicht ehebrechen!\u201c \u2013 das klingt nach Boulevard. Der Ehebruch bedeutete Faszination und Skandal zugleich \u2013 durch alle Zeiten hinweg. Aber geht es wirklich vorrangig um Sexualmoral? Woran k\u00f6nnen Ehen zerbrechen? Auch dieser Themengottesdienst verspricht, wieder sehr spannend zu werden.<\/p>\n<hr \/>\n<p><strong>THEMA KIRCHENBAU<\/strong><\/p>\n<p>Am Donnerstag vor 300 Jahren wurde der Grundstein fuer die Salvatorkirche gelegt. Fuerst Heinrich schritt zur Tat, weil die Reformation gerade 200 Jahre her war. Im Jubeljahre des Lutherschen Hammerschlags wurde der Stein gepflanzt, und die Kirche wuchs. Am Donnerstag, den 24. August 2017 eroeffneten wir eine Ausstellung, die einen Seitenblick auf die anderen Kirchen wirft, die der saechsische Landesbaumeister David Schatz gebaut hat. Sie heisst deshalb \u201eSchatz-Kirchen\u201c. Anschliessend entsteht Musik. Drei Jazzer variieren Melodien aus einem der aeltesten gedruckten Gesangbuecher, dem Erfurter Enchiridion. Luther schrieb ein Vorwort. <\/p>\n<p>Und was tun am Vorabend. Lauschen Sie einem der genialsten historischen Erzaehler der Region. Dr. Thomas Fratzke wird Ihnen mit Blick auf Bilder und Formen der Salvator-Innerneinrichtung erklaeren, wie es zum ersten evangelischen Kirchbau in Gera kam und warum er am Ende so aussah, wie er aussieht. Hier finden Sie Naeheres zum Vortrag von Dr. Frantzke: http:\/\/www.sankt-salvator-gera.de\/vortrag-reformation-in-gera\/.<\/p>\n<p>Falls Sie Naeheres zur Ausstellung und zum Konzert Luther-Splitter wissen wollen, finden Sie hier das gesamte Fest-Programm: http:\/\/www.sankt-salvator-gera.de\/kirche\/300-jahre-grundsteinlegung\/ mit ausfuehrlichen Untermenues zu allen Einzelveranstaltungen. Und hier koennen Sie unser gedrucktes Programm aufklappen: http:\/\/www.sankt-salvator-gera.de\/wp-content\/uploads\/2017\/08\/Programm-300-Jahre-Grundsteinlegung1.pdf. <\/p>\n<hr \/>\n<p><strong>WASSERGYMNASTIK<\/strong><\/p>\n<p>Zus\u00e4tzliche Wassergymnastikkurse bietet die Geraer Volkshochschule aufgrund der gro\u00dfen Nachfrage an. Diese Kurse richten sich an alle, die unter Entlastung der Gelenke gezielt bestimmte Muskelgruppen aktivieren wollen und Spa\u00df an der Bewegung im Wasser haben. An 15 Kurstagen wird immer montags von 17 Uhr bis 18 Uhr oder mittwochs von 17 Uhr bis 18 Uhr oder donnerstags von 10 Uhr bis 11 Uhr im Hofwiesenbad trainiert. Die Kurse beginnen in der ersten Septemberwoche. Beratung und Anmeldung werden unter der Rufnummer 0365 55259313 oder \u00fcber service@volkshochschule-gera.de erbeten. Unter www.volkshochschule-gera.de ist die Anmeldung ebenfalls m\u00f6glich.<\/p>\n<hr \/>\n<p><strong>G\u00c4RTNERMARKTTAGE<\/strong><\/p>\n<p>Zum 46. Mal laden die G\u00e4rtnermarkttage auf dem Geraer Marktplatz vom Donnerstag, den 7. September, bis Samstag, den 9. September, die Besucher ein. Am Donnerstag, 7. September, 10 Uhr, werden die G\u00e4rtnermarkttage durch Oberb\u00fcrgermeisterin Dr. Viola Hahn mit einem Rundgang er\u00f6ffnet. Der Fachdienst Presse, Marketing, Kultur und Sport der Stadt Gera wird wieder mit den in Gera und Umgebung ans\u00e4ssigen G\u00e4rtnereien Hofmann, Heyer, Mo\u00dfner, Schedel, Giegold, Ham sowie anderen Gartenbaubetrieben einen bunten und abwechslungsreichen Herbstmarkt gestalten. So k\u00f6nnen am Donnerstag und Freitag von 7 Uhr bis 16 Uhr und am Samstag von 7 Uhr bis 14 Uhr die Besucher des G\u00e4rtnermarktes aus einem reichhaltigen Sortiment an Pflanzen f\u00fcr Balkon, Terrasse und Garten w\u00e4hlen. Die G\u00e4rtnereien bieten ein umfangreiches Sortiment an Chrysanthemen, Heidepflanzen, winterharten Stauden, Alpenveilchen sowie Erdbeerpflanzen und bepflanzte Schalen und Gef\u00e4\u00dfe an. Ebenso wird in den eigenen Betrieben angebautes Obst und Gem\u00fcse, wie Tomaten, Kohl, K\u00fcrbisse oder Kartoffeln, zum Kauf pr\u00e4sentiert.<\/p>\n<p>Vom Biohof Aga produzierte Gurken und Tomaten k\u00f6nnen beim Gem\u00fcseh\u00e4ndler erworben werden. Die G\u00e4rtnereien Hofmann, Heyer und Mo\u00dfner werden die Besucher mit ihren Dekorationen erfreuen. Das Gartenland Schedel will mit einer Auswahl an Str\u00e4uchern und Geh\u00f6lzen diesen G\u00e4rtnermarkt bereichern. Auf dem Markt werden acht G\u00e4rtnereien und Gartenbaubetriebe sowie \u00fcber 25 weitere H\u00e4ndler Produkte aus eigener Herstellung wie K\u00e4se, Wurst, Kr\u00e4utermischungen, Gew\u00fcrze, Senf, \u00d6le, Honig und Marmeladen, Backwaren und andere Spezialit\u00e4ten anbieten. Auch gibt es Korb- und Korkwaren sowie Glaskunst.<\/p>\n<p>F\u00fcr das leibliche Wohl ist mit Th\u00fcringer Rostern, einer Gulaschkanone und Imbissangeboten gesorgt. Auch in diesem Jahr ist eine Mitarbeiterin der Th\u00fcringer Landesanstalt f\u00fcr Landwirtschaft am Freitag und Samstag in der Zeit von 9 Uhr bis 14 Uhr an einem Beratungsstand f\u00fcr Fragen der Besucher zu Pflanzenpflege und Pflanzenschutz in den Kleing\u00e4rten auf dem Markt dabei. Musikalisch begleitet werden die G\u00e4rtnermarkttage mit dem Glockenspiel vom historischen Rathausturm.<\/p>\n<hr \/>\n<p><strong>AUSBILDUNG ABGESCHLOSSEN<\/strong><\/p>\n<p>Oberb\u00fcrgermeisterin Dr. Viola Hahn begl\u00fcckw\u00fcnschte am 23. August neun Absolventen zum Abschluss ihrer Ausbildungszeit in der Stadtverwaltung Gera und \u00fcbergab die Zeugnisse. Sechs Verwaltungsfachangestellte, eine Fachangestellte f\u00fcr Medien und Informationsdienste und zwei Stra\u00dfenw\u00e4rter haben in diesem Sommer die Abschlusspr\u00fcfungen erfolgreich bestanden und das Ausbildungsziel erreicht. Besonders lobend \u00e4u\u00dferte sich die Oberb\u00fcrgermeisterin \u00fcber Katrin Prautsch, die mit dem Gesamtpr\u00e4dikat 1,0 zu den besten Absolventen als Verwaltungsangestellte th\u00fcringenweit geh\u00f6rt. Ebenso beachtliche Pr\u00fcfungsergebnisse haben Sophie Vetter und Julie Pelz erzielt.  Auf ihrem anspruchsvollen Weg zum Berufsabschluss wurden die Absolventen in den Fachbereichen von zahlreichen Kolleginnen und Kollegen betreut und unterst\u00fctzt, die zus\u00e4tzlich zu ihren Fachaufgaben regelm\u00e4\u00dfig als Ausbilder t\u00e4tig sind. S\u00e4mtliche Absolventen erhielten von der Stadt Gera ein Angebot zur Weiterbesch\u00e4ftigung.<\/p>\n<p>Gleichzeitig hat die Oberb\u00fcrgermeisterin die neuen Auszubildenden begr\u00fc\u00dft und ihnen die Ausbildungsvertr\u00e4ge \u00fcbergeben. Sie brachte ihre Freude zum Ausdruck, dass die jungen Leute ihre berufliche Laufbahn in der Stadtverwaltung beginnen. Mit dem neuen Ausbildungs- beziehungsweise Studienjahr beginnen acht Auszubildende (sechs Verwaltungsfachangestellte, eine G\u00e4rtnerin in der Fachrichtung Garten und Landschaftsbau und ein Stra\u00dfenw\u00e4rter) und zwei Studierende im Studiengang Betriebswirtschaft, Fachrichtung Management in \u00f6ffentlichen Unternehmen und Einrichtungen, ihren Ausbildungsweg in der Stadtverwaltung Gera.<\/p>\n<hr \/>\n<p><strong>MASKOTTCHEN HOWI IM HOFWIESENBAD ERH\u00c4LTLICH<\/strong><\/p>\n<p>Neben dem Schl\u00fcsselanh\u00e4nger mit dem Maskottchen Howi gibt es jetzt auch das Pl\u00fcschtier Howi. Ende des vergangenen Jahres hatte die Ostth\u00fcringer Zeitung gemeinsam mit der Stadtverwaltung Gera zum Ideenwettbewerb f\u00fcr ein Maskottchen des Hofwiesenbades aufgerufen. \u00dcber 50 Entw\u00fcrfe gingen ein. Die Jury entschied sich damals f\u00fcr den von Rainer Bartossek entworfenen Seel\u00f6wen. Auch an der Namensfindung wurden die Geraer beteiligt. Viele lustige Namen wurden eingereicht. Letztlich entschied man sich f\u00fcr Howi, weil der Name eindeutig auf das Hofwiesenbad hinweist. Vorerst wurden 250 St\u00fcck von dem rund 20 Zentimeter gro\u00dfen Seel\u00f6wen geordert. Die Nachfrage in den n\u00e4chsten Wochen entscheidet dar\u00fcber, wie schnell nachbestellt werden muss. Erh\u00e4ltlich sind die Schl\u00fcsselanh\u00e4nger und Pl\u00fcschtiere im Hofwiesenbad Gera.<\/p>\n<hr \/>\n<p><strong>SOMMERFEST IM KAIMBERGER BAD<\/strong><\/p>\n<p>Ein Sommerfest veranstalten Stadt und Nutzerbeirat des Kaimberger Bades am Sonnabend, den 26. August, von 13 Uhr bis 17 Uhr. Die Idee dazu hatte der Beirat des Bades. Ab 13 Uhr gibt es Musik, 13.30 Uhr f\u00fchrt Intchi orientalischen Tanz vor und 14 Uhr gibt es die Pl\u00fcschtierparty, Teil I sowie im Anschluss Musik. 15 Uhr und 16 Uhr tritt nochmals Intchi auf. Der Teil II der Pl\u00fcschtierparty findet 15.30 Uhr statt. Bis zum Abschluss 17 Uhr ist Musik angesagt. An St\u00e4nden k\u00f6nnen Ballons modelliert werden. Auch Kinderschminken ist angesagt. Von 13 Uhr bis 15 Ihr ist Ballondrehen eingeplant. Anschlie\u00dfend, 15 Uhr bis 17 Uhr, steht das das Kinderschminken auf dem Programm. Die Stadt dankt allen Organisatoren und Helfern.<\/p>\n<hr \/>\n<p><strong>ABITUR AN DER VOLKSHOCHSCHULE<\/strong><\/p>\n<p>Die Geraer Volkshochschule f\u00fchrt berufsbegleitende Kurse zur Vorbereitung auf den nachtr\u00e4glichen Erwerb der allgemeinen Hochschulreife \u2013 Abitur durch. Die Kurse schlie\u00dfen mit der Abiturpr\u00fcfung ab. Die Absolventen erhalten das Zeugnis der allgemeinen Hochschulreife des Landes Th\u00fcringen. Genauere Informationen \u00fcber Inhalte, Zugangsvoraussetzungen, Umfang und Ablauf erhalten sie an der Geraer Volkshochschule, Talstra\u00dfe 3. Anmeldungen sind noch bis 8. September 2017 m\u00f6glich.<\/p>\n<p>Anfragen k\u00f6nnen Sie unter der Rufnummer 0365 55259313 oder \u00fcber service@volkshochschule-gera.de. Unter www.volkshochschule-gera.de ist die Anmeldung ebenfalls m\u00f6glich.<\/p>\n<hr \/>\n<p><strong>KULTURF\u00d6RDERUNG 2017<\/strong><\/p>\n<p>Antr\u00e4ge auf Restmittel der Kulturf\u00f6rderung 2017 k\u00f6nnen noch bis 11. September 2017 (Poststempel\/elektronischer Nachweis) bei der Stadt gestellt werden. Dazu kann das Antragsformular \u201eKulturf\u00f6rderung 2017\u201c (siehe: www.gera.de\/Ausschreibungen) an den Fachdienst Presse, Marketing, Kultur und Sport, Fachgebiet Museen und Kulturf\u00f6rderung, Schlo\u00dfstra\u00dfe 1, 07545 Gera bzw. per E-Mail an kultur@gera.de gesendet werden. Der Kurztext der Ausschreibung wird am 26. August in den \u00d6ffentlichen Bekanntmachungen im \u201egeraer wochenmagazin\u201c ver\u00f6ffentlicht. Zur F\u00f6rderung Geraer Kulturinitiativen, von Breitenkultur und Kunstprojekten von Vereinen und sonstigen freien Tr\u00e4gern, Initiativen, K\u00fcnstlern und Privatpersonen stehen f\u00fcr 2017 noch diese Mittel bereit. Insgesamt flie\u00dfen 60 000 Euro aus der Zuwendung des Freistaates Th\u00fcringen zum Ausgleich Kommunaler Kultureller Belastungen. Diese F\u00f6rderung bezieht sich ausschlie\u00dflich auf das Jahr 2017. Erhaltene Mittel m\u00fcssen bis 31. Dezember verausgabt werden.<\/p>\n<p>Der Bildungs-Kultur- und Sportausschuss beschloss in seiner Sitzung am 31. Januar 2017 bzw. 30. Mai 2017 die Vergabe von insgesamt 53 500 Euro entsprechend den vorliegenden Antr\u00e4gen. Ein Antrag wurde zwischenzeitlich zur\u00fcckgezogen. Somit stehen 8000 Euro Restmittel zur Verf\u00fcgung. Diese Mittel werden auf Vorschlag des Bildungs-, Kultur- und Sportausschusses erneut ausgeschrieben. Es sollen 2017 weitere Kulturprojekte finanziell gef\u00f6rdert werden, die f\u00fcr die Lebensqualit\u00e4t in der Stadt Gera eine besondere und \u00f6ffentlich wahrnehmbare hohe Wertigkeit haben und\/oder sich durch hohe k\u00fcnstlerische Qualit\u00e4t, Originalit\u00e4t oder ehrenamtliches und soziales Engagement auszeichnen.<\/p>\n<p>F\u00f6rderf\u00e4hig sind Veranstaltungsprojekte, Sachkosten, Bildungsma\u00dfnahmen, Aufwandsentsch\u00e4digungen und k\u00fcnstlerische Leistungen. Eingeschr\u00e4nkt f\u00f6rderf\u00e4hig sind Gesch\u00e4ftskosten. Als nicht f\u00f6rderf\u00e4hig gelten Ma\u00dfnahmen, die gewerblichen Zwecken dienen, Karnevalsprojekte, Sportveranstaltungen, individuelle Hobbypflege, Aufwendungen f\u00fcr Verk\u00f6stigung bzw. verm\u00f6genswirksam relevante Leistungen. Entscheidungsgremium ist der Ausschuss f\u00fcr Bildung, Kultur und Sport des Geraer Stadtrat es. Alle Antragsteller werden zum Ergebnis zeitnah informiert. Die Abrechnung erfolgt mittels Verwendungsnachweis zum festgelegten Termin.<\/p>\n<hr \/>\n<p><strong>EINWOHNERVERSAMMLUNG<\/strong><\/p>\n<p>Am Donnerstag, den 14. September 2017, 19 Uhr, versammeln sich die Einwohner der Ortsteile Milbitz. Thieschitz, Rubitz im Vereinshaus der Maibaumgesellschaft, K\u00f6stritzer Weg 5. Thema sind wichtige gemeindlichen Angelegenheiten.<\/p>\n<hr \/>\n<p><strong>SELBSTHILFEGRUPPE LUNGENKREBS<\/strong><\/p>\n<p>Die Selbsthilfegruppe \u201eLungenkrebs\u201c  kommt am  Dienstag, den 5. September, 15 Uhr, im Rathaus, Kornmarkt 12, Raum 107, wieder zusammen. Weitere Informationen erhalten Sie \u00fcber die Kontaktstelle f\u00fcr Selbsthilfegruppen der Ehrenamtszentrale unter der Rufnummer 0365 8383026.<\/p>\n<hr \/>\n<p><strong>EINWEIHUNG DER ORGEL IN M\u00dcHLSDORF<\/strong><\/p>\n<p>am Sonntag, den 3. September 2017, um 14 Uhr, wird die Poppe-Orgel der M\u00fchlsdorfer Dorfkirche nach erfolgter Restaurierung wiedergeweiht. Die Abnahme der Orgel durch den Orgelsachverst\u00e4ndigen wird am kommenden Mittwoch, den 30. August 2017, um 9 Uhr erfolgen. Wir, die Kirchengemeinde R\u00fcdersdorf-Kraftsdorf mit Pfr. Kurze und mir als Kantor der Kirchengemeinde, w\u00fcrden uns sehr freuen, wenn der OTZ hier\u00fcber berichten w\u00fcrde. Die M\u00fchlsdorfer Orgel befand sich in einem \u00e4u\u00dferst schlechten Zustand. Vor allem der Holzwurm hatte ihr massiv zugesetzt. Dank tatkr\u00e4ftiger finanzieller Unterst\u00fctzung, vor allem durch Spenden, ist die Restaurierung m\u00f6glich geworden.<\/p>\n","protected":false},"excerpt":{"rendered":"<div class=\"mh-excerpt\"><p>TIERPARK- UND DAHLIENFEST Tierpark und Dahliengarten verwandeln sich am 9. und 10. September wieder in eine gro\u00dfe B\u00fchne. In beiden Arealen wird ein Programm f\u00fcr die ganze Familie geboten. So k\u00f6nnen die Besucher die unterschiedlichen <a class=\"mh-excerpt-more\" href=\"https:\/\/www.studiogera.de\/001\/2017\/08\/26\/meldungen-und-hinweise-der-stadtverwaltung-10\/\" title=\"MELDUNGEN UND HINWEISE DER STADTVERWALTUNG\">[&#8230;]<\/a><\/p>\n<\/div>","protected":false},"author":2,"featured_media":1714,"comment_status":"open","ping_status":"open","sticky":false,"template":"","format":"standard","meta":{"footnotes":""},"categories":[16],"tags":[],"class_list":{"0":"post-1713","1":"post","2":"type-post","3":"status-publish","4":"format-standard","5":"has-post-thumbnail","7":"category-kurzmitteilungen"},"_links":{"self":[{"href":"https:\/\/www.studiogera.de\/001\/wp-json\/wp\/v2\/posts\/1713","targetHints":{"allow":["GET"]}}],"collection":[{"href":"https:\/\/www.studiogera.de\/001\/wp-json\/wp\/v2\/posts"}],"about":[{"href":"https:\/\/www.studiogera.de\/001\/wp-json\/wp\/v2\/types\/post"}],"author":[{"embeddable":true,"href":"https:\/\/www.studiogera.de\/001\/wp-json\/wp\/v2\/users\/2"}],"replies":[{"embeddable":true,"href":"https:\/\/www.studiogera.de\/001\/wp-json\/wp\/v2\/comments?post=1713"}],"version-history":[{"count":1,"href":"https:\/\/www.studiogera.de\/001\/wp-json\/wp\/v2\/posts\/1713\/revisions"}],"predecessor-version":[{"id":1715,"href":"https:\/\/www.studiogera.de\/001\/wp-json\/wp\/v2\/posts\/1713\/revisions\/1715"}],"wp:featuredmedia":[{"embeddable":true,"href":"https:\/\/www.studiogera.de\/001\/wp-json\/wp\/v2\/media\/1714"}],"wp:attachment":[{"href":"https:\/\/www.studiogera.de\/001\/wp-json\/wp\/v2\/media?parent=1713"}],"wp:term":[{"taxonomy":"category","embeddable":true,"href":"https:\/\/www.studiogera.de\/001\/wp-json\/wp\/v2\/categories?post=1713"},{"taxonomy":"post_tag","embeddable":true,"href":"https:\/\/www.studiogera.de\/001\/wp-json\/wp\/v2\/tags?post=1713"}],"curies":[{"name":"wp","href":"https:\/\/api.w.org\/{rel}","templated":true}]}}