{"id":17132,"date":"2021-11-23T10:36:52","date_gmt":"2021-11-23T09:36:52","guid":{"rendered":"http:\/\/www.studiogera.de\/001\/?p=17132"},"modified":"2021-11-23T10:36:53","modified_gmt":"2021-11-23T09:36:53","slug":"veranstaltungen-zum-thema-gewalt-an-frauen-und-maedchen","status":"publish","type":"post","link":"https:\/\/www.studiogera.de\/001\/2021\/11\/23\/veranstaltungen-zum-thema-gewalt-an-frauen-und-maedchen\/","title":{"rendered":"VERANSTALTUNGEN ZUM THEMA GEWALT AN FRAUEN UND M\u00c4DCHEN"},"content":{"rendered":"\n<p><em>Eine Videokonferenz und eine \u00f6ffentliche Aktion vor dem Stadtmuseum sollen am 25. November 2021 stattfinden.<\/em><\/p>\n\n\n\n<p>Am Donnerstag, den 25. November 2021, ist der Internationale Tag gegen Gewalt an Frauen. Auf Initiative der Gleichstellungsbeauftragten der Stadt Gera widmet sich die Stadt in der digitalen Fachveranstaltung \u201eH\u00e4usliche Gewalt \u2014 Pr\u00e4vention\u201c ab 16 Uhr diesem Thema. Eingeladen sind die Mitglieder des Jugendhilfeausschusses sowie des Ausschusses f\u00fcr Soziales und Gesundheit, die Regionalgemeinschaft Gleichstellung Ostth\u00fcringen, Studierende der Dualen Hochschule Gera-Eisenach und der SRH Hochschule f\u00fcr Gesundheit, Fachkr\u00e4fte und interessierte B\u00fcrgerinnen und B\u00fcrger. Die Soziologin Dr. Eva Tolasch von der Friedrich-Schiller-Universit\u00e4t Jena und Studienrichtungsleiter der Kinder- und Jugendhilfe, Prof. Dr. Joachim Henseler, geben Einblicke und Hintergrundinformationen zum Thema \u201eH\u00e4usliche Gewalt\u201c, machen auf typische Signale und Verhaltensmuster im Vorfeld einer T\u00e4tigkeit aufmerksam und bieten konkrete Hilfestellungen f\u00fcr Betroffene und Angeh\u00f6rige an. Im Anschluss sind alle Teilnehmer zur Diskussion eingeladen.<\/p>\n\n\n\n<p>\u201eGewalt an Frauen und M\u00e4dchen und die damit eng im Zusammenhang stehende H\u00e4usliche Gewalt geht die gesamte Gesellschaft an, ist aber ein absolutes Tabuthema. Laut der Polizeistatistik \u201aH\u00e4usliche Gewalt\u2018 wurden in Th\u00fcringen im letzten Jahr \u00fcber 2600 Sachverhalte aufgenommen; der Frauenanteil darunter betrug 75 Prozent\u201c, sagte Dr. Lilia Uslowa, Gleichstellungsbeauftragte der Stadt Gera, und erkl\u00e4rte:<\/p>\n\n\n\n<blockquote class=\"wp-block-quote is-layout-flow wp-block-quote-is-layout-flow\"><p>\u201eDas Ziel der Veranstaltung am kommenden Donnerstag ist es daher, das Thema st\u00e4rker ins \u00f6ffentliche Bewusstsein zu r\u00fccken und Pr\u00e4vention zu leisten. Wir m\u00fcssen noch mehr Aufkl\u00e4rung leisten und \u00f6ffentliche Diskussionen anregen. Noch wichtiger ist es, den Betroffenen Schutz zu bieten und zu zeigen, dass sie nicht allein sind. Ich freue mich daher \u00fcber die Unterst\u00fctzung vieler starker Partner am Aktionstag \u201c.<\/p><\/blockquote>\n\n\n\n<p>Im Vorfeld zu dieser Videokonferenz f\u00fchrt das Geraer Netzwerk gegen H\u00e4usliche Gewalt von 11 Uhr bis 13 Uhr eine Mitmach-Aktion am Platz vor dem Stadtmuseum durch. Gemeinsam mit dem Deutschen Gewerkschaftsbund und der Gleichstellungsbeauftragten beteiligt es sich an der bundesweiten Aktion \u201eWir haben die Nase voll von h\u00e4uslicher Gewalt\u201c. Hierbei werden neben \u00f6ffentlichen Reden Taschentuchp\u00e4ckchen mit Informationen zu Schutz- und Beratungsm\u00f6glichkeiten an Passanten verteilt.<\/p>\n\n\n\n<p>Dem Netzwerk \u201eH\u00e4usliche Gewalt\u201c geh\u00f6ren etwa 20 \u00f6ffentliche Einrichtungen, Institutionen und Vereine aus Gera wie das Jugendamt, das Gesundheitsamt, der Wei\u00dfe Ring, der Schlupfwinkel oder die Landespolizeiinspektion Gera an. Das Netzwerk arbeitet aufkl\u00e4rend und pr\u00e4ventiv zu h\u00e4uslicher Gewalt. Die kommunale Vernetzung erm\u00f6glicht eine enge abgestimmte Zusammenarbeit aller Fachstellen und Berufsgruppen in Gera. Dadurch sollen die Opfer von h\u00e4uslicher Gewalt schnell und rechtssicher Schutz und Hilfe erhalten.<\/p>\n\n\n\n<p>Der pers\u00f6nliche Kontakt und die Hilfsangebote des Netzwerkes sind seit Beginn der Corona-Beschr\u00e4nkungen jedoch deutlich erschwert. Da potentiell Gef\u00e4hrdete in Zeiten der Beschr\u00e4nkungen weniger sichtbar waren als zuvor, spricht das Netzwerk von einem gestiegenen Bedarf der Unterst\u00fctzung:<\/p>\n\n\n\n<blockquote class=\"wp-block-quote is-layout-flow wp-block-quote-is-layout-flow\"><p>\u201eIn unseren Gespr\u00e4chen mussten wir feststellen, dass das Erleben von H\u00e4uslicher Gewalt im Zusammenspiel mit der Vielfachbelastung durch Home-Office, Home-Schooling und Haushalt nicht vordergr\u00fcndig als schwerwiegendstes Problem genannt wurde, wenn die Gewalt als leicht oder mittelschwer und als aushaltbar angesehen wurde\u201c.<\/p><\/blockquote>\n\n\n\n<p>Im laufenden Jahr 2021 nahmen bereits knapp 600 Personen die Angebote allein vom Frauenhaus Gera, der Interventionsstelle f\u00fcr Opfer von h\u00e4uslicher Gewalt Gera Saalfeld, der Kinder- und Jugendberatung und vom Kinder- und Jugendschutzdienst Gera im Anspruch.<\/p>\n\n\n\n<p>Interessierte k\u00f6nnen sich unter folgendem Link in die Veranstaltung am 25. November 2021 ab 16 Uhr einw\u00e4hlen:<\/p>\n\n\n\n<p><a href=\"https:\/\/us06web.zoom.us\/j\/87606914544?pwd=SGhRUWtlM29ibWEvSEY4Uld6ZDl6QT09\">https:\/\/us06web.zoom.us\/j\/87606914544?pwd=SGhRUWtlM29ibWEvSEY4Uld6ZDl6QT09<\/a><\/p>\n\n\n\n<p>Meeting-ID: 876 0691 4544<br>Kenncode: 874279<\/p>\n\n\n\n<p>Die Veranstaltung wird von der Landeszentrale f\u00fcr Politische Bildung Th\u00fcringen gef\u00f6rdert. Die technische Umsetzung \u00fcbernimmt das Th\u00fcringer Projekt A4.<\/p>\n\n\n\n<p>QUELLE: STADTVERWALTUNG<\/p>\n","protected":false},"excerpt":{"rendered":"<div class=\"mh-excerpt\"><p>Eine Videokonferenz und eine \u00f6ffentliche Aktion vor dem Stadtmuseum sollen am 25. November 2021 stattfinden. Am Donnerstag, den 25. November 2021, ist der Internationale Tag gegen Gewalt an Frauen. Auf Initiative der Gleichstellungsbeauftragten der Stadt <a class=\"mh-excerpt-more\" href=\"https:\/\/www.studiogera.de\/001\/2021\/11\/23\/veranstaltungen-zum-thema-gewalt-an-frauen-und-maedchen\/\" title=\"VERANSTALTUNGEN ZUM THEMA GEWALT AN FRAUEN UND M\u00c4DCHEN\">[&#8230;]<\/a><\/p>\n<\/div>","protected":false},"author":2,"featured_media":10923,"comment_status":"open","ping_status":"open","sticky":false,"template":"","format":"standard","meta":{"footnotes":""},"categories":[6],"tags":[],"class_list":{"0":"post-17132","1":"post","2":"type-post","3":"status-publish","4":"format-standard","5":"has-post-thumbnail","7":"category-gesellschaft"},"_links":{"self":[{"href":"https:\/\/www.studiogera.de\/001\/wp-json\/wp\/v2\/posts\/17132","targetHints":{"allow":["GET"]}}],"collection":[{"href":"https:\/\/www.studiogera.de\/001\/wp-json\/wp\/v2\/posts"}],"about":[{"href":"https:\/\/www.studiogera.de\/001\/wp-json\/wp\/v2\/types\/post"}],"author":[{"embeddable":true,"href":"https:\/\/www.studiogera.de\/001\/wp-json\/wp\/v2\/users\/2"}],"replies":[{"embeddable":true,"href":"https:\/\/www.studiogera.de\/001\/wp-json\/wp\/v2\/comments?post=17132"}],"version-history":[{"count":1,"href":"https:\/\/www.studiogera.de\/001\/wp-json\/wp\/v2\/posts\/17132\/revisions"}],"predecessor-version":[{"id":17133,"href":"https:\/\/www.studiogera.de\/001\/wp-json\/wp\/v2\/posts\/17132\/revisions\/17133"}],"wp:featuredmedia":[{"embeddable":true,"href":"https:\/\/www.studiogera.de\/001\/wp-json\/wp\/v2\/media\/10923"}],"wp:attachment":[{"href":"https:\/\/www.studiogera.de\/001\/wp-json\/wp\/v2\/media?parent=17132"}],"wp:term":[{"taxonomy":"category","embeddable":true,"href":"https:\/\/www.studiogera.de\/001\/wp-json\/wp\/v2\/categories?post=17132"},{"taxonomy":"post_tag","embeddable":true,"href":"https:\/\/www.studiogera.de\/001\/wp-json\/wp\/v2\/tags?post=17132"}],"curies":[{"name":"wp","href":"https:\/\/api.w.org\/{rel}","templated":true}]}}