{"id":17134,"date":"2021-11-23T10:42:43","date_gmt":"2021-11-23T09:42:43","guid":{"rendered":"http:\/\/www.studiogera.de\/001\/?p=17134"},"modified":"2021-11-23T10:42:45","modified_gmt":"2021-11-23T09:42:45","slug":"absage-dieter-nuhr-tritt-nicht-in-gera-auf","status":"publish","type":"post","link":"https:\/\/www.studiogera.de\/001\/2021\/11\/23\/absage-dieter-nuhr-tritt-nicht-in-gera-auf\/","title":{"rendered":"ABSAGE: DIETER NUHR TRITT NICHT IN GERA AUF"},"content":{"rendered":"\n<p>Aufgrund der neuen Corona-Verordnung\u00a0sind in Th\u00fcringen keine Veranstaltungen mehr m\u00f6glich, die in Innenr\u00e4umen mit mehr als 1000 Besuchern stattfinden. Die Veranstaltung mit Dieter Nuhr, welche f\u00fcr den 23. November 2021 in Gera geplant war, wird deshalb verlegt. Der neue Termin ist Samstag, der 30. April 2022. Die bereits gekauften Eintrittskarten f\u00fcr 2020 und 2021 behalten ihre G\u00fcltigkeit und k\u00f6nnen an den Vorverkaufsstellen, an denen sie gekauft wurden, zur\u00fcckgegeben werden.<\/p>\n","protected":false},"excerpt":{"rendered":"<div class=\"mh-excerpt\"><p>Aufgrund der neuen Corona-Verordnung\u00a0sind in Th\u00fcringen keine Veranstaltungen mehr m\u00f6glich, die in Innenr\u00e4umen mit mehr als 1000 Besuchern stattfinden. Die Veranstaltung mit Dieter Nuhr, welche f\u00fcr den 23. November 2021 in Gera geplant war, wird <a class=\"mh-excerpt-more\" href=\"https:\/\/www.studiogera.de\/001\/2021\/11\/23\/absage-dieter-nuhr-tritt-nicht-in-gera-auf\/\" title=\"ABSAGE: DIETER NUHR TRITT NICHT IN GERA AUF\">[&#8230;]<\/a><\/p>\n<\/div>","protected":false},"author":2,"featured_media":1630,"comment_status":"open","ping_status":"open","sticky":false,"template":"","format":"standard","meta":{"footnotes":""},"categories":[16],"tags":[],"class_list":{"0":"post-17134","1":"post","2":"type-post","3":"status-publish","4":"format-standard","5":"has-post-thumbnail","7":"category-kurzmitteilungen"},"_links":{"self":[{"href":"https:\/\/www.studiogera.de\/001\/wp-json\/wp\/v2\/posts\/17134","targetHints":{"allow":["GET"]}}],"collection":[{"href":"https:\/\/www.studiogera.de\/001\/wp-json\/wp\/v2\/posts"}],"about":[{"href":"https:\/\/www.studiogera.de\/001\/wp-json\/wp\/v2\/types\/post"}],"author":[{"embeddable":true,"href":"https:\/\/www.studiogera.de\/001\/wp-json\/wp\/v2\/users\/2"}],"replies":[{"embeddable":true,"href":"https:\/\/www.studiogera.de\/001\/wp-json\/wp\/v2\/comments?post=17134"}],"version-history":[{"count":1,"href":"https:\/\/www.studiogera.de\/001\/wp-json\/wp\/v2\/posts\/17134\/revisions"}],"predecessor-version":[{"id":17135,"href":"https:\/\/www.studiogera.de\/001\/wp-json\/wp\/v2\/posts\/17134\/revisions\/17135"}],"wp:featuredmedia":[{"embeddable":true,"href":"https:\/\/www.studiogera.de\/001\/wp-json\/wp\/v2\/media\/1630"}],"wp:attachment":[{"href":"https:\/\/www.studiogera.de\/001\/wp-json\/wp\/v2\/media?parent=17134"}],"wp:term":[{"taxonomy":"category","embeddable":true,"href":"https:\/\/www.studiogera.de\/001\/wp-json\/wp\/v2\/categories?post=17134"},{"taxonomy":"post_tag","embeddable":true,"href":"https:\/\/www.studiogera.de\/001\/wp-json\/wp\/v2\/tags?post=17134"}],"curies":[{"name":"wp","href":"https:\/\/api.w.org\/{rel}","templated":true}]}}