{"id":17141,"date":"2021-11-23T10:55:16","date_gmt":"2021-11-23T09:55:16","guid":{"rendered":"http:\/\/www.studiogera.de\/001\/?p=17141"},"modified":"2021-11-23T10:55:17","modified_gmt":"2021-11-23T09:55:17","slug":"museum-erweitert-bestand-an-fossilien-und-mineralien","status":"publish","type":"post","link":"https:\/\/www.studiogera.de\/001\/2021\/11\/23\/museum-erweitert-bestand-an-fossilien-und-mineralien\/","title":{"rendered":"MUSEUM ERWEITERT BESTAND AN FOSSILIEN UND MINERALIEN"},"content":{"rendered":"\n<p>Das Museum f\u00fcr Naturkunde \u00fcbernahm insgesamt 27 ungew\u00f6hnliche und spezielle Mineralien und Fossilien aus Jena und Umgebung f\u00fcr seine geologische Sammlung. Unter anderem enth\u00e4lt der Neuzugang f\u00fcr die Sammlung attraktive Mineralstufen mit gro\u00dfen Dolomitkristallen aus dem Kalksteinbruch in Dorndorf-Steudnitz n\u00f6rdlich von Jena und filigrane Calcit-Sinterbildungen von den Teufelsl\u00f6chern im Jenaer Stadtgebiet. Die Fundst\u00fccke stehen dem Museum dauerhaft zur Ausstellung und zu Forschungszwecken zur Verf\u00fcgung.<\/p>\n\n\n\n<p>Erm\u00f6glicht wurde der Erwerb dieser Kollektion von Mineralien und Fossilien durch eine Spende der Sparkasse Gera-Greiz an den Verein \u201eGeraer Mineralien- und Fossilienfreunde e. V.\u201c. Der urspr\u00fcnglich 1976 gegr\u00fcndete Verein unterst\u00fctzt das Museum bei Fragen rund um die geologische Sammlung. Deshalb wurde auch dieser Sammlungszuwachs von ihm organisiert. \u201eWir freuen uns riesig \u00fcber die finanzielle Unterst\u00fctzung in H\u00f6he von 150,00 Euro der Sparkasse Gera-Greiz f\u00fcr unser Anliegen, mit dem wir wieder eine L\u00fccke in der systematischen Sammlung Ostth\u00fcringer Minerale im Museum schlie\u00dfen k\u00f6nnen\u201c, so Vereinsvorstandsmitglied Christine Berulava. Damit ist der Verein wieder einen Schritt weiter mit seinem Ziel, zuk\u00fcnftig in der st\u00e4ndigen Pr\u00e4sentation Ostth\u00fcringer Mineralien des Museums einen Bereich mit den abwechslungsreichen Funden aus dem Stadtgebiet von Gera und Jena zu schaffen.<\/p>\n\n\n\n<p>QUELLE: STADTVERWALTUNG<\/p>\n","protected":false},"excerpt":{"rendered":"<div class=\"mh-excerpt\"><p>Das Museum f\u00fcr Naturkunde \u00fcbernahm insgesamt 27 ungew\u00f6hnliche und spezielle Mineralien und Fossilien aus Jena und Umgebung f\u00fcr seine geologische Sammlung. Unter anderem enth\u00e4lt der Neuzugang f\u00fcr die Sammlung attraktive Mineralstufen mit gro\u00dfen Dolomitkristallen aus <a class=\"mh-excerpt-more\" href=\"https:\/\/www.studiogera.de\/001\/2021\/11\/23\/museum-erweitert-bestand-an-fossilien-und-mineralien\/\" title=\"MUSEUM ERWEITERT BESTAND AN FOSSILIEN UND MINERALIEN\">[&#8230;]<\/a><\/p>\n<\/div>","protected":false},"author":2,"featured_media":17142,"comment_status":"open","ping_status":"open","sticky":false,"template":"","format":"standard","meta":{"footnotes":""},"categories":[8],"tags":[],"class_list":{"0":"post-17141","1":"post","2":"type-post","3":"status-publish","4":"format-standard","5":"has-post-thumbnail","7":"category-kultur"},"_links":{"self":[{"href":"https:\/\/www.studiogera.de\/001\/wp-json\/wp\/v2\/posts\/17141","targetHints":{"allow":["GET"]}}],"collection":[{"href":"https:\/\/www.studiogera.de\/001\/wp-json\/wp\/v2\/posts"}],"about":[{"href":"https:\/\/www.studiogera.de\/001\/wp-json\/wp\/v2\/types\/post"}],"author":[{"embeddable":true,"href":"https:\/\/www.studiogera.de\/001\/wp-json\/wp\/v2\/users\/2"}],"replies":[{"embeddable":true,"href":"https:\/\/www.studiogera.de\/001\/wp-json\/wp\/v2\/comments?post=17141"}],"version-history":[{"count":1,"href":"https:\/\/www.studiogera.de\/001\/wp-json\/wp\/v2\/posts\/17141\/revisions"}],"predecessor-version":[{"id":17143,"href":"https:\/\/www.studiogera.de\/001\/wp-json\/wp\/v2\/posts\/17141\/revisions\/17143"}],"wp:featuredmedia":[{"embeddable":true,"href":"https:\/\/www.studiogera.de\/001\/wp-json\/wp\/v2\/media\/17142"}],"wp:attachment":[{"href":"https:\/\/www.studiogera.de\/001\/wp-json\/wp\/v2\/media?parent=17141"}],"wp:term":[{"taxonomy":"category","embeddable":true,"href":"https:\/\/www.studiogera.de\/001\/wp-json\/wp\/v2\/categories?post=17141"},{"taxonomy":"post_tag","embeddable":true,"href":"https:\/\/www.studiogera.de\/001\/wp-json\/wp\/v2\/tags?post=17141"}],"curies":[{"name":"wp","href":"https:\/\/api.w.org\/{rel}","templated":true}]}}