{"id":17179,"date":"2021-11-26T22:53:26","date_gmt":"2021-11-26T21:53:26","guid":{"rendered":"http:\/\/www.studiogera.de\/001\/?p=17179"},"modified":"2021-11-26T22:53:27","modified_gmt":"2021-11-26T21:53:27","slug":"treffen-des-netzwerkes-digitale-bildung-in-der-dualen-hochschule","status":"publish","type":"post","link":"https:\/\/www.studiogera.de\/001\/2021\/11\/26\/treffen-des-netzwerkes-digitale-bildung-in-der-dualen-hochschule\/","title":{"rendered":"TREFFEN DES \u201eNETZWERKES DIGITALE BILDUNG\u201c IN DER DUALEN HOCHSCHULE"},"content":{"rendered":"\n<p>Das \u201eNetzwerk digitale Bildung\u201c traf sich am 17. November 2021 im Sch\u00fclerforschungszentrum Gera (SFZ) am Standort der Dualen Hochschule Gera-Eisenach. Die au\u00dferschulische F\u00f6rderung in den Bereichen Mathematik, Informatik, Naturwissenschaften und Technik im Sch\u00fclerforschungszentrum soll das Interesse f\u00fcr technisch-naturwissenschaftliche F\u00e4cher durch eigene Erfahrung bei den Sch\u00fclerinnen und Sch\u00fclern wecken. Dazu biete die Einrichtung mit einem Experimentallabor und \u201eMaker Space\u201c mit 3-D-Drucker Raum f\u00fcr den Austausch der jungen T\u00fcftler und Gr\u00fcbler. Dar\u00fcber hinaus reicht das Angebot von Events und Workshops, Forscherclubs und Wettbewerben bis zur Lehrerweiterbildung; vielfach auch in hybrider Form.<\/p>\n\n\n\n<p>Dr. Frank R\u00fchling, der Leiter des Amtes f\u00fcr Bildung, ist Mitglied in diesem Netzwerk und bedankt sich bei Dr. Thomas Kaiser, dem Leiter des Sch\u00fclerforschungszentrums, f\u00fcr den Blick hinter die Kulissen: \u201eUnser Netzwerk ist noch recht jung. Um Synergien der Netzwerkpartner zu nutzen und auszubauen, ist es wichtig, genau zu wissen, welche M\u00f6glichkeiten in der Stadt bereits vorhanden sind. Der Rundgang durch das Sch\u00fclerforschungszentrum hat eindrucksvoll die technischen Ausstattungen und das fachliche Know-How gezeigt, welche wir in unserer Netzwerkarbeit nutzen k\u00f6nnen\u201c.<\/p>\n\n\n\n<p>Dem \u201eNetzwerk digitale Bildung\u201c geh\u00f6ren rund 20 Vertreter von Bildungsinstitutionen, Vereinen und Unternehmen an; darunter auch die st\u00e4dtischen Einrichtungen wie die Regional- und Stadtbibliothek, die Geraer Volkshochschule \u201eAenne Biermann\u201c und das Amt f\u00fcr Bildung. Ziel des Netzwerks ist der regelm\u00e4\u00dfige zwanglose Austausch zu Themen der digitalen Bildung.<\/p>\n\n\n\n<p>Weitere Interessenten an dem Netzwerk k\u00f6nnen sich beim Amt f\u00fcr Bildung der Stadt Gera unter \u201e<a href=\"mailto:bildung@gera.de\">bildung@gera.de<\/a>\u201c melden.<\/p>\n\n\n\n<p>QUELLE: STADTVERWALTUNG<\/p>\n","protected":false},"excerpt":{"rendered":"<div class=\"mh-excerpt\"><p>Das \u201eNetzwerk digitale Bildung\u201c traf sich am 17. November 2021 im Sch\u00fclerforschungszentrum Gera (SFZ) am Standort der Dualen Hochschule Gera-Eisenach. Die au\u00dferschulische F\u00f6rderung in den Bereichen Mathematik, Informatik, Naturwissenschaften und Technik im Sch\u00fclerforschungszentrum soll das <a class=\"mh-excerpt-more\" href=\"https:\/\/www.studiogera.de\/001\/2021\/11\/26\/treffen-des-netzwerkes-digitale-bildung-in-der-dualen-hochschule\/\" title=\"TREFFEN DES \u201eNETZWERKES DIGITALE BILDUNG\u201c IN DER DUALEN HOCHSCHULE\">[&#8230;]<\/a><\/p>\n<\/div>","protected":false},"author":2,"featured_media":5215,"comment_status":"open","ping_status":"open","sticky":false,"template":"","format":"standard","meta":{"footnotes":""},"categories":[3],"tags":[],"class_list":{"0":"post-17179","1":"post","2":"type-post","3":"status-publish","4":"format-standard","5":"has-post-thumbnail","7":"category-lokal"},"_links":{"self":[{"href":"https:\/\/www.studiogera.de\/001\/wp-json\/wp\/v2\/posts\/17179","targetHints":{"allow":["GET"]}}],"collection":[{"href":"https:\/\/www.studiogera.de\/001\/wp-json\/wp\/v2\/posts"}],"about":[{"href":"https:\/\/www.studiogera.de\/001\/wp-json\/wp\/v2\/types\/post"}],"author":[{"embeddable":true,"href":"https:\/\/www.studiogera.de\/001\/wp-json\/wp\/v2\/users\/2"}],"replies":[{"embeddable":true,"href":"https:\/\/www.studiogera.de\/001\/wp-json\/wp\/v2\/comments?post=17179"}],"version-history":[{"count":1,"href":"https:\/\/www.studiogera.de\/001\/wp-json\/wp\/v2\/posts\/17179\/revisions"}],"predecessor-version":[{"id":17180,"href":"https:\/\/www.studiogera.de\/001\/wp-json\/wp\/v2\/posts\/17179\/revisions\/17180"}],"wp:featuredmedia":[{"embeddable":true,"href":"https:\/\/www.studiogera.de\/001\/wp-json\/wp\/v2\/media\/5215"}],"wp:attachment":[{"href":"https:\/\/www.studiogera.de\/001\/wp-json\/wp\/v2\/media?parent=17179"}],"wp:term":[{"taxonomy":"category","embeddable":true,"href":"https:\/\/www.studiogera.de\/001\/wp-json\/wp\/v2\/categories?post=17179"},{"taxonomy":"post_tag","embeddable":true,"href":"https:\/\/www.studiogera.de\/001\/wp-json\/wp\/v2\/tags?post=17179"}],"curies":[{"name":"wp","href":"https:\/\/api.w.org\/{rel}","templated":true}]}}