{"id":17181,"date":"2021-11-26T23:23:42","date_gmt":"2021-11-26T22:23:42","guid":{"rendered":"http:\/\/www.studiogera.de\/001\/?p=17181"},"modified":"2021-11-26T23:23:43","modified_gmt":"2021-11-26T22:23:43","slug":"weitere-meldungen-zum-thema-corona-3","status":"publish","type":"post","link":"https:\/\/www.studiogera.de\/001\/2021\/11\/26\/weitere-meldungen-zum-thema-corona-3\/","title":{"rendered":"WEITERE MELDUNGEN ZUM THEMA CORONA"},"content":{"rendered":"\n<p>Die Nachfrage nach Impfm\u00f6glichkeiten in der Stadt Gera ist derzeit hoch, teilt die Stadtverwaltung mit. So bilden sich immer samstags lange Warteschlangen an der Impfstelle Bieblach, wenn terminfreies Impfen angeboten wird. Auch in der Stadtverwaltung h\u00e4ufen sich B\u00fcrgeranfragen und B\u00fcrgerbeschwerden bez\u00fcglich fehlender Impfangebote. Der Krisenstab der Stadt wandte sich deshalb mit der dringenden Forderung nach einer zweiten Impfstelle f\u00fcr Gera an die Kassen\u00e4rztliche Vereinigung Th\u00fcringen, die zust\u00e4ndig ist f\u00fcr Organisation und Durchf\u00fchrung von Impfungen im Freistaat.<\/p>\n\n\n\n<p>\u201eImpfen ist der Weg aus der Pandemie \u2014 das wurde und wird in Medien, Politik, von \u00c4rzten und Virologen immer wieder gesagt. Deshalb ist es wichtig, dass B\u00fcrger, die sich impfen lassen wollen, auch schnell und unkompliziert die M\u00f6glichkeit dazu haben. Offensichtlich ist die Nachfrage in Gera momentan so hoch, dass bestehende Kapazit\u00e4ten nicht ausreichen. Eine zweite Impfstelle f\u00fcr die drittgr\u00f6\u00dfte Stadt Th\u00fcringens ist daher aus unserer Sicht dringend erforderlich\u201c, so Krisenstabsleiter Kurt Dannenberg.<\/p>\n\n\n\n<hr class=\"wp-block-separator\" \/>\n\n\n\n<p>Wegen der angespannten Lage erweitert das VS-Testzentrum De-Smit-Stra\u00dfe 34 seine \u00d6ffnungszeiten. Zu den \u00fcblichen \u00d6ffnungszeiten, montags bis freitags zwischen 13 Uhr und 15 Uhr, werden nun auch von 6 Uhr bis 8 Uhr unentgeltliche Testungen ohne Voranmeldung durchgef\u00fchrt.<\/p>\n\n\n\n<hr class=\"wp-block-separator\" \/>\n\n\n\n<p>In geschlossene Sportr\u00e4ume d\u00fcrfen Amateursportler seit dem 26. November 2021 nur noch eintreten, wenn sie als \u201egeimpft\u201c oder \u201egenesen\u201c klassifiziert wurden, und zus\u00e4tzlich den Nachweis \u00fcber ein negatives Testergebnis vorlegen k\u00f6nnen. Diese Vorgabe gilt zun\u00e4chst bis zum 23. Dezember 2021.<\/p>\n\n\n\n<hr class=\"wp-block-separator\" \/>\n\n\n\n<p>Die Th\u00fcringer Polizei wird von nun an die Ausgangssperre f\u00fcr Menschen kontrollieren, die als \u201eungeimpft\u201c klassifiziert wurden. Sie gilt von 22 Uhr bis 5 Uhr. In dieser Zeit ist ihnen das Verlassen der eigenen Wohnst\u00e4tte nur mit triftigem Grund erlaubt. Kontrolliert wird auch die f\u00fcr die Gastronomie geltende Sperrzeit ab 22 Uhr.<\/p>\n","protected":false},"excerpt":{"rendered":"<div class=\"mh-excerpt\"><p>Die Nachfrage nach Impfm\u00f6glichkeiten in der Stadt Gera ist derzeit hoch, teilt die Stadtverwaltung mit. So bilden sich immer samstags lange Warteschlangen an der Impfstelle Bieblach, wenn terminfreies Impfen angeboten wird. Auch in der Stadtverwaltung <a class=\"mh-excerpt-more\" href=\"https:\/\/www.studiogera.de\/001\/2021\/11\/26\/weitere-meldungen-zum-thema-corona-3\/\" title=\"WEITERE MELDUNGEN ZUM THEMA CORONA\">[&#8230;]<\/a><\/p>\n<\/div>","protected":false},"author":2,"featured_media":14677,"comment_status":"open","ping_status":"open","sticky":false,"template":"","format":"standard","meta":{"footnotes":""},"categories":[16],"tags":[],"class_list":{"0":"post-17181","1":"post","2":"type-post","3":"status-publish","4":"format-standard","5":"has-post-thumbnail","7":"category-kurzmitteilungen"},"_links":{"self":[{"href":"https:\/\/www.studiogera.de\/001\/wp-json\/wp\/v2\/posts\/17181","targetHints":{"allow":["GET"]}}],"collection":[{"href":"https:\/\/www.studiogera.de\/001\/wp-json\/wp\/v2\/posts"}],"about":[{"href":"https:\/\/www.studiogera.de\/001\/wp-json\/wp\/v2\/types\/post"}],"author":[{"embeddable":true,"href":"https:\/\/www.studiogera.de\/001\/wp-json\/wp\/v2\/users\/2"}],"replies":[{"embeddable":true,"href":"https:\/\/www.studiogera.de\/001\/wp-json\/wp\/v2\/comments?post=17181"}],"version-history":[{"count":1,"href":"https:\/\/www.studiogera.de\/001\/wp-json\/wp\/v2\/posts\/17181\/revisions"}],"predecessor-version":[{"id":17182,"href":"https:\/\/www.studiogera.de\/001\/wp-json\/wp\/v2\/posts\/17181\/revisions\/17182"}],"wp:featuredmedia":[{"embeddable":true,"href":"https:\/\/www.studiogera.de\/001\/wp-json\/wp\/v2\/media\/14677"}],"wp:attachment":[{"href":"https:\/\/www.studiogera.de\/001\/wp-json\/wp\/v2\/media?parent=17181"}],"wp:term":[{"taxonomy":"category","embeddable":true,"href":"https:\/\/www.studiogera.de\/001\/wp-json\/wp\/v2\/categories?post=17181"},{"taxonomy":"post_tag","embeddable":true,"href":"https:\/\/www.studiogera.de\/001\/wp-json\/wp\/v2\/tags?post=17181"}],"curies":[{"name":"wp","href":"https:\/\/api.w.org\/{rel}","templated":true}]}}