{"id":17261,"date":"2021-12-07T11:55:51","date_gmt":"2021-12-07T10:55:51","guid":{"rendered":"http:\/\/www.studiogera.de\/001\/?p=17261"},"modified":"2021-12-07T11:55:53","modified_gmt":"2021-12-07T10:55:53","slug":"weitere-meldungen-zu-den-themen-corona-und-impfen-2","status":"publish","type":"post","link":"https:\/\/www.studiogera.de\/001\/2021\/12\/07\/weitere-meldungen-zu-den-themen-corona-und-impfen-2\/","title":{"rendered":"WEITERE MELDUNGEN ZU DEN THEMEN CORONA UND IMPFEN"},"content":{"rendered":"\n<p>Nach Ansicht des designierten Gesundheitsministers Karl Lauterbach wird die Pandemie l\u00e4nger dauern als gedacht. Auch k\u00fcndigte er am 6. Dezember 2021 an, das Gesundheitssystem auf weitere Pandemien vorbereiten zu wollen. Noch am 16. Juni 2019 hatte er gegen\u00fcber der Mainpost ge\u00e4u\u00dfert: \u201eWir haben schlicht zu viele Krankenh\u00e4user!\u201c Gegenw\u00e4rtig ist die Kapazit\u00e4t des Gesundheitssystems ma\u00dfgebend f\u00fcr die Einschr\u00e4nkungen.<\/p>\n\n\n\n<p>Die in der EU bedingt zugelassenen Impfstoffe gegen Covid-19 k\u00f6nnen auch im kommenden Jahr angewandt werden. Die Hersteller reichten den j\u00e4hrlichen Verl\u00e4ngerungsantrag gem\u00e4\u00df den gesetzlichen Anforderungen bei der EMA ein. Anschlie\u00dfend gab die EU-Kommission nach einer Bewertung die Verl\u00e4ngerung der bedingten Zulassung bekannt. F\u00fcr Spikevax wurde diese ausgegeben am 4. Oktober 2021, f\u00fcr Comirnaty und Vaxzevria am 3. bzw. 9. November 2021. Die j\u00e4hrliche Erneuerungsbewertung des Produkts Janssen ist noch nicht abgeschlossen. Bedingte Zulassungen sind ein Jahr lang g\u00fcltig und k\u00f6nnen j\u00e4hrlich erneuert werden. Die Gentechnik-Produkte wurden als Impfung deklariert, um eine strengere gesetzliche Regulierung und hohe Zulassungsh\u00fcrden zu umgehen.<\/p>\n\n\n\n<p>In Deutschland haben mehr als 1 % der gesamten Einwohner ein positives Testergebnis. Das geht aus der Bundespressekonferenz vom 3. Dezember 2021 hervor.<\/p>\n","protected":false},"excerpt":{"rendered":"<div class=\"mh-excerpt\"><p>Nach Ansicht des designierten Gesundheitsministers Karl Lauterbach wird die Pandemie l\u00e4nger dauern als gedacht. Auch k\u00fcndigte er am 6. Dezember 2021 an, das Gesundheitssystem auf weitere Pandemien vorbereiten zu wollen. Noch am 16. Juni 2019 <a class=\"mh-excerpt-more\" href=\"https:\/\/www.studiogera.de\/001\/2021\/12\/07\/weitere-meldungen-zu-den-themen-corona-und-impfen-2\/\" title=\"WEITERE MELDUNGEN ZU DEN THEMEN CORONA UND IMPFEN\">[&#8230;]<\/a><\/p>\n<\/div>","protected":false},"author":2,"featured_media":14677,"comment_status":"open","ping_status":"open","sticky":false,"template":"","format":"standard","meta":{"footnotes":""},"categories":[16],"tags":[],"class_list":{"0":"post-17261","1":"post","2":"type-post","3":"status-publish","4":"format-standard","5":"has-post-thumbnail","7":"category-kurzmitteilungen"},"_links":{"self":[{"href":"https:\/\/www.studiogera.de\/001\/wp-json\/wp\/v2\/posts\/17261","targetHints":{"allow":["GET"]}}],"collection":[{"href":"https:\/\/www.studiogera.de\/001\/wp-json\/wp\/v2\/posts"}],"about":[{"href":"https:\/\/www.studiogera.de\/001\/wp-json\/wp\/v2\/types\/post"}],"author":[{"embeddable":true,"href":"https:\/\/www.studiogera.de\/001\/wp-json\/wp\/v2\/users\/2"}],"replies":[{"embeddable":true,"href":"https:\/\/www.studiogera.de\/001\/wp-json\/wp\/v2\/comments?post=17261"}],"version-history":[{"count":1,"href":"https:\/\/www.studiogera.de\/001\/wp-json\/wp\/v2\/posts\/17261\/revisions"}],"predecessor-version":[{"id":17262,"href":"https:\/\/www.studiogera.de\/001\/wp-json\/wp\/v2\/posts\/17261\/revisions\/17262"}],"wp:featuredmedia":[{"embeddable":true,"href":"https:\/\/www.studiogera.de\/001\/wp-json\/wp\/v2\/media\/14677"}],"wp:attachment":[{"href":"https:\/\/www.studiogera.de\/001\/wp-json\/wp\/v2\/media?parent=17261"}],"wp:term":[{"taxonomy":"category","embeddable":true,"href":"https:\/\/www.studiogera.de\/001\/wp-json\/wp\/v2\/categories?post=17261"},{"taxonomy":"post_tag","embeddable":true,"href":"https:\/\/www.studiogera.de\/001\/wp-json\/wp\/v2\/tags?post=17261"}],"curies":[{"name":"wp","href":"https:\/\/api.w.org\/{rel}","templated":true}]}}