{"id":17318,"date":"2021-12-19T15:32:40","date_gmt":"2021-12-19T14:32:40","guid":{"rendered":"http:\/\/www.studiogera.de\/001\/?p=17318"},"modified":"2021-12-19T15:32:41","modified_gmt":"2021-12-19T14:32:41","slug":"impfpflicht-wie-weit-dreht-sich-die-eskalationsspirale","status":"publish","type":"post","link":"https:\/\/www.studiogera.de\/001\/2021\/12\/19\/impfpflicht-wie-weit-dreht-sich-die-eskalationsspirale\/","title":{"rendered":"IMPFPFLICHT \u2014 WIE WEIT DREHT SICH DIE ESKALATIONSSPIRALE?"},"content":{"rendered":"\n<p>Neuesten Umfragen zufolge bef\u00fcrwortet die Mehrheit sowohl eine Impfpflicht als auch restriktivere Ma\u00dfnahmen. Allerdings \u00fcbersteigt die anvisierte Impfquote deutlich die Zahl der Freiwilligen. Nicht die Mehrheit, aber ein beachtlicher Teil der Gesellschaft setzt sich immer energischer zur Wehr. Damit erreicht der Eskalationsprozess seine n\u00e4chste Stufe. Wie l\u00e4sst sich der weitere Verlauf einsch\u00e4tzen? Die hier dargestellten Stufen gehen zur\u00fcck auf den \u00d6konomen und Konfliktforscher Friedrich Glasl.<\/p>\n\n\n\n<p><strong>Stufe I: Spannung und Verh\u00e4rtung<\/strong><br>Die unterschiedlichen Meinungen verfestigen sich und treffen aufeinander.<\/p>\n\n\n\n<p><strong>Stufe II: Wortgefechte<\/strong><br>Die Konfliktparteien schaffen Strategien, um den jeweils anderen zu \u00fcberzeugen.<\/p>\n\n\n\n<p><strong>Stufe III: Taten statt Worte<\/strong><br>Der Druck auf den jeweils anderen Konfliktpartner wird erh\u00f6ht, um die eigene Meinung durchzusetzen. Meinungsverschiedenheiten m\u00fcnden in Taten.<\/p>\n\n\n\n<p><strong>Stufe IV: Gruppenbildung<\/strong><br>Es werden Sympathisanten gesucht, welche die eigenen Positionen teilen, um den Gegner anzugehen.<\/p>\n\n\n\n<p><strong>Stufe V: gezielte Eskalation und Gesichtsverlust<\/strong><br>Man versucht, den Gegner in seiner Identit\u00e4t zu vernichten. Gearbeitet wird mit Unterstellungen. Das Ziel ist es, einen Vertrauensverlust herbeizuf\u00fchren. Eine Konfliktpartei verliert ihr Gesicht und damit die moralische Glaubw\u00fcrdigkeit.<\/p>\n\n\n\n<p><strong>Stufe VI: offene Drohungen<\/strong><br>Mit Drohungen und Sanktionen treffen die Konfliktparteien aufeinander.<\/p>\n\n\n\n<p><strong>Stufe VII: Angriffe<\/strong><br>Dem Gegner soll erheblicher Schaden zugef\u00fcgt werden. Er wird nicht mehr als Mensch wahrgenommen.<\/p>\n\n\n\n<p><strong>Stufe VIII: Zersplitterung<\/strong><br>Das dem Gegner unterst\u00fctzende System soll zerst\u00f6rt werden.<\/p>\n\n\n\n<p><strong>Stufe IX: Vernichtung<\/strong><br>Der Gegner soll besiegt werden, auch unter dem Risiko der eigenen Zerst\u00f6rung.<\/p>\n\n\n\n<p>Vermutlich ist dieser Eskalationsprozess wiederum Teil eines gr\u00f6\u00dferen gesellschaftlichen Umbruchs, der ebenfalls in Phasen abzulaufen scheint. Dabei verwandelt sich die vom wirtschaftlichen Wohlstand getragene Demokratie in eine neue Form des Zusammenlebens, bei der von der individuellen Freiheit Abstand genommen und das Wohl der Gemeinschaft als Ziel proklamiert wird. Die in der Eskalationsstufe IX besiegte Gruppe wird aus dieser Gemeinschaft verbannt.<\/p>\n\n\n\n<p>Bezogen auf die gegenw\u00e4rtige Situation k\u00f6nnte man zun\u00e4chst annehmen, dass Menschen, welche die Beschr\u00e4nkungen und Ma\u00dfgaben ablehnen, nach dem Durchlaufen der Eskalationsstufen zur ausgegrenzten Gruppe geh\u00f6ren. Es muss jedoch ein entscheidender Faktor ber\u00fccksichtigt werden: Der gesellschaftlichen Mehrheit, welche sich gegenw\u00e4rtig in Verzicht \u00fcbt, wird keine positive Zukunftsvision angeboten.<\/p>\n\n\n\n<p>Somit fehlt eine wichtige Voraussetzung, um die Mehrheit dauerhaft mitzunehmen. In einer Einschr\u00e4nkungsphase muss eine Vision etwas vermitteln, das deutlich besser ist als der Zustand davor und es lohnenswert macht, ung\u00fcnstige Bedingungen vor\u00fcbergehend hinzunehmen. Angeboten wird aber noch weniger die R\u00fcckgabe zuvor genommener Rechte. Denn diese sollen de facto mit einem Ablaufdatum versehen werden, und die Verl\u00e4ngerung setzt einen invasiven Eingriff, eine Injektion voraus. Durch den geplanten Verfall des Impfstatus, und damit der Teilnahmerechte im gesellschaftlichen und wirtschaftlichen Miteinander, werden in naher Zukunft fortlaufend neue Kritiker geschaffen.<\/p>\n\n\n\n<p>Auszugehen ist hier im konkreten Fall von weiter wachsenden Spannungen und einer zunehmenden Ereignisdichte. Da der Aufwand f\u00fcr das Impfen, die Kontrollmechanismen und die gleichzeitige Auseinandersetzung mit den Kritikern immer mehr Ressourcen in Anspruch nimmt, die Kosten immer weiter steigen und ein Gegenwert fehlt, kann davon ausgegangen werden, dass diese Phase nicht von langer Dauer sein wird und in einen disruptiven Umbruch m\u00fcndet.<\/p>\n","protected":false},"excerpt":{"rendered":"<div class=\"mh-excerpt\"><p>Neuesten Umfragen zufolge bef\u00fcrwortet die Mehrheit sowohl eine Impfpflicht als auch restriktivere Ma\u00dfnahmen. Allerdings \u00fcbersteigt die anvisierte Impfquote deutlich die Zahl der Freiwilligen. Nicht die Mehrheit, aber ein beachtlicher Teil der Gesellschaft setzt sich immer <a class=\"mh-excerpt-more\" href=\"https:\/\/www.studiogera.de\/001\/2021\/12\/19\/impfpflicht-wie-weit-dreht-sich-die-eskalationsspirale\/\" title=\"IMPFPFLICHT \u2014 WIE WEIT DREHT SICH DIE ESKALATIONSSPIRALE?\">[&#8230;]<\/a><\/p>\n<\/div>","protected":false},"author":2,"featured_media":17331,"comment_status":"open","ping_status":"open","sticky":false,"template":"","format":"standard","meta":{"footnotes":""},"categories":[6],"tags":[],"class_list":{"0":"post-17318","1":"post","2":"type-post","3":"status-publish","4":"format-standard","5":"has-post-thumbnail","7":"category-gesellschaft"},"_links":{"self":[{"href":"https:\/\/www.studiogera.de\/001\/wp-json\/wp\/v2\/posts\/17318","targetHints":{"allow":["GET"]}}],"collection":[{"href":"https:\/\/www.studiogera.de\/001\/wp-json\/wp\/v2\/posts"}],"about":[{"href":"https:\/\/www.studiogera.de\/001\/wp-json\/wp\/v2\/types\/post"}],"author":[{"embeddable":true,"href":"https:\/\/www.studiogera.de\/001\/wp-json\/wp\/v2\/users\/2"}],"replies":[{"embeddable":true,"href":"https:\/\/www.studiogera.de\/001\/wp-json\/wp\/v2\/comments?post=17318"}],"version-history":[{"count":9,"href":"https:\/\/www.studiogera.de\/001\/wp-json\/wp\/v2\/posts\/17318\/revisions"}],"predecessor-version":[{"id":17333,"href":"https:\/\/www.studiogera.de\/001\/wp-json\/wp\/v2\/posts\/17318\/revisions\/17333"}],"wp:featuredmedia":[{"embeddable":true,"href":"https:\/\/www.studiogera.de\/001\/wp-json\/wp\/v2\/media\/17331"}],"wp:attachment":[{"href":"https:\/\/www.studiogera.de\/001\/wp-json\/wp\/v2\/media?parent=17318"}],"wp:term":[{"taxonomy":"category","embeddable":true,"href":"https:\/\/www.studiogera.de\/001\/wp-json\/wp\/v2\/categories?post=17318"},{"taxonomy":"post_tag","embeddable":true,"href":"https:\/\/www.studiogera.de\/001\/wp-json\/wp\/v2\/tags?post=17318"}],"curies":[{"name":"wp","href":"https:\/\/api.w.org\/{rel}","templated":true}]}}