{"id":17378,"date":"2021-12-21T12:59:23","date_gmt":"2021-12-21T11:59:23","guid":{"rendered":"http:\/\/www.studiogera.de\/001\/?p=17378"},"modified":"2021-12-21T12:59:25","modified_gmt":"2021-12-21T11:59:25","slug":"welche-plaene-gibt-es-fuer-das-kulturjahr-2022","status":"publish","type":"post","link":"https:\/\/www.studiogera.de\/001\/2021\/12\/21\/welche-plaene-gibt-es-fuer-das-kulturjahr-2022\/","title":{"rendered":"WELCHE PL\u00c4NE GIBT ES F\u00dcR DAS KULTURJAHR 2022?"},"content":{"rendered":"\n<p>Die Geschichte der Kulturtage soll 2022 fortgeschrieben werden; die Planungen sind bereits aufgenommen. Auch die sehr gut angenommenen Couchkonzerte und das Sommernachtskino sollen weitergef\u00fchrt werden. Fest steht, auch der Poetry Slam wird im kommenden Jahr wieder regionalen und \u00fcberregionalen kreativen K\u00f6pfen eine Stimme geben. Das Veranstaltungshaus \u201eComma\u201c k\u00fcndigt das Youtube-Festival \u201eMeet &amp; Greet\u201c als neue Veranstaltungsreihe f\u00fcr Kreative an. Au\u00dferdem wird das Kultur- und Kongresszentrum namhafte K\u00fcnstler wie z. B. Olaf Schubert, Karat, Otto, Jimmy Kelly, Chris Tall, Dieter Nuhr und J\u00fcrgen von der Lippe pr\u00e4sentieren.<\/p>\n\n\n\n<p>Der \u00fcberregional bekannte Geraer T\u00f6pfermarkt geht im Mai 2022 in die 13. Runde. Vorgesehen ist eine Durchf\u00fchrung am 28. und 29. Mai in der Zeit von 10 Uhr bis 18 Uhr. Geplant sind zudem auch wieder die 23. Museumsnacht im August, das Tierpark- und Dahlienfest im September und das Geraer H\u00f6hlerfest im Oktober. Gro\u00dfe Hoffnung liegt zudem auf der Durchf\u00fchrung des Hofwiesenparkfestes vom 29. April bis 1. Mai 2022, und des Geraer Weihnachtsmarktes mit den beliebten M\u00e4rchenfiguren im Dezember.<\/p>\n\n\n\n<p>Auch die Museen befinden sich mit der Ausstellungsplanung f\u00fcr 2022 bereits in der finalen Phase. Als H\u00f6hepunkte sind bereits \u201eLa Boh\u00e8me. Toulouse-Lautrec und die Meister vom Montmatre\u201c ab M\u00e4rz, \u201eLines out \u2014 Zeitgen\u00f6ssische Zeichenkunst\u201c ab April, \u201eDix und die Metaphorik der Landschaft\u201c ab April, \u201ePerlen der Klassischen Moderne. Von Paul Gauguin bis Paul Klee\u201c ab Oktober und das Variet\u00e9 \u201eAlles muss ich sehen\u201c anl\u00e4sslich des 130. Geburtstages von Otto Dix zu nennen.<\/p>\n\n\n\n<p>\u00dcber die Veranstaltungsplanung hinaus entsteht derzeit das Nutzungskonzept f\u00fcr das Kultur- und Kongresszentrum, welches 2022 finalisiert werden soll.<\/p>\n","protected":false},"excerpt":{"rendered":"<div class=\"mh-excerpt\"><p>Die Geschichte der Kulturtage soll 2022 fortgeschrieben werden; die Planungen sind bereits aufgenommen. Auch die sehr gut angenommenen Couchkonzerte und das Sommernachtskino sollen weitergef\u00fchrt werden. Fest steht, auch der Poetry Slam wird im kommenden Jahr <a class=\"mh-excerpt-more\" href=\"https:\/\/www.studiogera.de\/001\/2021\/12\/21\/welche-plaene-gibt-es-fuer-das-kulturjahr-2022\/\" title=\"WELCHE PL\u00c4NE GIBT ES F\u00dcR DAS KULTURJAHR 2022?\">[&#8230;]<\/a><\/p>\n<\/div>","protected":false},"author":2,"featured_media":15938,"comment_status":"open","ping_status":"open","sticky":false,"template":"","format":"standard","meta":{"footnotes":""},"categories":[8],"tags":[],"class_list":{"0":"post-17378","1":"post","2":"type-post","3":"status-publish","4":"format-standard","5":"has-post-thumbnail","7":"category-kultur"},"_links":{"self":[{"href":"https:\/\/www.studiogera.de\/001\/wp-json\/wp\/v2\/posts\/17378","targetHints":{"allow":["GET"]}}],"collection":[{"href":"https:\/\/www.studiogera.de\/001\/wp-json\/wp\/v2\/posts"}],"about":[{"href":"https:\/\/www.studiogera.de\/001\/wp-json\/wp\/v2\/types\/post"}],"author":[{"embeddable":true,"href":"https:\/\/www.studiogera.de\/001\/wp-json\/wp\/v2\/users\/2"}],"replies":[{"embeddable":true,"href":"https:\/\/www.studiogera.de\/001\/wp-json\/wp\/v2\/comments?post=17378"}],"version-history":[{"count":1,"href":"https:\/\/www.studiogera.de\/001\/wp-json\/wp\/v2\/posts\/17378\/revisions"}],"predecessor-version":[{"id":17379,"href":"https:\/\/www.studiogera.de\/001\/wp-json\/wp\/v2\/posts\/17378\/revisions\/17379"}],"wp:featuredmedia":[{"embeddable":true,"href":"https:\/\/www.studiogera.de\/001\/wp-json\/wp\/v2\/media\/15938"}],"wp:attachment":[{"href":"https:\/\/www.studiogera.de\/001\/wp-json\/wp\/v2\/media?parent=17378"}],"wp:term":[{"taxonomy":"category","embeddable":true,"href":"https:\/\/www.studiogera.de\/001\/wp-json\/wp\/v2\/categories?post=17378"},{"taxonomy":"post_tag","embeddable":true,"href":"https:\/\/www.studiogera.de\/001\/wp-json\/wp\/v2\/tags?post=17378"}],"curies":[{"name":"wp","href":"https:\/\/api.w.org\/{rel}","templated":true}]}}