{"id":17380,"date":"2021-12-21T13:42:27","date_gmt":"2021-12-21T12:42:27","guid":{"rendered":"http:\/\/www.studiogera.de\/001\/?p=17380"},"modified":"2021-12-21T14:03:44","modified_gmt":"2021-12-21T13:03:44","slug":"weitere-meldungen-aus-gera-18","status":"publish","type":"post","link":"https:\/\/www.studiogera.de\/001\/2021\/12\/21\/weitere-meldungen-aus-gera-18\/","title":{"rendered":"WEITERE MELDUNGEN AUS GERA"},"content":{"rendered":"\n<p>Am Donnerstag, den 16. Dezember 2021, wurde Monika Jorzik offiziell von Oberb\u00fcrgermeister Julian Vonarb und Sandra Wanzar, Dezernentin f\u00fcr Jugend und Soziales, verabschiedet. Seit 2014 war sie die Leiterin des Amtes f\u00fcr Gesundheit und Versorgung. Insgesamt hat sie 29 Jahre f\u00fcr die Stadtverwaltung gearbeitet.<\/p>\n\n\n\n<p>\u201eDie Stadt hat Frau Jorzik viel zu verdanken. Die Pandemie war mit Sicherheit die gr\u00f6\u00dfte Herausforderung in ihrer beruflichen Karriere. Fachlich und menschlich hat sie das Gesundheitsamt und damit all\u2018 unsere B\u00fcrgerinnen und B\u00fcrger h\u00f6chst kompetent und strukturiert durch die bisherige Krise gef\u00fchrt\u201c, w\u00fcrdigte Oberb\u00fcrgermeister Julian Vonarb ihre Arbeit. \u201eIn dieser Zeit wurde sie mit Sicherheit nicht um ihre Arbeit beneidet. Frau Jorzik hat sich dennoch nie aus der Ruhe bringen lassen. Ihre Empfehlungen und Entscheidungen waren durchweg l\u00f6sungsorientiert und fu\u00dften stets auf sachlichen Grundlagen; beim Thema Corona kein leichtes Unterfangen.\u201c<\/p>\n\n\n\n<p>Die Mitarbeiter sch\u00e4tzten insbesondere die ehrliche, authentische und optimistische Art von Frau Jorzik sowie ihren hohen Anspruch, sich auch selbst in allen Fachthemen wie dem Infektionsschutz, der Hygiene\u00fcberwachung, dem kinder- und jugend\u00e4rztlichen und zahn\u00e4rztlichen Dienst, dem sozialpsychiatrischen Dienst oder dem Schwerbehindertenrecht auszukennen. \u201eFrau Jorzik steckte tief in der breit gef\u00e4cherten Materie des \u00d6ffentlichen Gesundheitsdienstes und war nicht nur strategisch, sondern auch menschlich ein absoluter Gewinn f\u00fcr das Dezernat Jugend und Soziales, zu dem das Amt f\u00fcr Gesundheit und Versorgung geh\u00f6rt\u201c, f\u00fchrt Frau Wanzar aus. \u201eAuch wenn ich mich nat\u00fcrlich pers\u00f6nlich f\u00fcr sie freue, dass jetzt ein neuer, sehr sch\u00f6ner Lebensabschnitt auf sie wartet \u2014 sie wird uns fehlen\u201c, so Frau Wanzar.\u00a0<\/p>\n\n\n\n<p>Frau Jorzik erinnerte sich im R\u00fcckblick noch genau an ihren Start im Gesundheitsamt: \u201eMeine erste Aufgabe war es, einen Pandemieplan zu erarbeiten. Die Definition einer Pandemie war 2014 noch sehr theoretisch und so gar nicht praktisch. Es ist daher schon etwas kurios, wie einnehmend und fordernd diese Arbeit jetzt als \u201aDauerschleife\u2018 ist und von allen handelnden Akteuren und von den Menschen \u00fcberhaupt sehr viel Wissen, Engagement, Vertrauen und Verst\u00e4ndnis abverlangt\u201c, bilanziert Monika Jorzik. Neben der derzeit \u00fcberlagernden Corona-Pandemie, war die Gesundheitsf\u00f6rderung ein wesentliches Thema, welches sie ma\u00dfgeblich initiiert und im \u00d6ffentlichen Gesundheitsdienst voran gebracht hat. Hier wurden in den vergangenen Jahren unter ihrer Federf\u00fchrung ein enges Netzwerk mit regionalen Partnern aufgebaut, zahlreiche Pr\u00e4ventionsprojekte umgesetzt und mittlerweile fest etabliert. Vor ihrer T\u00e4tigkeit im Amt f\u00fcr Gesundheit und Versorgung war Monika Jorzik im Haupt- und Personalamt t\u00e4tig, davon 18 Jahre als Leiterin des Amtes. Dort setzte sie in den 90er Jahren fundamentale Umstrukturierungen der Verwaltung um. Es war die Zeit, in der viele Aufgaben an Dritte vergeben wurden, um Personalkosten einzusparen und ein Gro\u00dfteil der Arbeitsvertr\u00e4ge und&nbsp; Entgeltberechnungen vom BAT-Ost in den TV\u00f6D \u00fcberf\u00fchrt wurden.<\/p>\n\n\n\n<p>Im Fokus ihrer gesamten Laufbahn in der Stadtverwaltung lag stets die Geraer Bev\u00f6lkerung: \u201eWir \u00fcben alle unsere T\u00e4tigkeit nicht zum Selbstzweck, sondern f\u00fcr die chancengerechte Gestaltung des sozialen Zusammenlebens aller B\u00fcrgerinnen und B\u00fcrger der Stadt aus\u201c. Besonders sch\u00e4tzte sie in diesem Zusammenhang die fach\u00fcbergreifende Zusammenarbeit innerhalb der Stadtverwaltung als auch zu den externen Netzwerkpartnern. \u201eMeine Arbeit war immer vielseitig und alles andere als langweilig. Und, was ich auch immer wieder in meinem Berufsleben erfahren habe, es gab nichts, was es nicht gab\u201c, fasst Monika Jorzik ihre T\u00e4tigkeit in der Stadtverwaltung zusammen. Jetzt freue sie sich aber erst einmal auf viel aktive Freizeit in der Natur und mit der Familie. Ab dem 1. Januar 2022 \u00fcbernimmt\u00a0 Monique Heinze \u00fcbergangsweise die Amtsleiterstelle in Kooperation mit dem Amtsarzt Matthias Albert. Die Ausschreibung f\u00fcr die Stelle einer Amts\u00e4rztin oder eines Amtsarzt als Leitung des Amtes f\u00fcr Gesundheit und Versorgung ist noch aktuell.<\/p>\n\n\n\n<hr class=\"wp-block-separator\" \/>\n\n\n\n<p>Am Montag, den 20. Dezember 2021, \u00fcbergaben Oberb\u00fcrgermeister Julian Vonarb und Claudius Oleszak, Leiter f\u00fcr Immobilienmanagement der TAG Wohnen &amp; Service GmbH, zum dritten Mal den Preis \u201eDie Wirtschaft dankt dem Ehrenamt\u201c. In diesem Jahr ging die Ehrung f\u00fcr ehrenamtliches Engagement in Gera an Karin Schumann. Die Geraerin engagiert sich unentgeltlich im Verein zur nachhaltigen F\u00f6rderung der Idee der Bundesgartenschau Gera-Ronneburg 2007 e. V. sowie dem Verein Heimat Region Gera. Diese tragen einerseits einen gro\u00dfen Teil zur Versch\u00f6nerung der Stadt bei, f\u00f6rdern andererseits auch Geras Kunst und Kultur. Au\u00dferdem ist Karin Schumann Vorstandvorsitzende des Vereins G\u00e4stef\u00fchrer Region Gera e. V., der sich daf\u00fcr einsetzt, Gera f\u00fcr Touristen und Interessierte mit F\u00fchrungen erlebbar zu machen.<\/p>\n\n\n\n<p>Oberb\u00fcrgermeister Julian Vonarb ist dankbar f\u00fcr das ehrenamtliche Engagement in Gera: \u201eMir ist es wichtig, engagierten B\u00fcrgerinnen und B\u00fcrgern f\u00fcr ihre uneigenn\u00fctzigen Eins\u00e4tze und Leistungen zu danken. Ehrenamtlich T\u00e4tige sind f\u00fcr Gera elementar wichtig, denn sie setzen sich mit ihrer Zeit, ihrem K\u00f6nnen und ihrer Kraft f\u00fcr das Gemeinwohl, die Attraktivit\u00e4t und den Imagegewinn unserer Stadt ein. Stellvertretend f\u00fcr die zahlreichen Menschen, die in Gera ehrenamtlich in Vereinen, Organisationen, Selbsthilfegruppen und Projekten aktiv sind, erh\u00e4lt Frau Schumann den Preis \u201eDie Wirtschaft dankt dem Ehrenamt\u201c. Die Geraerin z\u00e4hlt zu den aktivsten Ehrenamtlerinnen unserer Stadt und beweist damit t\u00e4glich, wie stark ihr Herz f\u00fcr Gera schl\u00e4gt.\u201c<\/p>\n\n\n\n<p>Der Preis \u201eDie Wirtschaft dankt dem Ehrenamt\u201c ist eine gemeinsame Aktion der Geraer Ehrenamtszentrale sowie der TAG Wohnen &amp; Service GmbH, die das diesj\u00e4hrige Preisgeld in H\u00f6he von 250 Euro stifteten.<\/p>\n\n\n\n<hr class=\"wp-block-separator\" \/>\n\n\n\n<p>Der Tierpark freut sich \u00fcber neue Besch\u00e4ftigungsm\u00f6glichkeiten f\u00fcr seine Luchse. Dank einer Spende der POG Pr\u00e4zisionsoptik Gera GmbH in H\u00f6he von 2500 Euro gibt es f\u00fcr Finn und Max bald noch mehr Abwechslung im Tierpark-Alltag.<\/p>\n\n\n\n<p>Dr. Weise zufolge ist ein Teil der Gelder f\u00fcr Ger\u00e4te und entsprechende Materialien gedacht, die das Erobern des Futters f\u00fcr die Luchse spannender und schwieriger gestalten sowie Geruchs- und Ger\u00e4uschstimulation f\u00f6rdern. So sollen f\u00fcr die Tiere verschiedene Baumaterialien sowie Gew\u00fcrze und vielf\u00e4ltige Nahrungsmittel erworben werden, die in speziellen Ger\u00e4ten oder Spielzeugen f\u00fcr Abwechslung sorgen.<\/p>\n\n\n\n<p>\u201eDie Stimulation aller sensorischen Sinne von Wildtieren in Gefangenschaft dient dazu, m\u00f6glichst artgetreu Herausforderungen und Anreize zur Bewegung zu schaffen. Gleichzeitig ist es wichtig, die Gehege so zu gestalten, dass die Tiere in ihrer unmittelbaren Umgebung immer wieder Neues entdecken k\u00f6nnen. Hinzu kommt, dass wir auch regelm\u00e4\u00dfig spezielle Nahrungsanreicherung wie Mineralstoffe, Spurenelemente und Vitamine zukaufen, um eine vollausgewogene, gesunde Ern\u00e4hrung der Tiere zu gew\u00e4hrleisten\u201c, erkl\u00e4rt der Tierparkleiter. So werde bei Raubtieren wie den Luchsen das Futter beispielweise in speziellen Boxen oder S\u00e4cken verpackt, damit sich die Tiere mit ihrer \u201eBeute\u201c besch\u00e4ftigen und auseinandersetzen m\u00fcssen. Eine weitere M\u00f6glichkeit ist die Simulation mit Ger\u00fcchen, etwa indem Gew\u00fcrze im Gehege verstreut oder spezielle D\u00fcfte verspr\u00fcht werden. Raubtiere besetzen in freier Wildbahn eigene Reviere, die sie markieren. Zudem kommunizieren sie verschiedene Botschaften \u00fcber chemische Signale. Schlie\u00dflich k\u00f6nnen auch Ger\u00e4usche zum Einsatz kommen, die die Pr\u00e4senz der Artgenossen oder anderer Tierarten simulieren und so die Neugier der Luchse wecken, beispielsweise \u00fcber festinstallierte, wetterfeste Lautsprecher.<\/p>\n\n\n\n<p>\u201eEgal wie die Tierbesch\u00e4ftigung gestaltet wird, die Ma\u00dfnahmen m\u00fcssen regelm\u00e4\u00dfig variiert und angepasst werden, um einen Gew\u00f6hnungseffekt zu vermeiden. Natur ver\u00e4ndert sich st\u00e4ndig, somit auch das Verhalten der Tiere\u201c, fasst Dr. Weise zusammen.<\/p>\n\n\n\n<hr class=\"wp-block-separator\" \/>\n\n\n\n<p>Die Stadt Gera sucht ab Januar 2022 neue Mitglieder f\u00fcr den Begleitausschuss \u201eDemokratie leben\u201c. Die Akteurinnen und Akteure k\u00f6nnen aus Verwaltungen, staatlichen Institutionen, Fraktionen des Stadtrates, der Zivilgesellschaft, Initiativen, Vereinen und Verb\u00e4nden sowie Betreuungs- und Bildungseinrichtungen kommen. Sie werden durch die federf\u00fchrende Stelle der Verwaltung als Mitglieder im Begleitausschuss best\u00e4tigt. Vertreter aus B\u00fcrger- und Jugendinitiativen, der Kirchen, der Jugendhilfe und Wohlfahrtspflege, von Migrantenselbstorganisationen, der Sch\u00fclerr\u00e4te, des Elternrates, kommunale Beauftragte werden ausdr\u00fccklich um ihre Bewerbung mit einem Motivationsschreiben gebeten. F\u00fcr das Entscheidungsverfahren wird ein Kriterienkatalog verwendet, der pers\u00f6nliche Faktoren, gesellschaftliches Engagement und Vertretungskompetenzen abfragt.<\/p>\n\n\n\n<p>Gera ist seit 2010 am Bundesprogramm \u201eDemokratie leben!\u201c und am Th\u00fcringer Landesprogramm f\u00fcr Demokratie, Toleranz und Weltoffenheit \u201eDenk bunt\u201c beteiligt. Ziele der Programme sind die F\u00f6rderung demokratischer Strukturen und menschenrechtsorientierter Einstellungen sowie die Vorbeugung extremistischer (Rechtsextremismus, linker Extremismus, islamischer Extremismus) und menschenfeindlicher Einstellungen.<\/p>\n\n\n\n<p>Bei Interesse ehrenamtlich als Mitglied im Begleitausschuss mitzuarbeiten, wird um eine kurze pers\u00f6nliche Vorstellung schriftlich in der Ehrenamtszentrale der Stadt Gera gebeten. F\u00fcr die Bewerbung kann au\u00dferdem der Bewerbungsbogen auf der Webseite \u201e<a href=\"http:\/\/www.demokratie-leben-gera.de\">www.demokratie-leben-gera.de<\/a>\u201c genutzt werden. Aufgrund der coronabedingten Ausnahmesituation wurde die Bewerbungsfrist bis zum 15. Januar 2022 verl\u00e4ngert.<\/p>\n\n\n\n<p>Gera ist seit 2010 am Bundesprogramm \u201eDemokratie leben!\u201c und am Th\u00fcringer Landesprogramm f\u00fcr Demokratie, Toleranz und Weltoffenheit \u201eDenk bunt\u201c beteiligt. Ziele der Programme sind die F\u00f6rderung demokratischer Strukturen und menschenrechtsorientierter Einstellungen sowie die Vorbeugung extremistischer (Rechtsextremismus, linker Extremismus, islamischer Extremismus) und menschenfeindlicher Einstellungen.<\/p>\n\n\n\n<hr class=\"wp-block-separator\" \/>\n\n\n\n<p>Die Stadt Gera investiert bis Ende dieses Jahres rund 800&#8217;000 Euro in Projekte zur Ganztagsbetreuung in st\u00e4dtischen Grundschulen sowie im F\u00f6rderzentrum \u201eAm Brahmetal\u201c. Schwerpunkte der \u00fcber 20 Ma\u00dfnahmen liegen in der Beschaffung neuer Au\u00dfenspielger\u00e4te, in der Herstellung und Aufwertung neuer R\u00e4ume f\u00fcr den Ganztagsbereich sowie in deren Ausstattung. Die Finanzierung erfolgt \u00fcber das mit Bundes- und Landesmitteln ausgestattete F\u00f6rderprogramm zum beschleunigten Infrastrukturausbau der Ganztagsbetreuung f\u00fcr Grundschulkinder (\u201eGanztagsinvest\u201c). Von dem Programm profitieren die Grundschulen und das F\u00f6rderzentrum der Stadt Gera.<\/p>\n\n\n\n<p>Eine der im Rahmen des Investitionsprogramms \u201eGanztagsinvest\u201c umgesetzten Ma\u00dfnahme war die Beschaffung neuer Au\u00dfenspielger\u00e4te f\u00fcr die Bergschule am Ziegelberg. Diese wurden heute, am Freitag, den 26. November 2021, an die Schulleitung \u00fcbergeben und stehen ab sofort allen Sch\u00fclern der Grundschule zur Verf\u00fcgung.<\/p>\n\n\n\n<p>\u201eDer Schulalltag ist in dieser Zeit alles andere als normal. Daher freut es mich sehr, dass wir mit diesem F\u00f6rderprogramm die Sch\u00fclerinnen und Sch\u00fcler direkt erreichen und ihnen etwas Gutes tun k\u00f6nnen. Die umgesetzten Projekte tragen wesentlich dazu bei, dass die Qualit\u00e4t der Ganztagsbetreuung deutlich erh\u00f6ht wird\u201c, so Sandra Wanzar, Dezernentin f\u00fcr Jugend und Soziales. Ein wichtiger Partner bei der Umsetzung des Programms sei die \u201eElstertal\u201c- Infraprojekt GmbH: \u201eDie sehr gute Zusammenarbeit zwischen st\u00e4dtischen \u00c4mtern und der \u201eElstertal\u201c- Infraprojekt GmbH hat sich einmal mehr bew\u00e4hrt. Die Projekte k\u00f6nnen trotz enger Fristen und schwieriger Rahmenbedingungen in der Baubranche bis Ende dieses Jahres abgeschlossen werden\u201c, betont Frau Wanzar und richtet ihren Dank an den kommunalen Immobilienbewirtschafter.<\/p>\n\n\n\n<p>Das Investitionsprogramm des Freistaates Th\u00fcringen zum beschleunigten Infrastrukturausbau der Ganztagsbetreuung f\u00fcr Grundschulkinder ist im Februar 2021 in Kraft getreten. Th\u00fcringen stehen in diesem Programm Mittel von insgesamt 28&#8217;364&#8217;571,43 Euro zur Verf\u00fcgung, die sich aus Geldern des Bundes und des Freistaats zusammensetzen. Laut Pr\u00e4ambel der Richtlinie sollen \u201edurch den gezielten Ausbau ganzt\u00e4giger Angebote an Schulen [\u2026] zum einen die Bildungschancen sowie die individuelle F\u00f6rderung und Pers\u00f6nlichkeitsentwicklung der Sch\u00fclerinnen und Sch\u00fcler verbessert werden. Zum anderen dient die Weiterentwicklung ganzt\u00e4giger Bildungs- und Erziehungsangebote der St\u00e4rkung der Schule als Lern- und Lebensort und unterst\u00fctzt das familienpolitisch wichtige Ziel, die Vereinbarkeit von Familie und Beruf zu verbessern\u201c.<\/p>\n\n\n\n<hr class=\"wp-block-separator\" \/>\n\n\n\n<p>Seit der verordnungsbedingten Schlie\u00dfung am 22. November 2021 bieten die Bibliothek am Puschkinplatz und die Stadtteilbibliothek Lusan f\u00fcr ihre Benutzer wieder einen Abholservice an. Telefonisch oder per elektronischer Post k\u00f6nnen Medien vorbestellt und in der Regel am Folgetag kontaktlos abgeholt werden. Die telefonische Vereinbarung eines Abholtermins ist dabei zwingend erforderlich. F\u00fcr die Medienrecherche steht der Katalog der Bibliothek unter \u201e<a href=\"http:\/\/www.biblio.gera.de\">www.biblio.gera.de<\/a>\u201c zur Verf\u00fcgung. Eine telefonische Beratung ist ebenfalls m\u00f6glich. Beim Abholen der bestellten Medien ist das Tragen einer medizinische Mund-Nase-Bedeckung Pflicht. Zu anderen Menschen muss ein Mindestabstand von 1,5 Metern eingehalten werden.<\/p>\n\n\n\n<p>Ausgeliehene Medien sollten auch weiterhin fristgerecht in der Filiale zur\u00fcckgegeben werden, in der sie entliehen wurden. Am Puschkinplatz kann hierf\u00fcr auch die R\u00fcckgabe-Box vor der Bibliothek genutzt werden. Diese ist 24 Stunden t\u00e4glich ge\u00f6ffnet. Es wird jedoch darum gebeten, dass Gesellschaftsspiele am Ausgabeschalter abgegeben werden. W\u00e4hrend der Schlie\u00dfung entstehen keine neuen S\u00e4umnisgeb\u00fchren.<\/p>\n\n\n\n<p>Dar\u00fcber hinaus stehen auch weiterhin allen Bibliotheksnutzern umfangreiche Datennetz-Angebote rund um die Uhr zur Verf\u00fcgung: Das Th\u00fcringer Bibliotheksnetz ThueBIBNet, die Pressreader-Angebote sowie die Wissens- und Lernplattform Brockhaus mit Enzyklop\u00e4die, Kinder- und Jugendlexikon sowie umfangreiche Sch\u00fclerlernhilfen.<\/p>\n\n\n\n<hr class=\"wp-block-separator\" \/>\n\n\n\n<p>Am 17. November 2021 wurden Beschilderungen an den zwei Geraer Taubenh\u00e4usern angebracht. Durch das vermehrte Aufkommen von Vandalismus an den Taubenh\u00e4usern ergab sich f\u00fcr die Stadt diese Notwendigkeit, um gegen die Zerst\u00f6rungen und Besch\u00e4digungen vorzugehen. Die Beschilderungen sollen unter anderem darauf hinweisen, dass es sich um ein st\u00e4dtisches Projekt handelt.<\/p>\n\n\n\n<p>Das Geraer Stadttaubenprojekt setzt sich seit 1994 f\u00fcr die Regulierung des Stadttaubenbestandes ein. Die Koordination wird durch die Ehrenamtszentrale der Stadt Gera \u00fcbernommen. F\u00fcnf ehrenamtliche Taubenwarte k\u00fcmmern sich t\u00e4glich um Brutkontrollen, Hygienema\u00dfnahmen sowie die Ber\u00e4umung und Verbauung von Nistpl\u00e4tzen. In regelm\u00e4\u00dfigen Abst\u00e4nden werden die Taubenh\u00e4user von den Werkst\u00e4tten der Otegau saniert und erneuert. Finanzielle Unterst\u00fctzer des Stadttaubenprojekts sind die Wohnungsgesellschaft \u201eElstertal\u201c, TAG Wohnen &amp; Service GmbH, die Genossenschaften \u201eGl\u00fcck Auf\u201c, \u201eAufbau\u201c, \u201eNeuer Weg\u201c und \u201eUnion\u201c.<\/p>\n","protected":false},"excerpt":{"rendered":"<div class=\"mh-excerpt\"><p>Am Donnerstag, den 16. Dezember 2021, wurde Monika Jorzik offiziell von Oberb\u00fcrgermeister Julian Vonarb und Sandra Wanzar, Dezernentin f\u00fcr Jugend und Soziales, verabschiedet. Seit 2014 war sie die Leiterin des Amtes f\u00fcr Gesundheit und Versorgung. <a class=\"mh-excerpt-more\" href=\"https:\/\/www.studiogera.de\/001\/2021\/12\/21\/weitere-meldungen-aus-gera-18\/\" title=\"WEITERE MELDUNGEN AUS GERA\">[&#8230;]<\/a><\/p>\n<\/div>","protected":false},"author":2,"featured_media":17381,"comment_status":"open","ping_status":"open","sticky":false,"template":"","format":"standard","meta":{"footnotes":""},"categories":[16],"tags":[],"class_list":{"0":"post-17380","1":"post","2":"type-post","3":"status-publish","4":"format-standard","5":"has-post-thumbnail","7":"category-kurzmitteilungen"},"_links":{"self":[{"href":"https:\/\/www.studiogera.de\/001\/wp-json\/wp\/v2\/posts\/17380","targetHints":{"allow":["GET"]}}],"collection":[{"href":"https:\/\/www.studiogera.de\/001\/wp-json\/wp\/v2\/posts"}],"about":[{"href":"https:\/\/www.studiogera.de\/001\/wp-json\/wp\/v2\/types\/post"}],"author":[{"embeddable":true,"href":"https:\/\/www.studiogera.de\/001\/wp-json\/wp\/v2\/users\/2"}],"replies":[{"embeddable":true,"href":"https:\/\/www.studiogera.de\/001\/wp-json\/wp\/v2\/comments?post=17380"}],"version-history":[{"count":4,"href":"https:\/\/www.studiogera.de\/001\/wp-json\/wp\/v2\/posts\/17380\/revisions"}],"predecessor-version":[{"id":17386,"href":"https:\/\/www.studiogera.de\/001\/wp-json\/wp\/v2\/posts\/17380\/revisions\/17386"}],"wp:featuredmedia":[{"embeddable":true,"href":"https:\/\/www.studiogera.de\/001\/wp-json\/wp\/v2\/media\/17381"}],"wp:attachment":[{"href":"https:\/\/www.studiogera.de\/001\/wp-json\/wp\/v2\/media?parent=17380"}],"wp:term":[{"taxonomy":"category","embeddable":true,"href":"https:\/\/www.studiogera.de\/001\/wp-json\/wp\/v2\/categories?post=17380"},{"taxonomy":"post_tag","embeddable":true,"href":"https:\/\/www.studiogera.de\/001\/wp-json\/wp\/v2\/tags?post=17380"}],"curies":[{"name":"wp","href":"https:\/\/api.w.org\/{rel}","templated":true}]}}