{"id":17387,"date":"2021-12-21T15:24:46","date_gmt":"2021-12-21T14:24:46","guid":{"rendered":"http:\/\/www.studiogera.de\/001\/?p=17387"},"modified":"2021-12-21T15:33:31","modified_gmt":"2021-12-21T14:33:31","slug":"russische-sendeanstalt-strahlt-deutschsprachiges-tv-programm-aus","status":"publish","type":"post","link":"https:\/\/www.studiogera.de\/001\/2021\/12\/21\/russische-sendeanstalt-strahlt-deutschsprachiges-tv-programm-aus\/","title":{"rendered":"RUSSISCHE SENDEANSTALT STRAHLT DEUTSCHSPRACHIGES TV-PROGRAMM AUS"},"content":{"rendered":"\n<p>Der deutschsprachige Dienst der russischen Sendeanstalt RT startete am 16. Dezember 2021 ein Fernsehprogramm \u2014 mit einer serbischen Sendelizenz. Vergeben wurde sie an die Muttergesellschaft \u201eTV Novosti\u201c. Abgestrahlt wird das Programm \u00fcber die Satelliten Eutelsat 16 A und Eutelsat 9 B; das Signal wird aus Serbien zugef\u00fchrt. Auch \u00fcber datennetzbasierte Systeme kann das Programm empfangen werden. Produziert werden die deutschsprachigen Sendungen vom Unternehmen \u201eRT DE Productions GmbH\u201c in Berlin Adlershof, teilweise aber auch in Moskau. Eine Sendelizenz explizit f\u00fcr Deutschland liegt nicht vor. Der Sender verweist auf das \u201eEurop\u00e4ische \u00dcbereinkommen \u00fcber grenz\u00fcberschreitendes Fernsehen\u201c, kurz ECTT.<\/p>\n\n\n\n<p>Die Medienanstalt Berlin-Brandenburg leitete einen Tag sp\u00e4ter ein \u201ef\u00f6rmliches Verfahren\u201c gegen RT ein, weil die Sendeanstalt f\u00fcr den Start des deutschsprachigen Programmes \u201eRT DE\u201c keine Rundfunkzulassung beantragt hatte, und eine solche f\u00fcr Deutschland auch nicht vorweisen kann. Nach Auffassung der Medienanstalt ist ma\u00dfgebend, dass das Programm in Berlin produziert wird. Unabh\u00e4ngig vom Verbreitungsweg sei f\u00fcr ein deutschlandweites Programm eine\u00a0deutsche\u00a0Rundfunklizenz n\u00f6tig. Voraussetzung f\u00fcr eine Zulassung sei unter anderem, dass das verfassungsrechtliche Prinzip der Staatsferne des Rundfunks nicht verletzt werde. Demnach d\u00fcrfe weder ein Staat noch eine Partei Einfluss auf die Programminhalte nehmen.<\/p>\n\n\n\n<p>Die Produktion von Sendungen f\u00fcr Deutschland, welche den Standpunkt des Kremls vermitteln, hat eine lange Tradition: Bereits seit 1929 wendet sich Russland gezielt an die Menschen in Deutschland. Genutzt wurden hierf\u00fcr bis 2014 die Kurz- und Mittelwellen von Radio Moskau. \u00dcber diesen Verbreitungsweg konnte zuletzt jedoch nicht mehr die gew\u00fcnschte Aufmerksamkeit erreicht werden. Die Einschaltquoten gingen mit der Etablierung des Internets noch einmal rapide zur\u00fcck. Auf Veranlassung des russischen Pr\u00e4sidenten\u00a0Wladimir Putin kam es in seiner ersten Amtszeit zu umfangreichen Umstrukturierungen im Rundfunkwesen. Mit akzeptablen Kosten und moderner Technik sollten wieder mehr Menschen erreicht werden \u2014 insbesondere vor dem Hintergrund zunehmender Spannungen mit den westlichen L\u00e4ndern.<br><\/p>\n","protected":false},"excerpt":{"rendered":"<div class=\"mh-excerpt\"><p>Der deutschsprachige Dienst der russischen Sendeanstalt RT startete am 16. Dezember 2021 ein Fernsehprogramm \u2014 mit einer serbischen Sendelizenz. Vergeben wurde sie an die Muttergesellschaft \u201eTV Novosti\u201c. Abgestrahlt wird das Programm \u00fcber die Satelliten Eutelsat <a class=\"mh-excerpt-more\" href=\"https:\/\/www.studiogera.de\/001\/2021\/12\/21\/russische-sendeanstalt-strahlt-deutschsprachiges-tv-programm-aus\/\" title=\"RUSSISCHE SENDEANSTALT STRAHLT DEUTSCHSPRACHIGES TV-PROGRAMM AUS\">[&#8230;]<\/a><\/p>\n<\/div>","protected":false},"author":2,"featured_media":17388,"comment_status":"open","ping_status":"open","sticky":false,"template":"","format":"standard","meta":{"footnotes":""},"categories":[17],"tags":[],"class_list":{"0":"post-17387","1":"post","2":"type-post","3":"status-publish","4":"format-standard","5":"has-post-thumbnail","7":"category-medien"},"_links":{"self":[{"href":"https:\/\/www.studiogera.de\/001\/wp-json\/wp\/v2\/posts\/17387","targetHints":{"allow":["GET"]}}],"collection":[{"href":"https:\/\/www.studiogera.de\/001\/wp-json\/wp\/v2\/posts"}],"about":[{"href":"https:\/\/www.studiogera.de\/001\/wp-json\/wp\/v2\/types\/post"}],"author":[{"embeddable":true,"href":"https:\/\/www.studiogera.de\/001\/wp-json\/wp\/v2\/users\/2"}],"replies":[{"embeddable":true,"href":"https:\/\/www.studiogera.de\/001\/wp-json\/wp\/v2\/comments?post=17387"}],"version-history":[{"count":3,"href":"https:\/\/www.studiogera.de\/001\/wp-json\/wp\/v2\/posts\/17387\/revisions"}],"predecessor-version":[{"id":17391,"href":"https:\/\/www.studiogera.de\/001\/wp-json\/wp\/v2\/posts\/17387\/revisions\/17391"}],"wp:featuredmedia":[{"embeddable":true,"href":"https:\/\/www.studiogera.de\/001\/wp-json\/wp\/v2\/media\/17388"}],"wp:attachment":[{"href":"https:\/\/www.studiogera.de\/001\/wp-json\/wp\/v2\/media?parent=17387"}],"wp:term":[{"taxonomy":"category","embeddable":true,"href":"https:\/\/www.studiogera.de\/001\/wp-json\/wp\/v2\/categories?post=17387"},{"taxonomy":"post_tag","embeddable":true,"href":"https:\/\/www.studiogera.de\/001\/wp-json\/wp\/v2\/tags?post=17387"}],"curies":[{"name":"wp","href":"https:\/\/api.w.org\/{rel}","templated":true}]}}