{"id":17392,"date":"2021-12-21T23:14:21","date_gmt":"2021-12-21T22:14:21","guid":{"rendered":"http:\/\/www.studiogera.de\/001\/?p=17392"},"modified":"2021-12-21T23:19:51","modified_gmt":"2021-12-21T22:19:51","slug":"bundeswehreinsaetze-und-weitreichende-transformationen-ab-2022","status":"publish","type":"post","link":"https:\/\/www.studiogera.de\/001\/2021\/12\/21\/bundeswehreinsaetze-und-weitreichende-transformationen-ab-2022\/","title":{"rendered":"BUNDESWEHREINS\u00c4TZE UND WEITREICHENDE TRANSFORMATIONEN AB 2022"},"content":{"rendered":"\n<p>Die Bundesregierung lie\u00df bereits vor geraumer Zeit mehrere Szenarien zum Vorgehen bei Ausf\u00e4llen im Bereich der sogenannten kritischen Infrastruktur ausarbeiten. Mit der heutigen Ministerpr\u00e4sidentenkonferenz verdichten sich die Hinweise auf eine konkrete Ereigniskette, deren Ablauf unbest\u00e4tigten Informationen zufolge Anfang Januar 2022 in Gang gesetzt werden soll. Infolge neuer Quarant\u00e4neregeln, begr\u00fcndet mit der Omikron-Variante, werde es demnach in systemrelevanten Bereichen zu gr\u00f6\u00dferen Personalabz\u00fcgen kommen, woraufhin die Versorgung nicht mehr sichergestellt sei. Betroffen w\u00e4ren unter anderem Polizei, Feuerwehr, die Energie- und Lebensmittelversorgung.<\/p>\n\n\n\n<p>Die daraus resultierenden Notlagen sollen es erm\u00f6glichen, die Bundeswehr noch mehr als bisher im Landesinneren einzusetzen. Insbesondere bei der Aufrechterhaltung der \u00f6ffentlichen Sicherheit, der Versorgung sowie der Kontrolle der Verkehrswege werde sie k\u00fcnftig mitwirken. Ferner sei unter Einbindung der Bundeswehr der Aufbau neuer Organisationsstrukturen mit zentraler Ausrichtung geplant. Eine wichtige Rolle spielten QR-Codes als Legitimationsschl\u00fcssel. Mit diesen m\u00fcsse der B\u00fcrger k\u00fcnftig seine Berechtigungen nachweisen. Voraussetzung seien regelm\u00e4\u00dfige Injektionen, da der Status &#8222;geimpft&#8220; sonst verfalle, und somit die Legitimation.<\/p>\n\n\n\n<p>Die Umsetzung beginne ab Januar 2022 w\u00e4hrend der Restriktionsphasen. Geplant sei, die Ma\u00dfnahmen schrittweise zu verl\u00e4ngern. Vor wenigen Tagen hatte Bundeskanzler Olaf Scholz die Menschen aufgerufen, sich auf Jahre der Modernisierung bei der Digitalisierung und dem Umbau des Landes zu einer klimaneutralen Volkswirtschaft einzulassen. Man werde neue Wege einschlagen \u2014 auch da, wo das bestehende auf dem ersten Blick noch recht gut funktioniere, sagte Scholz.<\/p>\n\n\n\n<p>Statistisch betrachtet emittiert jeder B\u00fcrger in Deutschland durchschnittlich elf Tonnen CO\u2082 pro Jahr. Die Klimaneutralit\u00e4t w\u00e4re erreicht, wenn pro Jahr und B\u00fcrger nicht mehr als eine Tonne CO\u2082 emittiert werden.<\/p>\n","protected":false},"excerpt":{"rendered":"<div class=\"mh-excerpt\"><p>Die Bundesregierung lie\u00df bereits vor geraumer Zeit mehrere Szenarien zum Vorgehen bei Ausf\u00e4llen im Bereich der sogenannten kritischen Infrastruktur ausarbeiten. Mit der heutigen Ministerpr\u00e4sidentenkonferenz verdichten sich die Hinweise auf eine konkrete Ereigniskette, deren Ablauf unbest\u00e4tigten <a class=\"mh-excerpt-more\" href=\"https:\/\/www.studiogera.de\/001\/2021\/12\/21\/bundeswehreinsaetze-und-weitreichende-transformationen-ab-2022\/\" title=\"BUNDESWEHREINS\u00c4TZE UND WEITREICHENDE TRANSFORMATIONEN AB 2022\">[&#8230;]<\/a><\/p>\n<\/div>","protected":false},"author":2,"featured_media":17393,"comment_status":"open","ping_status":"open","sticky":false,"template":"","format":"standard","meta":{"footnotes":""},"categories":[2],"tags":[],"class_list":{"0":"post-17392","1":"post","2":"type-post","3":"status-publish","4":"format-standard","5":"has-post-thumbnail","7":"category-weltweit"},"_links":{"self":[{"href":"https:\/\/www.studiogera.de\/001\/wp-json\/wp\/v2\/posts\/17392","targetHints":{"allow":["GET"]}}],"collection":[{"href":"https:\/\/www.studiogera.de\/001\/wp-json\/wp\/v2\/posts"}],"about":[{"href":"https:\/\/www.studiogera.de\/001\/wp-json\/wp\/v2\/types\/post"}],"author":[{"embeddable":true,"href":"https:\/\/www.studiogera.de\/001\/wp-json\/wp\/v2\/users\/2"}],"replies":[{"embeddable":true,"href":"https:\/\/www.studiogera.de\/001\/wp-json\/wp\/v2\/comments?post=17392"}],"version-history":[{"count":2,"href":"https:\/\/www.studiogera.de\/001\/wp-json\/wp\/v2\/posts\/17392\/revisions"}],"predecessor-version":[{"id":17395,"href":"https:\/\/www.studiogera.de\/001\/wp-json\/wp\/v2\/posts\/17392\/revisions\/17395"}],"wp:featuredmedia":[{"embeddable":true,"href":"https:\/\/www.studiogera.de\/001\/wp-json\/wp\/v2\/media\/17393"}],"wp:attachment":[{"href":"https:\/\/www.studiogera.de\/001\/wp-json\/wp\/v2\/media?parent=17392"}],"wp:term":[{"taxonomy":"category","embeddable":true,"href":"https:\/\/www.studiogera.de\/001\/wp-json\/wp\/v2\/categories?post=17392"},{"taxonomy":"post_tag","embeddable":true,"href":"https:\/\/www.studiogera.de\/001\/wp-json\/wp\/v2\/tags?post=17392"}],"curies":[{"name":"wp","href":"https:\/\/api.w.org\/{rel}","templated":true}]}}