{"id":17396,"date":"2021-12-22T02:54:34","date_gmt":"2021-12-22T01:54:34","guid":{"rendered":"http:\/\/www.studiogera.de\/001\/?p=17396"},"modified":"2021-12-22T03:27:58","modified_gmt":"2021-12-22T02:27:58","slug":"einigung-auf-neue-restriktionsphase-ab-28-dezember-2021","status":"publish","type":"post","link":"https:\/\/www.studiogera.de\/001\/2021\/12\/22\/einigung-auf-neue-restriktionsphase-ab-28-dezember-2021\/","title":{"rendered":"EINIGUNG AUF NEUE RESTRIKTIONSPHASE AB 28. DEZEMBER 2021"},"content":{"rendered":"\n<p>Sp\u00e4testens ab dem 28. Dezember 2021 treten neue Regeln in Kraft, welche erhebliche Kontaktbeschr\u00e4nkungen vorgeben. Bundeskanzler Olaf Scholz gab am 21. Dezember 2021 nach der Ministerpr\u00e4sidentenkonferenz, welche als Schaltsitzung abgehalten wurde, eine entsprechende Erkl\u00e4rung ab. Die L\u00e4nder haben die M\u00f6glichkeit, die Beschr\u00e4nkungen auch fr\u00fcher einzuf\u00fchren.<\/p>\n\n\n\n<p>Ab Wirkungsbeginn sollen nur generell noch maximal zehn Menschen zusammenkommen d\u00fcrfen. Diese Ma\u00dfgabe gilt f\u00fcr den Innen- und Au\u00dfenbereich. Sobald eine Person der Klasse \u201eungeimpft\u201c zugegen ist, gilt, dass von dieser aus gerechnet nur Begegnungen mit zwei weiteren Menschen eines weiteren Hausstandes erlaubt sind. Kinder unter 14 Jahren sind von diesen Regeln ausgenommen.<\/p>\n\n\n\n<p>Weiterhin gelten f\u00fcr Kultur- und Freizeiteinrichtungen sowie im Einzelhandel die Regeln \u201e2 G\u201c oder \u201e2 G plus\u201c. Tanzlustbarkeiten m\u00fcssen geschlossen werden, und Gro\u00dfveranstaltungen d\u00fcrfen nur ohne Zuschauer stattfinden. Zudem soll die Impfkampagne weiter intensiviert werden. Die Bundesregierung plant, bis Ende Januar 2022 weitere 30 Millionen Dosen zu verimpfen.<\/p>\n\n\n\n<p>Die Bundesregierung begr\u00fcndet die Restriktionen mit der sogenannten Omikron-Variante. Die n\u00e4chste Konferenz soll schon am 7. Januar 2022 stattfinden. Erwartet wird eine weitere Versch\u00e4rfung der Regeln.<\/p>\n","protected":false},"excerpt":{"rendered":"<div class=\"mh-excerpt\"><p>Sp\u00e4testens ab dem 28. Dezember 2021 treten neue Regeln in Kraft, welche erhebliche Kontaktbeschr\u00e4nkungen vorgeben. Bundeskanzler Olaf Scholz gab am 21. Dezember 2021 nach der Ministerpr\u00e4sidentenkonferenz, welche als Schaltsitzung abgehalten wurde, eine entsprechende Erkl\u00e4rung ab. <a class=\"mh-excerpt-more\" href=\"https:\/\/www.studiogera.de\/001\/2021\/12\/22\/einigung-auf-neue-restriktionsphase-ab-28-dezember-2021\/\" title=\"EINIGUNG AUF NEUE RESTRIKTIONSPHASE AB 28. DEZEMBER 2021\">[&#8230;]<\/a><\/p>\n<\/div>","protected":false},"author":2,"featured_media":17397,"comment_status":"open","ping_status":"open","sticky":false,"template":"","format":"standard","meta":{"footnotes":""},"categories":[2],"tags":[],"class_list":{"0":"post-17396","1":"post","2":"type-post","3":"status-publish","4":"format-standard","5":"has-post-thumbnail","7":"category-weltweit"},"_links":{"self":[{"href":"https:\/\/www.studiogera.de\/001\/wp-json\/wp\/v2\/posts\/17396","targetHints":{"allow":["GET"]}}],"collection":[{"href":"https:\/\/www.studiogera.de\/001\/wp-json\/wp\/v2\/posts"}],"about":[{"href":"https:\/\/www.studiogera.de\/001\/wp-json\/wp\/v2\/types\/post"}],"author":[{"embeddable":true,"href":"https:\/\/www.studiogera.de\/001\/wp-json\/wp\/v2\/users\/2"}],"replies":[{"embeddable":true,"href":"https:\/\/www.studiogera.de\/001\/wp-json\/wp\/v2\/comments?post=17396"}],"version-history":[{"count":2,"href":"https:\/\/www.studiogera.de\/001\/wp-json\/wp\/v2\/posts\/17396\/revisions"}],"predecessor-version":[{"id":17399,"href":"https:\/\/www.studiogera.de\/001\/wp-json\/wp\/v2\/posts\/17396\/revisions\/17399"}],"wp:featuredmedia":[{"embeddable":true,"href":"https:\/\/www.studiogera.de\/001\/wp-json\/wp\/v2\/media\/17397"}],"wp:attachment":[{"href":"https:\/\/www.studiogera.de\/001\/wp-json\/wp\/v2\/media?parent=17396"}],"wp:term":[{"taxonomy":"category","embeddable":true,"href":"https:\/\/www.studiogera.de\/001\/wp-json\/wp\/v2\/categories?post=17396"},{"taxonomy":"post_tag","embeddable":true,"href":"https:\/\/www.studiogera.de\/001\/wp-json\/wp\/v2\/tags?post=17396"}],"curies":[{"name":"wp","href":"https:\/\/api.w.org\/{rel}","templated":true}]}}