{"id":17402,"date":"2021-12-22T17:45:10","date_gmt":"2021-12-22T16:45:10","guid":{"rendered":"http:\/\/www.studiogera.de\/001\/?p=17402"},"modified":"2021-12-22T17:45:12","modified_gmt":"2021-12-22T16:45:12","slug":"weitere-meldungen-zu-den-themen-corona-und-impfen-4","status":"publish","type":"post","link":"https:\/\/www.studiogera.de\/001\/2021\/12\/22\/weitere-meldungen-zu-den-themen-corona-und-impfen-4\/","title":{"rendered":"WEITERE MELDUNGEN ZU DEN THEMEN CORONA UND IMPFEN"},"content":{"rendered":"\n<p>Nach einer Empfehlung der Europ\u00e4ischen Arzneimittel-Agentur gab die Europ\u00e4ische Kommission f\u00fcr den Impfstoff \u201eNuvaxovid\u201c des US-Herstellers Novavax am 20. Dezember 2021 eine bedingte Marktzulassung aus. Bei diesen Impfstoff wird ein Bestandteil des Virus-Stachelproteins im Gentechnik-Verfahren erzeugt. Zudem wird der Wirkverst\u00e4rker \u201eMatrix M\u201c zugegeben. Injiziert werden zwei Dosen im Abstand von etwa drei Wochen. \u00dcber die Wirksamkeit, bezogen auf die Omikron-Variante, ist bislang nichts bekannt. Entwickelt wurde das Serum auf Grundlage eines Modells von der Alpha-Variante. Das Bundesministerium f\u00fcr Gesundheit bestellte vier Millionen Dosen. Geliefert werden sie voraussichtlich im Januar 2022.<\/p>\n\n\n\n<p>In Deutschland gelten derzeit elf Millionen Erwachsene als \u201eungeimpft\u201c. Der proteinbasierte Impfstoff \u201eNuvaxovid\u201c soll insbesondere diese Gruppe von einer Impfung \u00fcberzeugen.<\/p>\n\n\n\n<p>Bundesgesundheitsminister Lauterbach geht davon aus, dass die sogenannte Booster-Impfung bei Omikron \u201enicht allzu dauerhaft wirkt\u201c und eine vierte Impfung notwendig sein wird. Das sagte er am 22. Dezember 2022 zur Bundespressekonferenz.<\/p>\n\n\n\n<p>Vom 24. Dezember bis 9. Januar soll sich die Verg\u00fctung beim Verimpfen nach dem Sonn- und Feiertagsbudget richten. Pro Impfung werden somit 36 Euro anstatt 28 Euro gezahlt.<\/p>\n\n\n\n<p>Eine &#8222;Booster-Impfung&#8220; f\u00fcr Kinder ist zum gegenw\u00e4rtigen Zeitpunkt noch nicht zugelassen. Sobald sie zugelassen wird, \u00fcbernimmt der Bund nach Angaben des Bundesgesundheitsministers die Haftung.<\/p>\n","protected":false},"excerpt":{"rendered":"<div class=\"mh-excerpt\"><p>Nach einer Empfehlung der Europ\u00e4ischen Arzneimittel-Agentur gab die Europ\u00e4ische Kommission f\u00fcr den Impfstoff \u201eNuvaxovid\u201c des US-Herstellers Novavax am 20. Dezember 2021 eine bedingte Marktzulassung aus. Bei diesen Impfstoff wird ein Bestandteil des Virus-Stachelproteins im Gentechnik-Verfahren <a class=\"mh-excerpt-more\" href=\"https:\/\/www.studiogera.de\/001\/2021\/12\/22\/weitere-meldungen-zu-den-themen-corona-und-impfen-4\/\" title=\"WEITERE MELDUNGEN ZU DEN THEMEN CORONA UND IMPFEN\">[&#8230;]<\/a><\/p>\n<\/div>","protected":false},"author":2,"featured_media":14677,"comment_status":"open","ping_status":"open","sticky":false,"template":"","format":"standard","meta":{"footnotes":""},"categories":[16],"tags":[],"class_list":{"0":"post-17402","1":"post","2":"type-post","3":"status-publish","4":"format-standard","5":"has-post-thumbnail","7":"category-kurzmitteilungen"},"_links":{"self":[{"href":"https:\/\/www.studiogera.de\/001\/wp-json\/wp\/v2\/posts\/17402","targetHints":{"allow":["GET"]}}],"collection":[{"href":"https:\/\/www.studiogera.de\/001\/wp-json\/wp\/v2\/posts"}],"about":[{"href":"https:\/\/www.studiogera.de\/001\/wp-json\/wp\/v2\/types\/post"}],"author":[{"embeddable":true,"href":"https:\/\/www.studiogera.de\/001\/wp-json\/wp\/v2\/users\/2"}],"replies":[{"embeddable":true,"href":"https:\/\/www.studiogera.de\/001\/wp-json\/wp\/v2\/comments?post=17402"}],"version-history":[{"count":1,"href":"https:\/\/www.studiogera.de\/001\/wp-json\/wp\/v2\/posts\/17402\/revisions"}],"predecessor-version":[{"id":17403,"href":"https:\/\/www.studiogera.de\/001\/wp-json\/wp\/v2\/posts\/17402\/revisions\/17403"}],"wp:featuredmedia":[{"embeddable":true,"href":"https:\/\/www.studiogera.de\/001\/wp-json\/wp\/v2\/media\/14677"}],"wp:attachment":[{"href":"https:\/\/www.studiogera.de\/001\/wp-json\/wp\/v2\/media?parent=17402"}],"wp:term":[{"taxonomy":"category","embeddable":true,"href":"https:\/\/www.studiogera.de\/001\/wp-json\/wp\/v2\/categories?post=17402"},{"taxonomy":"post_tag","embeddable":true,"href":"https:\/\/www.studiogera.de\/001\/wp-json\/wp\/v2\/tags?post=17402"}],"curies":[{"name":"wp","href":"https:\/\/api.w.org\/{rel}","templated":true}]}}