{"id":17410,"date":"2021-12-22T17:57:06","date_gmt":"2021-12-22T16:57:06","guid":{"rendered":"http:\/\/www.studiogera.de\/001\/?p=17410"},"modified":"2021-12-22T17:57:08","modified_gmt":"2021-12-22T16:57:08","slug":"das-rumpelstilzchen-in-der-ard-mediathek","status":"publish","type":"post","link":"https:\/\/www.studiogera.de\/001\/2021\/12\/22\/das-rumpelstilzchen-in-der-ard-mediathek\/","title":{"rendered":"DAS RUMPELSTILZCHEN IN DER ARD-MEDIATHEK"},"content":{"rendered":"\n<p>Die Inszenierung \u201eRumpelstilzchen\u201c des Theaters Altenburg Gera steht nun bis zum 31. Dezember 2021 in der ARD-Mediathek kostenfrei zum Streamen zur Verf\u00fcgung. \u00dcber die Verl\u00e4ngerung haben sich jetzt das Theater Altenburg Gera und der Mitteldeutsche Rundfunk aufgrund der gro\u00dfen Nachfrage verst\u00e4ndigt. Urspr\u00fcnglich sollte die Inszenierung unter Regie von Schauspieldirektor Manuel Kressin zw\u00f6lf Monate lang, bis zum 19. Dezember, abrufbar sein. Die Aufnahmen entstanden im Jahre 2020, als das abenteuerliche St\u00fcck aus der Feder der Br\u00fcder Grimm aufgrund der Corona-Verordnung nicht vor Publikum aufgef\u00fchrt werden konnte.<\/p>\n\n\n\n<p>QUELLE: THEATER ALTENBURG GERA GGMBH<\/p>\n","protected":false},"excerpt":{"rendered":"<div class=\"mh-excerpt\"><p>Die Inszenierung \u201eRumpelstilzchen\u201c des Theaters Altenburg Gera steht nun bis zum 31. Dezember 2021 in der ARD-Mediathek kostenfrei zum Streamen zur Verf\u00fcgung. \u00dcber die Verl\u00e4ngerung haben sich jetzt das Theater Altenburg Gera und der Mitteldeutsche <a class=\"mh-excerpt-more\" href=\"https:\/\/www.studiogera.de\/001\/2021\/12\/22\/das-rumpelstilzchen-in-der-ard-mediathek\/\" title=\"DAS RUMPELSTILZCHEN IN DER ARD-MEDIATHEK\">[&#8230;]<\/a><\/p>\n<\/div>","protected":false},"author":2,"featured_media":17411,"comment_status":"open","ping_status":"open","sticky":false,"template":"","format":"standard","meta":{"footnotes":""},"categories":[15],"tags":[],"class_list":{"0":"post-17410","1":"post","2":"type-post","3":"status-publish","4":"format-standard","5":"has-post-thumbnail","7":"category-theater"},"_links":{"self":[{"href":"https:\/\/www.studiogera.de\/001\/wp-json\/wp\/v2\/posts\/17410","targetHints":{"allow":["GET"]}}],"collection":[{"href":"https:\/\/www.studiogera.de\/001\/wp-json\/wp\/v2\/posts"}],"about":[{"href":"https:\/\/www.studiogera.de\/001\/wp-json\/wp\/v2\/types\/post"}],"author":[{"embeddable":true,"href":"https:\/\/www.studiogera.de\/001\/wp-json\/wp\/v2\/users\/2"}],"replies":[{"embeddable":true,"href":"https:\/\/www.studiogera.de\/001\/wp-json\/wp\/v2\/comments?post=17410"}],"version-history":[{"count":1,"href":"https:\/\/www.studiogera.de\/001\/wp-json\/wp\/v2\/posts\/17410\/revisions"}],"predecessor-version":[{"id":17412,"href":"https:\/\/www.studiogera.de\/001\/wp-json\/wp\/v2\/posts\/17410\/revisions\/17412"}],"wp:featuredmedia":[{"embeddable":true,"href":"https:\/\/www.studiogera.de\/001\/wp-json\/wp\/v2\/media\/17411"}],"wp:attachment":[{"href":"https:\/\/www.studiogera.de\/001\/wp-json\/wp\/v2\/media?parent=17410"}],"wp:term":[{"taxonomy":"category","embeddable":true,"href":"https:\/\/www.studiogera.de\/001\/wp-json\/wp\/v2\/categories?post=17410"},{"taxonomy":"post_tag","embeddable":true,"href":"https:\/\/www.studiogera.de\/001\/wp-json\/wp\/v2\/tags?post=17410"}],"curies":[{"name":"wp","href":"https:\/\/api.w.org\/{rel}","templated":true}]}}