{"id":17434,"date":"2021-12-24T15:37:21","date_gmt":"2021-12-24T14:37:21","guid":{"rendered":"http:\/\/www.studiogera.de\/001\/?p=17434"},"modified":"2021-12-24T15:37:22","modified_gmt":"2021-12-24T14:37:22","slug":"weitere-massnahmen-zur-verhinderung-der-gefluegelpest","status":"publish","type":"post","link":"https:\/\/www.studiogera.de\/001\/2021\/12\/24\/weitere-massnahmen-zur-verhinderung-der-gefluegelpest\/","title":{"rendered":"WEITERE MASSNAHMEN ZUR VERHINDERUNG DER GEFL\u00dcGELPEST"},"content":{"rendered":"\n<p>Das Veterin\u00e4r- und Lebensmittel\u00fcberwachungsamt der Stadt Gera erl\u00e4sst weitere Allgemeinverf\u00fcgungen zur Verhinderung des Ausbruchs der Gefl\u00fcgelpest, die im gesamten Geraer Gebiet gelten. Dabei werden vorbeugende Biosicherheitsma\u00dfnahmen in der Gefl\u00fcgelhaltung sowie die Abgabe von Gefl\u00fcgel im Reisegewerbe gesetzlich geregelt.<\/p>\n\n\n\n<p>Unter anderem sind ab dem 24. Dezember 2021 Biosicherheitsma\u00dfnahmen einzuhalten, die Schutzkleidung, Desinfektions- und Reinigungsma\u00dfnahmen im Umgang mit Gefl\u00fcgel vorsehen. Au\u00dferdem wird es bis auf Weiteres verboten sein, nicht klinisch oder virologisch untersuchtes Gefl\u00fcgel \u00fcber Gefl\u00fcgelm\u00e4rkte, Gefl\u00fcgelb\u00f6rsen oder mobile Gefl\u00fcgelh\u00e4ndler k\u00e4uflich zu erwerben oder solches abzugeben. F\u00fcr die virologische Untersuchung von Enten und G\u00e4nsen gelten gesonderte Regelungen, die in der Allgemeinverf\u00fcgung nachzulesen sind.<\/p>\n\n\n\n<p>Den vollst\u00e4ndigen Inhalt der Allgemeinverf\u00fcgungen finden Sie unter folgender Adresse: <\/p>\n\n\n\n<p><a href=\"https:\/\/www.gera.de\/sixcms\/detail.php?id=245759&amp;_lang=de\">https:\/\/www.gera.de\/sixcms\/detail.php?id=245759&amp;_lang=de<\/a><\/p>\n\n\n\n<p>Au\u00dferdem k\u00f6nnen alle Dokumente zu den Gesch\u00e4ftszeiten nach telefonischer Voranmeldung beim Veterin\u00e4r- und Lebensmittel\u00fcberwachungsamt eingesehen werden.<\/p>\n\n\n\n<p>QUELLE: STADTVERWALTUNG<\/p>\n","protected":false},"excerpt":{"rendered":"<div class=\"mh-excerpt\"><p>Das Veterin\u00e4r- und Lebensmittel\u00fcberwachungsamt der Stadt Gera erl\u00e4sst weitere Allgemeinverf\u00fcgungen zur Verhinderung des Ausbruchs der Gefl\u00fcgelpest, die im gesamten Geraer Gebiet gelten. Dabei werden vorbeugende Biosicherheitsma\u00dfnahmen in der Gefl\u00fcgelhaltung sowie die Abgabe von Gefl\u00fcgel im <a class=\"mh-excerpt-more\" href=\"https:\/\/www.studiogera.de\/001\/2021\/12\/24\/weitere-massnahmen-zur-verhinderung-der-gefluegelpest\/\" title=\"WEITERE MASSNAHMEN ZUR VERHINDERUNG DER GEFL\u00dcGELPEST\">[&#8230;]<\/a><\/p>\n<\/div>","protected":false},"author":2,"featured_media":17435,"comment_status":"open","ping_status":"open","sticky":false,"template":"","format":"standard","meta":{"footnotes":""},"categories":[3],"tags":[],"class_list":{"0":"post-17434","1":"post","2":"type-post","3":"status-publish","4":"format-standard","5":"has-post-thumbnail","7":"category-lokal"},"_links":{"self":[{"href":"https:\/\/www.studiogera.de\/001\/wp-json\/wp\/v2\/posts\/17434","targetHints":{"allow":["GET"]}}],"collection":[{"href":"https:\/\/www.studiogera.de\/001\/wp-json\/wp\/v2\/posts"}],"about":[{"href":"https:\/\/www.studiogera.de\/001\/wp-json\/wp\/v2\/types\/post"}],"author":[{"embeddable":true,"href":"https:\/\/www.studiogera.de\/001\/wp-json\/wp\/v2\/users\/2"}],"replies":[{"embeddable":true,"href":"https:\/\/www.studiogera.de\/001\/wp-json\/wp\/v2\/comments?post=17434"}],"version-history":[{"count":1,"href":"https:\/\/www.studiogera.de\/001\/wp-json\/wp\/v2\/posts\/17434\/revisions"}],"predecessor-version":[{"id":17436,"href":"https:\/\/www.studiogera.de\/001\/wp-json\/wp\/v2\/posts\/17434\/revisions\/17436"}],"wp:featuredmedia":[{"embeddable":true,"href":"https:\/\/www.studiogera.de\/001\/wp-json\/wp\/v2\/media\/17435"}],"wp:attachment":[{"href":"https:\/\/www.studiogera.de\/001\/wp-json\/wp\/v2\/media?parent=17434"}],"wp:term":[{"taxonomy":"category","embeddable":true,"href":"https:\/\/www.studiogera.de\/001\/wp-json\/wp\/v2\/categories?post=17434"},{"taxonomy":"post_tag","embeddable":true,"href":"https:\/\/www.studiogera.de\/001\/wp-json\/wp\/v2\/tags?post=17434"}],"curies":[{"name":"wp","href":"https:\/\/api.w.org\/{rel}","templated":true}]}}