{"id":17452,"date":"2021-12-25T08:01:00","date_gmt":"2021-12-25T07:01:00","guid":{"rendered":"http:\/\/www.studiogera.de\/001\/?p=17452"},"modified":"2021-12-25T00:50:29","modified_gmt":"2021-12-24T23:50:29","slug":"gottesdienste-am-25-dezember-2021","status":"publish","type":"post","link":"https:\/\/www.studiogera.de\/001\/2021\/12\/25\/gottesdienste-am-25-dezember-2021\/","title":{"rendered":"GOTTESDIENSTE AM 25. DEZEMBER 2021"},"content":{"rendered":"\n<ul class=\"wp-block-list\"><li>10 Uhr bis 11 Uhr: Gottesdienst, Kirche St. Salvator, mit Pfarrer Stefan K\u00f6rner<\/li><li>10.30 Uhr bis 11.30 Uhr: Heilige Messe, Kirche St. Elisabeth<\/li><\/ul>\n\n\n\n<p>Eingelassen werden nur Personen der Kategorien \u201egeimpft\u201c, \u201egetestet\u201c und \u201egenesen\u201c. Diese m\u00fcssen einen Nachweis erbringen, um die Kirche betreten zu d\u00fcrfen. Bei der Einlasskontrolle werden die Besucher gez\u00e4hlt. Die maximal erlaubte Besucherzahl darf nicht \u00fcberschritten werden.<\/p>\n\n\n\n<p>St. Johannis: 250 Personen<br>St. Salvator: 150 Personen<br>St. Trinitatis: 60 Personen<br>St. Peter &amp; Gemeindezentrum Bieblach: 25 Personen<br>St. Michael: 20 Personen<\/p>\n","protected":false},"excerpt":{"rendered":"<div class=\"mh-excerpt\"><p>10 Uhr bis 11 Uhr: Gottesdienst, Kirche St. Salvator, mit Pfarrer Stefan K\u00f6rner 10.30 Uhr bis 11.30 Uhr: Heilige Messe, Kirche St. Elisabeth Eingelassen werden nur Personen der Kategorien \u201egeimpft\u201c, \u201egetestet\u201c und \u201egenesen\u201c. Diese m\u00fcssen <a class=\"mh-excerpt-more\" href=\"https:\/\/www.studiogera.de\/001\/2021\/12\/25\/gottesdienste-am-25-dezember-2021\/\" title=\"GOTTESDIENSTE AM 25. DEZEMBER 2021\">[&#8230;]<\/a><\/p>\n<\/div>","protected":false},"author":2,"featured_media":17445,"comment_status":"open","ping_status":"open","sticky":false,"template":"","format":"standard","meta":{"footnotes":""},"categories":[16],"tags":[],"class_list":{"0":"post-17452","1":"post","2":"type-post","3":"status-publish","4":"format-standard","5":"has-post-thumbnail","7":"category-kurzmitteilungen"},"_links":{"self":[{"href":"https:\/\/www.studiogera.de\/001\/wp-json\/wp\/v2\/posts\/17452","targetHints":{"allow":["GET"]}}],"collection":[{"href":"https:\/\/www.studiogera.de\/001\/wp-json\/wp\/v2\/posts"}],"about":[{"href":"https:\/\/www.studiogera.de\/001\/wp-json\/wp\/v2\/types\/post"}],"author":[{"embeddable":true,"href":"https:\/\/www.studiogera.de\/001\/wp-json\/wp\/v2\/users\/2"}],"replies":[{"embeddable":true,"href":"https:\/\/www.studiogera.de\/001\/wp-json\/wp\/v2\/comments?post=17452"}],"version-history":[{"count":1,"href":"https:\/\/www.studiogera.de\/001\/wp-json\/wp\/v2\/posts\/17452\/revisions"}],"predecessor-version":[{"id":17453,"href":"https:\/\/www.studiogera.de\/001\/wp-json\/wp\/v2\/posts\/17452\/revisions\/17453"}],"wp:featuredmedia":[{"embeddable":true,"href":"https:\/\/www.studiogera.de\/001\/wp-json\/wp\/v2\/media\/17445"}],"wp:attachment":[{"href":"https:\/\/www.studiogera.de\/001\/wp-json\/wp\/v2\/media?parent=17452"}],"wp:term":[{"taxonomy":"category","embeddable":true,"href":"https:\/\/www.studiogera.de\/001\/wp-json\/wp\/v2\/categories?post=17452"},{"taxonomy":"post_tag","embeddable":true,"href":"https:\/\/www.studiogera.de\/001\/wp-json\/wp\/v2\/tags?post=17452"}],"curies":[{"name":"wp","href":"https:\/\/api.w.org\/{rel}","templated":true}]}}