{"id":17463,"date":"2021-12-27T00:46:58","date_gmt":"2021-12-26T23:46:58","guid":{"rendered":"http:\/\/www.studiogera.de\/001\/?p=17463"},"modified":"2021-12-27T00:46:59","modified_gmt":"2021-12-26T23:46:59","slug":"warnung-vor-glatteis","status":"publish","type":"post","link":"https:\/\/www.studiogera.de\/001\/2021\/12\/27\/warnung-vor-glatteis\/","title":{"rendered":"WARNUNG VOR GLATTEIS"},"content":{"rendered":"\n<p>Der Deutsche Wetterdienst warnt vor \u00fcberfrierender N\u00e4sse und Glatteis. Um 0 Uhr lag die Temperatur im Stadtzentrum um den Gefrierpunkt. Mehrere Regenwolken \u00fcberqueren Deutschland in der Nacht von S\u00fcdwest nach Nordost. Mit den Tiefstwerten ist in der vierten und f\u00fcnften Stunde zu rechnen.<\/p>\n","protected":false},"excerpt":{"rendered":"<div class=\"mh-excerpt\"><p>Der Deutsche Wetterdienst warnt vor \u00fcberfrierender N\u00e4sse und Glatteis. Um 0 Uhr lag die Temperatur im Stadtzentrum um den Gefrierpunkt. Mehrere Regenwolken \u00fcberqueren Deutschland in der Nacht von S\u00fcdwest nach Nordost. Mit den Tiefstwerten ist <a class=\"mh-excerpt-more\" href=\"https:\/\/www.studiogera.de\/001\/2021\/12\/27\/warnung-vor-glatteis\/\" title=\"WARNUNG VOR GLATTEIS\">[&#8230;]<\/a><\/p>\n<\/div>","protected":false},"author":3,"featured_media":12152,"comment_status":"open","ping_status":"open","sticky":false,"template":"","format":"standard","meta":{"footnotes":""},"categories":[16],"tags":[],"class_list":{"0":"post-17463","1":"post","2":"type-post","3":"status-publish","4":"format-standard","5":"has-post-thumbnail","7":"category-kurzmitteilungen"},"_links":{"self":[{"href":"https:\/\/www.studiogera.de\/001\/wp-json\/wp\/v2\/posts\/17463","targetHints":{"allow":["GET"]}}],"collection":[{"href":"https:\/\/www.studiogera.de\/001\/wp-json\/wp\/v2\/posts"}],"about":[{"href":"https:\/\/www.studiogera.de\/001\/wp-json\/wp\/v2\/types\/post"}],"author":[{"embeddable":true,"href":"https:\/\/www.studiogera.de\/001\/wp-json\/wp\/v2\/users\/3"}],"replies":[{"embeddable":true,"href":"https:\/\/www.studiogera.de\/001\/wp-json\/wp\/v2\/comments?post=17463"}],"version-history":[{"count":1,"href":"https:\/\/www.studiogera.de\/001\/wp-json\/wp\/v2\/posts\/17463\/revisions"}],"predecessor-version":[{"id":17464,"href":"https:\/\/www.studiogera.de\/001\/wp-json\/wp\/v2\/posts\/17463\/revisions\/17464"}],"wp:featuredmedia":[{"embeddable":true,"href":"https:\/\/www.studiogera.de\/001\/wp-json\/wp\/v2\/media\/12152"}],"wp:attachment":[{"href":"https:\/\/www.studiogera.de\/001\/wp-json\/wp\/v2\/media?parent=17463"}],"wp:term":[{"taxonomy":"category","embeddable":true,"href":"https:\/\/www.studiogera.de\/001\/wp-json\/wp\/v2\/categories?post=17463"},{"taxonomy":"post_tag","embeddable":true,"href":"https:\/\/www.studiogera.de\/001\/wp-json\/wp\/v2\/tags?post=17463"}],"curies":[{"name":"wp","href":"https:\/\/api.w.org\/{rel}","templated":true}]}}