{"id":17496,"date":"2021-12-27T21:55:54","date_gmt":"2021-12-27T20:55:54","guid":{"rendered":"http:\/\/www.studiogera.de\/001\/?p=17496"},"modified":"2021-12-27T22:54:54","modified_gmt":"2021-12-27T21:54:54","slug":"aufklaerung-der-protestteilnehmer-am-geraer-theater","status":"publish","type":"post","link":"https:\/\/www.studiogera.de\/001\/2021\/12\/27\/aufklaerung-der-protestteilnehmer-am-geraer-theater\/","title":{"rendered":"AUFKL\u00c4RUNG DER PROTESTTEILNEHMER AM GERAER THEATER"},"content":{"rendered":"\n<p>Am 27. Dezember 2021 war im Auftrag der Stadt Gera eine Bewegtbildprojektion zur Corona-Pandemie an der Fassade des Geraer Theaters zu sehen. Damit sollten die Protestteilnehmer aus Sicht der Initiatoren informiert und aufgekl\u00e4rt werden. Grund daf\u00fcr sind laut Stadtverwaltung die unangemeldeten \u201eSpazierg\u00e4nge\u201c, bei denen weder ausreichend Abstand gehalten noch Mund-Nase-Bedeckungen getragen werden. Die Projektion des fast viermin\u00fctigen Videobeitrages begann um 19 Uhr.<\/p>\n\n\n\n<p>Nach seiner Stellungnahme zum letzten Corona-Protestzug am 20. Dezember 2021, m\u00f6chte der Geraer Oberb\u00fcrgermeister auch Taten folgen lassen:<\/p>\n\n\n\n<blockquote class=\"wp-block-quote is-layout-flow wp-block-quote-is-layout-flow\"><p>\u201eWir als Kommune m\u00fcssen Verantwortung \u00fcbernehmen, indem wir die B\u00fcrgerinnen und B\u00fcrger vor Ort aufkl\u00e4ren. Die Initiative hierzu entstand im Krisenstab der Stadt Gera. Aus diesem Grund m\u00fcssen wir an die Vernunft der Menschen appellieren, die mit ihrer Teilnahme an den letzten &#8218;Spazierg\u00e4ngen&#8216;, aber auch dem heutigen Protestmarsch nicht nur ihre eigene, sondern auch die Gesundheit der anderen gef\u00e4hrden. Mit Hilfe des Videoclips m\u00f6chten wir diesen Menschen die Augen \u00f6ffnen. Nur durch ein gemeinsames, solidarisches und verantwortungsvolles Handeln k\u00f6nnen wir das Virus bek\u00e4mpfen. Es zeigt sich auch, dass es inzwischen eine Art Protesttourismus durch die St\u00e4dte und Gemeinden gibt. Hier gilt es unver\u00e4ndert, auch nach fast zwei Jahren der Pandemie, mit Fakten \u00dcberzeugungsarbeit zu leisten. Es zeigt sich aber auch ganz deutlich, dass der allergr\u00f6\u00dfte Teil der Bev\u00f6lkerung die derzeitigen Ma\u00dfnahmen tr\u00e4gt und verantwortungsvoll damit umgeht. Denen gilt der Dank genauso wie all den Pflegekr\u00e4ften sowie den \u00c4rztinnen und \u00c4rzten in den Krankenh\u00e4usern, die an und \u00fcber der Belastungsgrenze arbeiten.\u201c<\/p><\/blockquote>\n\n\n\n<p>Am heutigen Montag soll es in \u00fcber eintausend Orten in Deutschland, mehr als 140 in Sachsen und etwa 50 in Th\u00fcringen zu Protestversammlungen gekommen sein. Das teilten die Administratoren entsprechender Netzwerke mit und sprachen von den gr\u00f6\u00dften Massenprotesten seit Bestehen der Bundesrepublik Deutschland. Ersten Sch\u00e4tzungen zufolge nahmen in Gera am 27. Dezember 2021 mehr als 3000 Menschen an dem Protestzug teil.<\/p>\n","protected":false},"excerpt":{"rendered":"<div class=\"mh-excerpt\"><p>Am 27. Dezember 2021 war im Auftrag der Stadt Gera eine Bewegtbildprojektion zur Corona-Pandemie an der Fassade des Geraer Theaters zu sehen. Damit sollten die Protestteilnehmer aus Sicht der Initiatoren informiert und aufgekl\u00e4rt werden. Grund <a class=\"mh-excerpt-more\" href=\"https:\/\/www.studiogera.de\/001\/2021\/12\/27\/aufklaerung-der-protestteilnehmer-am-geraer-theater\/\" title=\"AUFKL\u00c4RUNG DER PROTESTTEILNEHMER AM GERAER THEATER\">[&#8230;]<\/a><\/p>\n<\/div>","protected":false},"author":2,"featured_media":17499,"comment_status":"open","ping_status":"open","sticky":false,"template":"","format":"standard","meta":{"footnotes":""},"categories":[3],"tags":[],"class_list":{"0":"post-17496","1":"post","2":"type-post","3":"status-publish","4":"format-standard","5":"has-post-thumbnail","7":"category-lokal"},"_links":{"self":[{"href":"https:\/\/www.studiogera.de\/001\/wp-json\/wp\/v2\/posts\/17496","targetHints":{"allow":["GET"]}}],"collection":[{"href":"https:\/\/www.studiogera.de\/001\/wp-json\/wp\/v2\/posts"}],"about":[{"href":"https:\/\/www.studiogera.de\/001\/wp-json\/wp\/v2\/types\/post"}],"author":[{"embeddable":true,"href":"https:\/\/www.studiogera.de\/001\/wp-json\/wp\/v2\/users\/2"}],"replies":[{"embeddable":true,"href":"https:\/\/www.studiogera.de\/001\/wp-json\/wp\/v2\/comments?post=17496"}],"version-history":[{"count":5,"href":"https:\/\/www.studiogera.de\/001\/wp-json\/wp\/v2\/posts\/17496\/revisions"}],"predecessor-version":[{"id":17504,"href":"https:\/\/www.studiogera.de\/001\/wp-json\/wp\/v2\/posts\/17496\/revisions\/17504"}],"wp:featuredmedia":[{"embeddable":true,"href":"https:\/\/www.studiogera.de\/001\/wp-json\/wp\/v2\/media\/17499"}],"wp:attachment":[{"href":"https:\/\/www.studiogera.de\/001\/wp-json\/wp\/v2\/media?parent=17496"}],"wp:term":[{"taxonomy":"category","embeddable":true,"href":"https:\/\/www.studiogera.de\/001\/wp-json\/wp\/v2\/categories?post=17496"},{"taxonomy":"post_tag","embeddable":true,"href":"https:\/\/www.studiogera.de\/001\/wp-json\/wp\/v2\/tags?post=17496"}],"curies":[{"name":"wp","href":"https:\/\/api.w.org\/{rel}","templated":true}]}}