{"id":17512,"date":"2021-12-28T14:06:00","date_gmt":"2021-12-28T13:06:00","guid":{"rendered":"http:\/\/www.studiogera.de\/001\/?p=17512"},"modified":"2021-12-28T18:47:00","modified_gmt":"2021-12-28T17:47:00","slug":"die-stadtischen-museen-bleiben-weiterhin-geschlossen","status":"publish","type":"post","link":"https:\/\/www.studiogera.de\/001\/2021\/12\/28\/die-stadtischen-museen-bleiben-weiterhin-geschlossen\/","title":{"rendered":"MUSEEN BLEIBEN WEGEN PERSONALABZUG GESCHLOSSEN"},"content":{"rendered":"\n<p>Nach Angaben der Stadtverwaltung bleiben die st\u00e4dtischen Museen auch nach Silvester f\u00fcr den Publikumsverkehr geschlossen. Als Grund wird die \u201eSicherstellung aller T\u00e4tigkeiten im Rahmen der Corona-Pandemie\u201c angegeben. Dies habe vor allem unter Kulturliebhabern f\u00fcr Kritik gesorgt, da andernorts die Museen ge\u00f6ffnet seien. Der Oberb\u00fcrgermeister erkl\u00e4rt die Schlie\u00dfung wie folgt:<\/p>\n\n\n\n<blockquote class=\"wp-block-quote is-layout-flow wp-block-quote-is-layout-flow\"><p>\u201eUnser Gesundheitsamt ben\u00f6tigt aufgrund der sehr hohen Fallzahlen personelle Unterst\u00fctzung. Aus diesem Grund m\u00fcssen Kolleginnen und Kollegen aus anderen \u00c4mtern die Mitarbeitenden vor Ort sowie den Krisenstab unterst\u00fctzen. Bisher lassen die Fallzahlen und die Entwicklung in den Krankenh\u00e4usern keine \u00c4nderung dieser Entscheidung zu, denn die Situation bleibt weiterhin sehr angespannt. Es ist mir bewusst, dass diese Entscheidung unterschiedliche Facetten hat und mitunter nicht \u00fcberall auf Verst\u00e4ndnis st\u00f6\u00dft, aber die Gesundheit in unserem Gemeinwesen hat stets h\u00f6chste Priorit\u00e4t.\u201c<\/p><\/blockquote>\n\n\n\n<p>Au\u00dferdem sei die Verwaltung in der Verpflichtung, alle obligatorischen Aufgaben zur Aufrechterhaltung der Funktionsf\u00e4higkeit einer Kommune f\u00fcr die B\u00fcrgerinnen und B\u00fcrger Geras sicherzustellen. Der Oberb\u00fcrgermeister erachtet die Schlie\u00dfung deshalb als notwendig:<\/p>\n\n\n\n<blockquote class=\"wp-block-quote is-layout-flow wp-block-quote-is-layout-flow\"><p>\u201eAlles andere muss in Krisenzeiten zur\u00fcck stehen. Auch wunderbare Dinge wie kulturelle Veranstaltungen oder ein Besuch in einem Museum.\u201c<\/p><\/blockquote>\n\n\n\n<p>S\u00e4mtliche st\u00e4dtische Museen sind bereits seit Montag, den 22. November 2021, f\u00fcr den Publikumsverkehr geschlossen. Was in anderen St\u00e4dten m\u00f6glich sei, w\u00fcrde nicht zwangsl\u00e4ufig auf die Stadt Gera und eine individuelle Personalsituation zutreffen. Auch h\u00e4tten sich in den vergangenen Wochen zahlreiche weitere Kommunen Th\u00fcringens dazu entschieden, ihre Kulturst\u00e4tten zu schlie\u00dfen, so der Oberb\u00fcrgermeister. Aber anders als in Gera seien oftmals auch die Theater der Kommunen betroffen. Im Gegensatz zu diesen habe das Theater Gera-Altenburg seine die T\u00fcren weiterhin f\u00fcr Besucher unter den geltenden Hygienema\u00dfnahmen ge\u00f6ffnet.<\/p>\n\n\n\n<p>Sobald sich die epidemische Lage entspanne, werde die Wieder\u00f6ffnung der Museen eines der Fokusthemen mit Blick auf die R\u00fcckkehr zur Normalit\u00e4t darstellen, so die Stadtverwaltung. Mit Stand 27. Dezember 2021 gab es in Gera, hochgerechnet auf 100&#8217;000 Einwohner, 528,6 positiv getestete Personen in einem Zeitraum von sieben Tagen. Das Gesundheitsamt muss Testergebnisse entgegennehmen, Kontakte nachverfolgen und Anordnungen zur \u201eh\u00e4uslichen Absonderung\u201c versenden.<\/p>\n","protected":false},"excerpt":{"rendered":"<div class=\"mh-excerpt\"><p>Nach Angaben der Stadtverwaltung bleiben die st\u00e4dtischen Museen auch nach Silvester f\u00fcr den Publikumsverkehr geschlossen. Als Grund wird die \u201eSicherstellung aller T\u00e4tigkeiten im Rahmen der Corona-Pandemie\u201c angegeben. Dies habe vor allem unter Kulturliebhabern f\u00fcr Kritik <a class=\"mh-excerpt-more\" href=\"https:\/\/www.studiogera.de\/001\/2021\/12\/28\/die-stadtischen-museen-bleiben-weiterhin-geschlossen\/\" title=\"MUSEEN BLEIBEN WEGEN PERSONALABZUG GESCHLOSSEN\">[&#8230;]<\/a><\/p>\n<\/div>","protected":false},"author":2,"featured_media":11131,"comment_status":"open","ping_status":"open","sticky":false,"template":"","format":"standard","meta":{"footnotes":""},"categories":[3],"tags":[],"class_list":{"0":"post-17512","1":"post","2":"type-post","3":"status-publish","4":"format-standard","5":"has-post-thumbnail","7":"category-lokal"},"_links":{"self":[{"href":"https:\/\/www.studiogera.de\/001\/wp-json\/wp\/v2\/posts\/17512","targetHints":{"allow":["GET"]}}],"collection":[{"href":"https:\/\/www.studiogera.de\/001\/wp-json\/wp\/v2\/posts"}],"about":[{"href":"https:\/\/www.studiogera.de\/001\/wp-json\/wp\/v2\/types\/post"}],"author":[{"embeddable":true,"href":"https:\/\/www.studiogera.de\/001\/wp-json\/wp\/v2\/users\/2"}],"replies":[{"embeddable":true,"href":"https:\/\/www.studiogera.de\/001\/wp-json\/wp\/v2\/comments?post=17512"}],"version-history":[{"count":3,"href":"https:\/\/www.studiogera.de\/001\/wp-json\/wp\/v2\/posts\/17512\/revisions"}],"predecessor-version":[{"id":17518,"href":"https:\/\/www.studiogera.de\/001\/wp-json\/wp\/v2\/posts\/17512\/revisions\/17518"}],"wp:featuredmedia":[{"embeddable":true,"href":"https:\/\/www.studiogera.de\/001\/wp-json\/wp\/v2\/media\/11131"}],"wp:attachment":[{"href":"https:\/\/www.studiogera.de\/001\/wp-json\/wp\/v2\/media?parent=17512"}],"wp:term":[{"taxonomy":"category","embeddable":true,"href":"https:\/\/www.studiogera.de\/001\/wp-json\/wp\/v2\/categories?post=17512"},{"taxonomy":"post_tag","embeddable":true,"href":"https:\/\/www.studiogera.de\/001\/wp-json\/wp\/v2\/tags?post=17512"}],"curies":[{"name":"wp","href":"https:\/\/api.w.org\/{rel}","templated":true}]}}