{"id":17519,"date":"2021-12-28T23:12:49","date_gmt":"2021-12-28T22:12:49","guid":{"rendered":"http:\/\/www.studiogera.de\/001\/?p=17519"},"modified":"2021-12-28T23:15:45","modified_gmt":"2021-12-28T22:15:45","slug":"krankenkasse-barmer-stellt-neuen-geschaeftsfuehrer-vor","status":"publish","type":"post","link":"https:\/\/www.studiogera.de\/001\/2021\/12\/28\/krankenkasse-barmer-stellt-neuen-geschaeftsfuehrer-vor\/","title":{"rendered":"KRANKENKASSE BARMER STELLT NEUEN GESCH\u00c4FTSF\u00dcHRER VOR"},"content":{"rendered":"\n<p>Die Krankenkasse Barmer in Gera hat nicht nur neue R\u00e4ume in der Otto-Dix-Passage bezogen, sondern seit Dezember 2021 auch Verst\u00e4rkung durch einen neuen Regionalgesch\u00e4ftsf\u00fchrer. Sirko Mielcarek wechselt von Leipzig nach Gera. Zusammen mit seinem Team von acht Mitarbeiterinnen und Mitarbeitern ist er k\u00fcnftig f\u00fcr die rund 24&#8217;000 Barmer-Versicherten in der Region da.<\/p>\n\n\n\n<p>\u201eJeder Mensch hat sein Rezept, gesund zu bleiben. Und wenn das mal nicht hilft, helfen wir\u201c, hat sich Sirko Mielcarek das Motto seines Arbeitgebers zu eigen gemacht. Service und individuelle Unterst\u00fctzung f\u00fcr die Versicherten und Familien sind f\u00fcr ihn das A und O. Und das auf allen Wegen. Sei es telefonisch, per Mail oder direkt vor Ort in den R\u00e4umen der Barmer im Herzen Geras. Auch Hausbesuche w\u00fcrden bei Bedarf m\u00f6glich gemacht.<\/p>\n\n\n\n<p><strong>Krankenstand in der Region weit \u00fcberdurchschnittlich<\/strong><br>Viel Potenzial sieht Sirko Mielcarek beim Thema Gesundheit insbesondere in den Unternehmen und Betrieben der Region. \u201eBei den Besch\u00e4ftigten in Gera, im Kreis Greiz und im Altenburger Land liegt der Krankenstand um 25 Prozent \u00fcber dem deutschen Durchschnitt\u201c, gibt er zu verstehen. Gemeinsam mit den Unternehmen wolle er bestehende Defizite bei der Mitarbeitergesundheit ausmerzen. \u201eGesunde Besch\u00e4ftigte sind f\u00fcr jedes Unternehmen die Basis f\u00fcr wirtschaftlichen Erfolg\u201c, ist Mielcarek \u00fcberzeugt. Betriebliches Gesundheitsmanagement sei zudem der Schl\u00fcssel f\u00fcr mehr Mitarbeiterzufriedenheit.<\/p>\n\n\n\n<p><strong>Videosprechstunden und elektronische Patientenakten<\/strong><br>Zudem sieht der neue \u201eMister Barmer\u201c in der Digitalisierung neue Chancen f\u00fcr die Menschen in er Region. Die nehme im Gesundheitswesen zunehmend an Fahrt auf, beispielsweise durch Videosprechstunden und die neu eingef\u00fchrte elektronische Patientenakte. \u201eIn l\u00e4ndlichen Regionen wird das zu einer Verbesserung in der Versorgung f\u00fchren\u201c, sagt Sirko Mielcarek. So k\u00f6nnten weite Anfahrtswege vermieden werden, die Kommunikation und der Informationsaustausch umfassender und schneller werden. \u201eWir werden die Menschen vor Ort bei ihrem Weg in die digitale Zukunft begleiten und ihnen zur Seite stehen\u201c, verspricht der 47-j\u00e4hrige Vater zweier T\u00f6chter. Gera und Umgebung sind f\u00fcr ihn \u00fcbrigens kein unbekanntes Terrain. Er kennt die Region bereits seit seiner Kindheit.<\/p>\n\n\n\n<p><strong>Herr Mielcarek, was verschl\u00e4gt Sie nach Gera?<\/strong><br>Bislang habe ich eine Gesch\u00e4ftsstelle der Barmer in Leipzig geleitet. Nun kehre ich zur\u00fcck zu meinen Wurzeln. Gera und die Region kenne ich bereits seit meiner Kindheit. In Sachen Gesundheit gibt es noch gro\u00dfe Potenziale in Ostth\u00fcringen. Die will ich f\u00fcr die Menschen und Unternehmen nutzbar machen.<\/p>\n\n\n\n<p><strong>Potenziale in Sachen Gesundheit?<\/strong><br>Der Krankenstand von Berufst\u00e4tigen in Gera, im Kreis Greiz und im Altenburger Land liegt rund 25 Prozent \u00fcber dem deutschen Durchschnitt. Dieses Defizit wollen mein Team und ich gemeinsam mit den Unternehmen aufholen. Gesunde Besch\u00e4ftigte sind f\u00fcr jedes Unternehmen die Basis f\u00fcr wirtschaftlichen Erfolg. Deshalb ist Gesundheitsf\u00f6rderung immer auch Wirtschaftsf\u00f6rderung. Die braucht es in Ostth\u00fcringen und wir sind daf\u00fcr Partner und Ansprechpartner f\u00fcr die Betriebe.<\/p>\n\n\n\n<p><strong>Auch f\u00fcr die Versicherten?<\/strong><br>Selbstverst\u00e4ndlich! Wir haben in der Region rund 24&#8217;000 Versicherte. F\u00fcr all diese Menschen wollen wir bestm\u00f6glich da sein, damit im Krankheitsfall Zeit f\u00fcrs Wesentliche bleibt \u2014 f\u00fcrs Gesund werden. Service und individuelle Unterst\u00fctzung f\u00fcr die Versicherten und Familien sind f\u00fcr das A und O in unserer Arbeit. Und das auf allen Wegen. Sei es telefonisch, per Mail oder direkt vor Ort in den neuen R\u00e4umen der Barmer im Herzen Geras. Auch Hausbesuche machen wir bei Bedarf m\u00f6glich.<\/p>\n\n\n\n<p><strong>Welches Thema ist das aktuell Wichtigste in Ihrer Arbeit?<\/strong><br>Ein gro\u00dfes Thema ist die Digitalisierung, die sicher durch die Corona-Pandemie einen zus\u00e4tzlichen Schub erfahren hat. Das bemerken wir auch bei unseren Versicherten. Unz\u00e4hlige Menschen nutzen mittlerweile Videosprechstunden. Au\u00dferdem gibt es eine gro\u00dfe Nachfrage nach unseren Online Fitness-Trainings und -Gesundheitskursen, beispielsweise zu den Themen Stress, Ern\u00e4hrung und Schlaf. Die Leute wollen sich fit halten und wir unterst\u00fctzen sie dabei. Viele Versicherte kommen auch mit Fragen zur neuen elektronischen Patientenakte.<\/p>\n\n\n\n<p>QUELLE: BARMER<\/p>\n","protected":false},"excerpt":{"rendered":"<div class=\"mh-excerpt\"><p>Die Krankenkasse Barmer in Gera hat nicht nur neue R\u00e4ume in der Otto-Dix-Passage bezogen, sondern seit Dezember 2021 auch Verst\u00e4rkung durch einen neuen Regionalgesch\u00e4ftsf\u00fchrer. Sirko Mielcarek wechselt von Leipzig nach Gera. Zusammen mit seinem Team <a class=\"mh-excerpt-more\" href=\"https:\/\/www.studiogera.de\/001\/2021\/12\/28\/krankenkasse-barmer-stellt-neuen-geschaeftsfuehrer-vor\/\" title=\"KRANKENKASSE BARMER STELLT NEUEN GESCH\u00c4FTSF\u00dcHRER VOR\">[&#8230;]<\/a><\/p>\n<\/div>","protected":false},"author":2,"featured_media":17521,"comment_status":"open","ping_status":"open","sticky":false,"template":"","format":"standard","meta":{"footnotes":""},"categories":[3],"tags":[],"class_list":{"0":"post-17519","1":"post","2":"type-post","3":"status-publish","4":"format-standard","5":"has-post-thumbnail","7":"category-lokal"},"_links":{"self":[{"href":"https:\/\/www.studiogera.de\/001\/wp-json\/wp\/v2\/posts\/17519","targetHints":{"allow":["GET"]}}],"collection":[{"href":"https:\/\/www.studiogera.de\/001\/wp-json\/wp\/v2\/posts"}],"about":[{"href":"https:\/\/www.studiogera.de\/001\/wp-json\/wp\/v2\/types\/post"}],"author":[{"embeddable":true,"href":"https:\/\/www.studiogera.de\/001\/wp-json\/wp\/v2\/users\/2"}],"replies":[{"embeddable":true,"href":"https:\/\/www.studiogera.de\/001\/wp-json\/wp\/v2\/comments?post=17519"}],"version-history":[{"count":5,"href":"https:\/\/www.studiogera.de\/001\/wp-json\/wp\/v2\/posts\/17519\/revisions"}],"predecessor-version":[{"id":17525,"href":"https:\/\/www.studiogera.de\/001\/wp-json\/wp\/v2\/posts\/17519\/revisions\/17525"}],"wp:featuredmedia":[{"embeddable":true,"href":"https:\/\/www.studiogera.de\/001\/wp-json\/wp\/v2\/media\/17521"}],"wp:attachment":[{"href":"https:\/\/www.studiogera.de\/001\/wp-json\/wp\/v2\/media?parent=17519"}],"wp:term":[{"taxonomy":"category","embeddable":true,"href":"https:\/\/www.studiogera.de\/001\/wp-json\/wp\/v2\/categories?post=17519"},{"taxonomy":"post_tag","embeddable":true,"href":"https:\/\/www.studiogera.de\/001\/wp-json\/wp\/v2\/tags?post=17519"}],"curies":[{"name":"wp","href":"https:\/\/api.w.org\/{rel}","templated":true}]}}