{"id":17540,"date":"2021-12-30T06:01:00","date_gmt":"2021-12-30T05:01:00","guid":{"rendered":"http:\/\/www.studiogera.de\/001\/?p=17540"},"modified":"2021-12-29T14:04:18","modified_gmt":"2021-12-29T13:04:18","slug":"erinnerungen-fuer-geplanten-audiospaziergang-stadtgesichter-2022-gesucht","status":"publish","type":"post","link":"https:\/\/www.studiogera.de\/001\/2021\/12\/30\/erinnerungen-fuer-geplanten-audiospaziergang-stadtgesichter-2022-gesucht\/","title":{"rendered":"ERINNERUNGEN F\u00dcR GEPLANTEN AUDIOSPAZIERGANG \u201eSTADTGESICHTER 2022\u201c GESUCHT"},"content":{"rendered":"\n<p>F\u00fcr eine Neuauflage des Audiospaziergangs \u201eStadtgesichter\u201c sucht die Stadtverwaltung Menschen, die mit bekannten st\u00e4dtischen Geb\u00e4uden und Pl\u00e4tzen pers\u00f6nliche Erinnerungen verbinden und diese gerne mit den Geraern sowie ihren G\u00e4sten teilen m\u00f6chten.<\/p>\n\n\n\n<p>Mit dem unentgeltlichen, etwa einst\u00fcndigen Audiospaziergang, der im Fr\u00fchjahr 2022 erscheinen soll, wird Touristen und Einheimischen an rund zehn Stationen Wissenswertes rund um Gera und seine Architektur- und Baugeschichte vermittelt. Dieses Mal begleiten die Zuh\u00f6rer eine Reisende, die sich auf eine Entdeckungstour durch Gera begibt. Ein Spiel zwischen Fiktion und Realit\u00e4t entwickelt sich, das viel Spannendes bereith\u00e4lt. Der Themenweg soll am Hauptbahnhof beginnen, f\u00fchrt dann \u00fcber die Johanniskirche in die Innenstadt zum Johannisplatz, und schlie\u00dflich nach Alt-Untermhaus. Den Abschluss bildet der Osterstein.<\/p>\n\n\n\n<p>\u201eMit unseren Audiowalks und den kurzen H\u00f6rspielen wollen wir Stadtgeschichte erlebbar machen und Geraer Orte auf unterhaltsame und authentische Weise n\u00e4her bringen. Ein besonderes Highlight ist, dass wir pers\u00f6nliche Erinnerungen der Menschen, die hier leben, integrieren\u201c, so Yvonne Thielemann, Leiterin der Abteilung Stadterneuerung im Geraer Stadtplanungsamt. F\u00fcr die neue Tour sucht die Projektverantwortliche private Anekdoten und historisches Wissen zu folgenden stadtgeschichtlich und architektonisch herausragenden Geb\u00e4uden und Pl\u00e4tzen Geras:<\/p>\n\n\n\n<p>\u2022 Johanniskirche und Johannisplatz<br>\u2022 Theater<br>\u2022 Villa Vo\u00df, Parkstra\u00dfe 10<br>\u2022 Orangerie und K\u00fcchengarten<br>\u2022 Marienkirche<br>\u2022 H\u00e4user Gries 5 und Gries 7<br>\u2022 Schloss Osterstein und Hofgut<\/p>\n\n\n\n<p>Bereits im Jahre 2019 konnten B\u00fcrgerinnen und B\u00fcrger gefunden werden, die anl\u00e4sslich des Tages der St\u00e4dtebauf\u00f6rderung ihre Erinnerungen f\u00fcr die erste Auflage des Audiospaziergangs teilten. Damit wurde eine Tradition begr\u00fcndet. Regelm\u00e4\u00dfig zum Tag der St\u00e4dtebauf\u00f6rderung ver\u00f6ffentlicht die Stadtverwaltung neue Geschichten und will so die st\u00e4dtische Erinnerungskultur nachhaltig bereichern.<\/p>\n\n\n\n<p>Interessenten k\u00f6nnen sich direkt mit Yvonne Thielemann in Verbindung setzen. Sie ist erreichbar beim Stadtplanungsamt der Stadtverwaltung, Abteilung f\u00fcr Stadterneurung, unter der Rufnummer  0365 8384450 sowie \u00fcber \u201estadtplanungsamt@gera.de\u201c. Der Audiospaziergang \u201eStadtgesichter 2019\u201c ist abrufbar unter der Adresse \u201ehttps:\/\/stadtgesichter.gera.de\/\u201c.<\/p>\n\n\n\n<p>QUELLE: STADTVERWALTUNG<\/p>\n","protected":false},"excerpt":{"rendered":"<div class=\"mh-excerpt\"><p>F\u00fcr eine Neuauflage des Audiospaziergangs \u201eStadtgesichter\u201c sucht die Stadtverwaltung Menschen, die mit bekannten st\u00e4dtischen Geb\u00e4uden und Pl\u00e4tzen pers\u00f6nliche Erinnerungen verbinden und diese gerne mit den Geraern sowie ihren G\u00e4sten teilen m\u00f6chten. Mit dem unentgeltlichen, etwa <a class=\"mh-excerpt-more\" href=\"https:\/\/www.studiogera.de\/001\/2021\/12\/30\/erinnerungen-fuer-geplanten-audiospaziergang-stadtgesichter-2022-gesucht\/\" title=\"ERINNERUNGEN F\u00dcR GEPLANTEN AUDIOSPAZIERGANG \u201eSTADTGESICHTER 2022\u201c GESUCHT\">[&#8230;]<\/a><\/p>\n<\/div>","protected":false},"author":2,"featured_media":17546,"comment_status":"open","ping_status":"open","sticky":false,"template":"","format":"standard","meta":{"footnotes":""},"categories":[7],"tags":[],"class_list":{"0":"post-17540","1":"post","2":"type-post","3":"status-publish","4":"format-standard","5":"has-post-thumbnail","7":"category-regionalkunde"},"_links":{"self":[{"href":"https:\/\/www.studiogera.de\/001\/wp-json\/wp\/v2\/posts\/17540","targetHints":{"allow":["GET"]}}],"collection":[{"href":"https:\/\/www.studiogera.de\/001\/wp-json\/wp\/v2\/posts"}],"about":[{"href":"https:\/\/www.studiogera.de\/001\/wp-json\/wp\/v2\/types\/post"}],"author":[{"embeddable":true,"href":"https:\/\/www.studiogera.de\/001\/wp-json\/wp\/v2\/users\/2"}],"replies":[{"embeddable":true,"href":"https:\/\/www.studiogera.de\/001\/wp-json\/wp\/v2\/comments?post=17540"}],"version-history":[{"count":1,"href":"https:\/\/www.studiogera.de\/001\/wp-json\/wp\/v2\/posts\/17540\/revisions"}],"predecessor-version":[{"id":17541,"href":"https:\/\/www.studiogera.de\/001\/wp-json\/wp\/v2\/posts\/17540\/revisions\/17541"}],"wp:featuredmedia":[{"embeddable":true,"href":"https:\/\/www.studiogera.de\/001\/wp-json\/wp\/v2\/media\/17546"}],"wp:attachment":[{"href":"https:\/\/www.studiogera.de\/001\/wp-json\/wp\/v2\/media?parent=17540"}],"wp:term":[{"taxonomy":"category","embeddable":true,"href":"https:\/\/www.studiogera.de\/001\/wp-json\/wp\/v2\/categories?post=17540"},{"taxonomy":"post_tag","embeddable":true,"href":"https:\/\/www.studiogera.de\/001\/wp-json\/wp\/v2\/tags?post=17540"}],"curies":[{"name":"wp","href":"https:\/\/api.w.org\/{rel}","templated":true}]}}