{"id":17548,"date":"2021-12-29T18:45:41","date_gmt":"2021-12-29T17:45:41","guid":{"rendered":"http:\/\/www.studiogera.de\/001\/?p=17548"},"modified":"2021-12-29T18:45:55","modified_gmt":"2021-12-29T17:45:55","slug":"deponie-bei-aga-wird-mit-ton-abgedeckt","status":"publish","type":"post","link":"https:\/\/www.studiogera.de\/001\/2021\/12\/29\/deponie-bei-aga-wird-mit-ton-abgedeckt\/","title":{"rendered":"DEPONIE BEI AGA WIRD MIT TON ABGEDECKT"},"content":{"rendered":"\n<p>Die Sonderabfalldeponie bei Aga wird auf einer Teilfl\u00e4che mit einer neuen Abdeckung versehen.  Der Ton von einer Jenaer Gro\u00dfbaustelle wird k\u00fcnftig die bisherige wei\u00dfe Folie ersetzen. Die Arbeiten erstrecken sich \u00fcber den Zeitraum vom 30. November 2021 bis 31. Januar 2022. Betreiber der Deponie ist die Geraer Stadtwirtschaft GmbH. Die Geraer Umweltdienste GmbH ver\u00e4u\u00dferte das Unternehmen vor wenigen Wochen an den Abfallwirtschaftszweckverband Ostth\u00fcringen.<\/p>\n","protected":false},"excerpt":{"rendered":"<div class=\"mh-excerpt\"><p>Die Sonderabfalldeponie bei Aga wird auf einer Teilfl\u00e4che mit einer neuen Abdeckung versehen. Der Ton von einer Jenaer Gro\u00dfbaustelle wird k\u00fcnftig die bisherige wei\u00dfe Folie ersetzen. Die Arbeiten erstrecken sich \u00fcber den Zeitraum vom 30. <a class=\"mh-excerpt-more\" href=\"https:\/\/www.studiogera.de\/001\/2021\/12\/29\/deponie-bei-aga-wird-mit-ton-abgedeckt\/\" title=\"DEPONIE BEI AGA WIRD MIT TON ABGEDECKT\">[&#8230;]<\/a><\/p>\n<\/div>","protected":false},"author":2,"featured_media":1630,"comment_status":"open","ping_status":"open","sticky":false,"template":"","format":"standard","meta":{"footnotes":""},"categories":[16],"tags":[],"class_list":{"0":"post-17548","1":"post","2":"type-post","3":"status-publish","4":"format-standard","5":"has-post-thumbnail","7":"category-kurzmitteilungen"},"_links":{"self":[{"href":"https:\/\/www.studiogera.de\/001\/wp-json\/wp\/v2\/posts\/17548","targetHints":{"allow":["GET"]}}],"collection":[{"href":"https:\/\/www.studiogera.de\/001\/wp-json\/wp\/v2\/posts"}],"about":[{"href":"https:\/\/www.studiogera.de\/001\/wp-json\/wp\/v2\/types\/post"}],"author":[{"embeddable":true,"href":"https:\/\/www.studiogera.de\/001\/wp-json\/wp\/v2\/users\/2"}],"replies":[{"embeddable":true,"href":"https:\/\/www.studiogera.de\/001\/wp-json\/wp\/v2\/comments?post=17548"}],"version-history":[{"count":2,"href":"https:\/\/www.studiogera.de\/001\/wp-json\/wp\/v2\/posts\/17548\/revisions"}],"predecessor-version":[{"id":17550,"href":"https:\/\/www.studiogera.de\/001\/wp-json\/wp\/v2\/posts\/17548\/revisions\/17550"}],"wp:featuredmedia":[{"embeddable":true,"href":"https:\/\/www.studiogera.de\/001\/wp-json\/wp\/v2\/media\/1630"}],"wp:attachment":[{"href":"https:\/\/www.studiogera.de\/001\/wp-json\/wp\/v2\/media?parent=17548"}],"wp:term":[{"taxonomy":"category","embeddable":true,"href":"https:\/\/www.studiogera.de\/001\/wp-json\/wp\/v2\/categories?post=17548"},{"taxonomy":"post_tag","embeddable":true,"href":"https:\/\/www.studiogera.de\/001\/wp-json\/wp\/v2\/tags?post=17548"}],"curies":[{"name":"wp","href":"https:\/\/api.w.org\/{rel}","templated":true}]}}