{"id":17551,"date":"2021-12-29T23:51:30","date_gmt":"2021-12-29T22:51:30","guid":{"rendered":"http:\/\/www.studiogera.de\/001\/?p=17551"},"modified":"2021-12-29T23:51:32","modified_gmt":"2021-12-29T22:51:32","slug":"weitere-meldungen-zu-den-themen-corona-und-impfen-7","status":"publish","type":"post","link":"https:\/\/www.studiogera.de\/001\/2021\/12\/29\/weitere-meldungen-zu-den-themen-corona-und-impfen-7\/","title":{"rendered":"WEITERE MELDUNGEN ZU DEN THEMEN CORONA UND IMPFEN"},"content":{"rendered":"\n<p>Am 29. Dezember 2021 hatten im Gebiet der Stadt Gera 735 Personen ein positives Testergebnis, und damit 0,78 % der 94&#8217;152 Einwohner. 856 B\u00fcrger befinden sich in h\u00e4uslicher Isolation.<\/p>\n\n\n\n<p>Laut Bundesgesundheitsminister Lauterbach steht Deutschland unmittelbar vor einer gro\u00dfen Omikron-Welle. Zum Jahreswechsel werde diese eintreffen. Die Booster-Impfung sei dann nicht mehr ausreichend; Lauterbach geht von der Notwendigkeit einer vierten Impfung aus.<\/p>\n\n\n\n<p>Die Weltgesundheitsorganisation sieht in der Omikron-Variante ein hohes Risiko f\u00fcr die Gesundheit. Ein schneller Anstieg der Neuinfektionen sei insbesondere in USA, Gro\u00dfbritannien, Frankreich und Italien zu beobachten, teilte die Organisation am 29. Dezember 2021 mit und geht davon aus, dass es in Europa zu zahlreichen Klinikeinweisungen kommen kann. Dies w\u00fcrde insbesondere ungeimpfte Menschen betreffen. In den genannten Staaten gelten laut Statistik vom 29. Dezember 2021 insgesamt 61,9 %, 70,4 %, 73,1 % bzw. 75 % der Menschen als vollst\u00e4ndig geimpft. In S\u00fcdafrika, wo die Omikron-Variante erstmals nachgewiesen wurde, sind derzeit 26,6 % der Menschen als vollst\u00e4ndig geimpft.<\/p>\n","protected":false},"excerpt":{"rendered":"<div class=\"mh-excerpt\"><p>Am 29. Dezember 2021 hatten im Gebiet der Stadt Gera 735 Personen ein positives Testergebnis, und damit 0,78 % der 94&#8217;152 Einwohner. 856 B\u00fcrger befinden sich in h\u00e4uslicher Isolation. Laut Bundesgesundheitsminister Lauterbach steht Deutschland unmittelbar <a class=\"mh-excerpt-more\" href=\"https:\/\/www.studiogera.de\/001\/2021\/12\/29\/weitere-meldungen-zu-den-themen-corona-und-impfen-7\/\" title=\"WEITERE MELDUNGEN ZU DEN THEMEN CORONA UND IMPFEN\">[&#8230;]<\/a><\/p>\n<\/div>","protected":false},"author":2,"featured_media":17316,"comment_status":"open","ping_status":"open","sticky":false,"template":"","format":"standard","meta":{"footnotes":""},"categories":[16],"tags":[],"class_list":{"0":"post-17551","1":"post","2":"type-post","3":"status-publish","4":"format-standard","5":"has-post-thumbnail","7":"category-kurzmitteilungen"},"_links":{"self":[{"href":"https:\/\/www.studiogera.de\/001\/wp-json\/wp\/v2\/posts\/17551","targetHints":{"allow":["GET"]}}],"collection":[{"href":"https:\/\/www.studiogera.de\/001\/wp-json\/wp\/v2\/posts"}],"about":[{"href":"https:\/\/www.studiogera.de\/001\/wp-json\/wp\/v2\/types\/post"}],"author":[{"embeddable":true,"href":"https:\/\/www.studiogera.de\/001\/wp-json\/wp\/v2\/users\/2"}],"replies":[{"embeddable":true,"href":"https:\/\/www.studiogera.de\/001\/wp-json\/wp\/v2\/comments?post=17551"}],"version-history":[{"count":1,"href":"https:\/\/www.studiogera.de\/001\/wp-json\/wp\/v2\/posts\/17551\/revisions"}],"predecessor-version":[{"id":17552,"href":"https:\/\/www.studiogera.de\/001\/wp-json\/wp\/v2\/posts\/17551\/revisions\/17552"}],"wp:featuredmedia":[{"embeddable":true,"href":"https:\/\/www.studiogera.de\/001\/wp-json\/wp\/v2\/media\/17316"}],"wp:attachment":[{"href":"https:\/\/www.studiogera.de\/001\/wp-json\/wp\/v2\/media?parent=17551"}],"wp:term":[{"taxonomy":"category","embeddable":true,"href":"https:\/\/www.studiogera.de\/001\/wp-json\/wp\/v2\/categories?post=17551"},{"taxonomy":"post_tag","embeddable":true,"href":"https:\/\/www.studiogera.de\/001\/wp-json\/wp\/v2\/tags?post=17551"}],"curies":[{"name":"wp","href":"https:\/\/api.w.org\/{rel}","templated":true}]}}