{"id":17632,"date":"2022-01-06T16:30:54","date_gmt":"2022-01-06T15:30:54","guid":{"rendered":"http:\/\/www.studiogera.de\/001\/?p=17632"},"modified":"2022-01-06T16:41:11","modified_gmt":"2022-01-06T15:41:11","slug":"welche-neuregelungen-treten-2022-in-kraft","status":"publish","type":"post","link":"https:\/\/www.studiogera.de\/001\/2022\/01\/06\/welche-neuregelungen-treten-2022-in-kraft\/","title":{"rendered":"WELCHE NEUREGELUNGEN TRETEN 2022 IN KRAFT?"},"content":{"rendered":"\n<p>In diesem Jahr treten zahlreiche gesetzliche \u00c4nderungen in Kraft. Die wichtigsten sind nachfolgend aufgef\u00fchrt.<\/p>\n\n\n\n<ul class=\"wp-block-list\"><li>Infektionsschutzgesetz: Nachweispflicht f\u00fcr Besch\u00e4ftigte in Kliniken und Heimen<\/li><li>Pflege-Schutzschirm wegen Pandemie-Situation verl\u00e4ngert<\/li><li>Zahlung der Corona-Wirtschaftshilfen auch 2022<\/li><li>Verl\u00e4ngerung des Anspruchs auf erh\u00f6htes Kurzarbeitergeld<\/li><li>erleichterter Zugang zum Kurzarbeitergeld gilt weiter<\/li><li>h\u00f6herer Hinzuverdienst bei vorgezogener Altersrente<\/li><li>K\u00fcnstlersozialabgabe bleibt stabil<\/li><li>virtuelle Betriebsversammlungen wieder m\u00f6glich<\/li><li>Anhebung des Mindestlohnes<\/li><li>elektronische Arbeitslosmeldung<\/li><li>mehr gesellschaftliche Teilhabe f\u00fcr Behinderte<\/li><li>Ausweitung des Budgets f\u00fcr Ausbildung<\/li><li>einheitliche Ansprechstellen f\u00fcr Arbeitgeber<\/li><li>neue Beitragsbemessungsgrenzen bei der Sozialversicherung<\/li><li>Regelungen zu Beitragss\u00e4tzen in der Rentenversicherung<\/li><li>Anhebung des Renteneintrittsalters<\/li><li>Anhebung der Regels\u00e4tze f\u00fcr Arbeitslosengeld II<\/li><li>Verbesserung der Absicherung bei Erwerbsminderung<\/li><li>Erh\u00f6hung des Wohngeldes f\u00fcr 640&#8217;000 Haushaltungen<\/li><li>Entlastung f\u00fcr Pflegekr\u00e4fte und Pflegebed\u00fcrftige<\/li><li>Erh\u00f6hung des Kinderzuschlages<\/li><li>Erh\u00f6hung des Unterhaltsvorschusses<\/li><li>steuerfreies Existenzminimum<\/li><li>Senkung der EEG-Umlage<\/li><li>Abschaltung weiterer Kernkraftwerke<\/li><li>neue Heizkostenabrechnungsverordnung<\/li><li>Verl\u00e4ngerung der Innovationspr\u00e4mie f\u00fcr E-Autos<\/li><li>novellierte Lades\u00e4ulenverordnung f\u00fcr einfaches Zahlen an der E-Lades\u00e4ule<\/li><li>Ablauf der ersten Umtauschfrist f\u00fcr EU-F\u00fchrerscheine<\/li><li>Pfandpflicht f\u00fcr alle Einweg-Getr\u00e4nkeflaschen aus Kunststoff<\/li><li>Verbot d\u00fcnner Kunststofft\u00fcten<\/li><li>R\u00fccknahme von Altger\u00e4ten zwecks Reduzierung des Elektrom\u00fclls<\/li><li>IT-Sicherheitskennzeichen<\/li><li>Update-Pflicht f\u00fcr Smartphones<\/li><li>erweiterte Rechte beim Kauf digitaler Produkte<\/li><li>Verbot des T\u00f6tens von K\u00fcken<\/li><li>neue EU-\u00d6ko-Verordnung f\u00fcr Produktion und Kennzeichnung<\/li><li>Weihnachtsgeld bis 630 Euro gesch\u00fctzt<\/li><li>mehr als 4000 gesundheitssch\u00e4dliche Substanzen beim T\u00e4towieren verboten<\/li><\/ul>\n\n\n\n<p>Erwartet wird zudem ein Beschluss zur allgemeinen Impfpflicht. Mit dieser soll sich der Bundestag auseinandersetzen. Derzeit sind die Fraktionen damit besch\u00e4ftigt, sich zu positionieren und bereiten entsprechende Antr\u00e4ge vor.<\/p>\n","protected":false},"excerpt":{"rendered":"<div class=\"mh-excerpt\"><p>In diesem Jahr treten zahlreiche gesetzliche \u00c4nderungen in Kraft. Die wichtigsten sind nachfolgend aufgef\u00fchrt. Infektionsschutzgesetz: Nachweispflicht f\u00fcr Besch\u00e4ftigte in Kliniken und Heimen Pflege-Schutzschirm wegen Pandemie-Situation verl\u00e4ngert Zahlung der Corona-Wirtschaftshilfen auch 2022 Verl\u00e4ngerung des Anspruchs auf <a class=\"mh-excerpt-more\" href=\"https:\/\/www.studiogera.de\/001\/2022\/01\/06\/welche-neuregelungen-treten-2022-in-kraft\/\" title=\"WELCHE NEUREGELUNGEN TRETEN 2022 IN KRAFT?\">[&#8230;]<\/a><\/p>\n<\/div>","protected":false},"author":2,"featured_media":9856,"comment_status":"open","ping_status":"open","sticky":false,"template":"","format":"standard","meta":{"footnotes":""},"categories":[2],"tags":[],"class_list":{"0":"post-17632","1":"post","2":"type-post","3":"status-publish","4":"format-standard","5":"has-post-thumbnail","7":"category-weltweit"},"_links":{"self":[{"href":"https:\/\/www.studiogera.de\/001\/wp-json\/wp\/v2\/posts\/17632","targetHints":{"allow":["GET"]}}],"collection":[{"href":"https:\/\/www.studiogera.de\/001\/wp-json\/wp\/v2\/posts"}],"about":[{"href":"https:\/\/www.studiogera.de\/001\/wp-json\/wp\/v2\/types\/post"}],"author":[{"embeddable":true,"href":"https:\/\/www.studiogera.de\/001\/wp-json\/wp\/v2\/users\/2"}],"replies":[{"embeddable":true,"href":"https:\/\/www.studiogera.de\/001\/wp-json\/wp\/v2\/comments?post=17632"}],"version-history":[{"count":2,"href":"https:\/\/www.studiogera.de\/001\/wp-json\/wp\/v2\/posts\/17632\/revisions"}],"predecessor-version":[{"id":17634,"href":"https:\/\/www.studiogera.de\/001\/wp-json\/wp\/v2\/posts\/17632\/revisions\/17634"}],"wp:featuredmedia":[{"embeddable":true,"href":"https:\/\/www.studiogera.de\/001\/wp-json\/wp\/v2\/media\/9856"}],"wp:attachment":[{"href":"https:\/\/www.studiogera.de\/001\/wp-json\/wp\/v2\/media?parent=17632"}],"wp:term":[{"taxonomy":"category","embeddable":true,"href":"https:\/\/www.studiogera.de\/001\/wp-json\/wp\/v2\/categories?post=17632"},{"taxonomy":"post_tag","embeddable":true,"href":"https:\/\/www.studiogera.de\/001\/wp-json\/wp\/v2\/tags?post=17632"}],"curies":[{"name":"wp","href":"https:\/\/api.w.org\/{rel}","templated":true}]}}