{"id":17639,"date":"2022-01-07T01:58:15","date_gmt":"2022-01-07T00:58:15","guid":{"rendered":"http:\/\/www.studiogera.de\/001\/?p=17639"},"modified":"2022-01-07T01:58:16","modified_gmt":"2022-01-07T00:58:16","slug":"lusan-feiert-die-entstehung-des-neubau-stadtteils","status":"publish","type":"post","link":"https:\/\/www.studiogera.de\/001\/2022\/01\/07\/lusan-feiert-die-entstehung-des-neubau-stadtteils\/","title":{"rendered":"LUSAN FEIERT DIE ENTSTEHUNG DES NEUBAU-STADTTEILS"},"content":{"rendered":"\n<p>Am Sonntag, den 2. Januar 2022, feierte Lusan die Entstehung des Neubau-Stadtteils vor 50 Jahren mit einem \u00f6kumenischen Gottesdienst.<\/p>\n\n\n\n<p>Oberb\u00fcrgermeister Julian Vonarb freut sich auf das anstehende Festjahr:<\/p>\n\n\n\n<p>\u201eGera-Lusan ist ein wohnortfreundlicher Stadtteil mit viel Gr\u00fcn und einer optimalen Infrastruktur. Ich bin immer wieder begeistert von der Verbundenheit und dem gro\u00dfen Engagement, mit dem sich viele Bewohner in Lusan in Vereinen und Organisationen, aber auch als Privatpersonen ehrenamtlich einsetzen\u201c.<\/p>\n\n\n\n<p>Er blicke positiv auf das Jubil\u00e4umsjahr und die vielen M\u00f6glichkeiten, ins Gespr\u00e4ch zu kommen:<\/p>\n\n\n\n<p>\u201eEs sind jedoch nicht nur die Gespr\u00e4che an vergangene Zeiten, sondern insbesondere auch der Blick nach vorn, auf den ich mich freue, damit Lusan weiter attraktiv und im Aufschwung bleibt\u201c.<\/p>\n\n\n\n<p>Stadtteilmanagerin Vanessa Prager, der evangelische Lusaner Pfarrer Michael Schlegel und Superintendent des Kirchenkreises, Hendrik Mattenklodt, w\u00fcnschten im evangelischen Gemeindezentrum in der Weidenstra\u00dfe allen Lusanerinnen und Lusanern ein friedliches und erlebnisreiches Festjahr mit vielen Begegnungen, Erinnerungen und Gespr\u00e4chen rund um den Stadtteil und die Geschichten, die mit diesem verbunden sind. Der Geburtstag steht unter dem Motto \u201eMit einem Fu\u00df im Paradies \u2013 Lusan wird ein halbes Jahrhundert\u201c. Seit Anfang 2021 bereitet eine Planungsgruppe rund um Vanessa Prager das Festjahr vor. Mitarbeitende der Stadtverwaltung, der Kirchen und Politik sowie engagierte B\u00fcrgerinnen und B\u00fcrger sind mit dabei. Geplant sind Zeitzeugengespr\u00e4che am jeweils letzten Mittwoch eines Monats und thematische Stadtteilspazierg\u00e4nge, um Lusan zu Fu\u00df zu entdecken und gleichzeitig gesundheitsf\u00f6rdernde Ma\u00dfnahmen anzubieten. H\u00f6hepunkt des Festjahres ist das Lusan-Fest am 2. Juli 2022. Verteilt \u00fcber den gesamten Stadtteil Lusan \u00f6ffnen Einrichtungen, Vereine und Firmen ihre T\u00fcren und zeigen, was Lusan zu bieten hat. Begleitet wird die Veranstaltung von einem B\u00fchnenprogramm mit Musik aus Lusan.<\/p>\n\n\n\n<p>Lusan als Dorf wurde 1248 erstmals urkundlich erw\u00e4hnt und im Januar 1919 nach Gera eingemeindet. Am 28. April 1972 vollzog ein L\u00f6ffelbagger symbolisch den ersten Erdaushub f\u00fcr das gr\u00f6\u00dfte Neubaugebiet Geras. Lusan wurde als Geraer Stadtteil zu Th\u00fcringens gr\u00f6\u00dfter Plattenbausiedlung. Im Jahr 1976 lebten bereits rund 10&#8217;000 Menschen in Lusan. Es verkehrte der erste Bus ins Stadtzentrum, und die Stra\u00dfenbahnlinie nahm ihren Betrieb auf. Parallel dazu entstand auch die notwendige Infrastruktur, unter anderem mit Kindereinrichtungen, Kaufhallen und Pflegeheimen. Ende der 1980er Jahre bot Lusan in den drei Gemeindeteilen Br\u00fcte, Laune und Zentrum rund 45&#8217;000 Menschen in etwa 17&#8217;000 Wohnungen eine Heimat. Innerhalb der letzten Jahre verstetigte sich die Einwohnerzahl bei 21&#8217;450 mit Stand Dezember 2019.<\/p>\n","protected":false},"excerpt":{"rendered":"<div class=\"mh-excerpt\"><p>Am Sonntag, den 2. Januar 2022, feierte Lusan die Entstehung des Neubau-Stadtteils vor 50 Jahren mit einem \u00f6kumenischen Gottesdienst. Oberb\u00fcrgermeister Julian Vonarb freut sich auf das anstehende Festjahr: \u201eGera-Lusan ist ein wohnortfreundlicher Stadtteil mit viel <a class=\"mh-excerpt-more\" href=\"https:\/\/www.studiogera.de\/001\/2022\/01\/07\/lusan-feiert-die-entstehung-des-neubau-stadtteils\/\" title=\"LUSAN FEIERT DIE ENTSTEHUNG DES NEUBAU-STADTTEILS\">[&#8230;]<\/a><\/p>\n<\/div>","protected":false},"author":2,"featured_media":17640,"comment_status":"open","ping_status":"open","sticky":false,"template":"","format":"standard","meta":{"footnotes":""},"categories":[3],"tags":[],"class_list":{"0":"post-17639","1":"post","2":"type-post","3":"status-publish","4":"format-standard","5":"has-post-thumbnail","7":"category-lokal"},"_links":{"self":[{"href":"https:\/\/www.studiogera.de\/001\/wp-json\/wp\/v2\/posts\/17639","targetHints":{"allow":["GET"]}}],"collection":[{"href":"https:\/\/www.studiogera.de\/001\/wp-json\/wp\/v2\/posts"}],"about":[{"href":"https:\/\/www.studiogera.de\/001\/wp-json\/wp\/v2\/types\/post"}],"author":[{"embeddable":true,"href":"https:\/\/www.studiogera.de\/001\/wp-json\/wp\/v2\/users\/2"}],"replies":[{"embeddable":true,"href":"https:\/\/www.studiogera.de\/001\/wp-json\/wp\/v2\/comments?post=17639"}],"version-history":[{"count":1,"href":"https:\/\/www.studiogera.de\/001\/wp-json\/wp\/v2\/posts\/17639\/revisions"}],"predecessor-version":[{"id":17641,"href":"https:\/\/www.studiogera.de\/001\/wp-json\/wp\/v2\/posts\/17639\/revisions\/17641"}],"wp:featuredmedia":[{"embeddable":true,"href":"https:\/\/www.studiogera.de\/001\/wp-json\/wp\/v2\/media\/17640"}],"wp:attachment":[{"href":"https:\/\/www.studiogera.de\/001\/wp-json\/wp\/v2\/media?parent=17639"}],"wp:term":[{"taxonomy":"category","embeddable":true,"href":"https:\/\/www.studiogera.de\/001\/wp-json\/wp\/v2\/categories?post=17639"},{"taxonomy":"post_tag","embeddable":true,"href":"https:\/\/www.studiogera.de\/001\/wp-json\/wp\/v2\/tags?post=17639"}],"curies":[{"name":"wp","href":"https:\/\/api.w.org\/{rel}","templated":true}]}}