{"id":17664,"date":"2022-01-08T00:28:49","date_gmt":"2022-01-07T23:28:49","guid":{"rendered":"http:\/\/www.studiogera.de\/001\/?p=17664"},"modified":"2022-01-08T00:48:53","modified_gmt":"2022-01-07T23:48:53","slug":"ergebnisse-der-mpk-vom-7-januar-2022","status":"publish","type":"post","link":"https:\/\/www.studiogera.de\/001\/2022\/01\/08\/ergebnisse-der-mpk-vom-7-januar-2022\/","title":{"rendered":"ERGEBNISSE DER MPK VOM 7. JANUAR 2022"},"content":{"rendered":"\n<p><em>Zur Ministerpr\u00e4sidentenkonferenz am 7. Januar 2022 wurden insgesamt 16 Vereinbarungen getroffen. Die Sitzung dauerte zweieinhalb Stunden. Am 24. Januar 2022 werden der Bundeskanzler und die Ministerpr\u00e4sidenten erneut zusammenkommen.<\/em><\/p>\n\n\n\n<p>Wie sind die getroffenen Vereinbarungen einzuordnen? Mit der Anpassung der Corona-Ma\u00dfnahmen soll vorrangig die Impfquote nach oben getrieben werden. Vor diesem Hintergrund sind alle weiteren Entscheidungen zu sehen. Dazu geh\u00f6rt es, Unannehmlichkeiten zu schaffen, die anschlie\u00dfend mit einer Impfung umgangen werden k\u00f6nnen. Daf\u00fcr werden auch wirtschaftliche Einbu\u00dfen in Kauf genommen und Hilfsgelder bereitgestellt, um die Verluste teilweise wieder auszugleichen. Unter der Annahme, dass in diesem Jahr eine vierte und f\u00fcnfte Impfung f\u00e4llig wird, ausgehend von den Bestellmengen, ist mit weiteren Beschr\u00e4nkungen zu rechnen, von denen man sich mit der jeweils neuesten Dosis befreien muss, und dennoch nicht auf das vorherige Niveau der Freiheiten zur\u00fcck gelangt. Allein die Ausweitung der dazugeh\u00f6rigen Kontrollsysteme deutet darauf hin, dass das Gesamtma\u00df der Beschr\u00e4nkungen im Laufe dieses Jahres weiter zunehmen wird.<\/p>\n\n\n\n<p>Die neuen Regelungen weichen nur geringf\u00fcgig von der Beschlussvorlage ab. Darin hei\u00dft es unter anderem:<\/p>\n\n\n\n<blockquote class=\"wp-block-quote is-layout-flow wp-block-quote-is-layout-flow\"><p>\u201eEs d\u00fcrfen sich lediglich die Angeh\u00f6rigen des eigenen Haushalts sowie h\u00f6chstens zwei Personen eines weiteren Haushaltes treffen. Kinder bis zur Vollendung des 14. Jahres sind jeweils ausgenommen.\u201c<\/p><\/blockquote>\n\n\n\n<p><a href=\"https:\/\/www.bundesregierung.de\/breg-de\/suche\/videoschaltkonferenz-des-bundeskanzlers-mit-den-regierungschefinnen-und-regierungschefs-der-laender-am-7-januar-2022-1995228\">https:\/\/www.bundesregierung.de\/breg-de\/suche\/videoschaltkonferenz-des-bundeskanzlers-mit-den-regierungschefinnen-und-regierungschefs-der-laender-am-7-januar-2022-1995228<\/a><\/p>\n\n\n\n<p>Unabh\u00e4ngig von den Inzidenzzahlen soll beim Einkaufen und im Bereich Kultur weiterhin eine Zugangsbeschr\u00e4nkung gem\u00e4\u00df der Zwei-G-Regel gelten. Demnach haben nur Menschen Zutritt, die den Status \u201egeimpft\u201c oder \u201egenesen\u201c nachweisen k\u00f6nnen.<\/p>\n\n\n\n<p>Empfohlen werden FFP-2-Masken in \u00f6ffentlichen Verkehrsmitteln und beim Einkaufen in Gesch\u00e4ften. F\u00fcr die Gastronomie wird eine Zwei-G-Plus-Regel empfohlen. Dadurch w\u00e4re zus\u00e4tzlich ein tagesaktuelles negatives Testergebnis oder eine Auffrischungsimpfung n\u00f6tig. Ein Antigen-Schnelltest ist ausreichend. Dies soll unabh\u00e4ngig von der Inzidenzzahl gelten.<\/p>\n\n\n\n<p>In den kommenden Wochen sollen Arbeitgeber und Besch\u00e4ftigte die M\u00f6glichkeiten der Heimarbeit st\u00e4rker nutzen.<\/p>\n\n\n\n<p>Kontaktpersonen, die einen vollst\u00e4ndigen Impfschutz durch die Auffrischungsimpfung nachweisen k\u00f6nnen, sollen von der h\u00e4uslichen Absonderung ausgenommen werden, ebenso neu geimpfte und genesene Personen. F\u00fcr alle anderen soll die h\u00e4usliche Absonderung nach zehn Tagen enden. F\u00fcr Personen, die im Bereich der kritischen Infrastruktur arbeiten, soll gelten, dass sie sich bei einem positiven Testergebnis nach sieben Tagen freitesten k\u00f6nnen, wenn sie zuvor 48 Stunden lang symptomfrei waren. Wer in einem Krankenhaus arbeitet, kann sich nur mit einem PCR-Test nach sieben Tagen freitesten, unter der Voraussetzung, dass er 48 Stunden lang symptomfrei war<\/p>\n\n\n\n<p>Die Wirtschaft soll mit der \u201e\u00dcberbr\u00fcckungshilfe IV\u201c gest\u00fctzt werden. Sie kann ab dem 7. Januar 2021 beantragt werden und ist zum Ausgleich f\u00fcr Belastungen durch die Corona-Verordnungen vorgesehen. Unter anderem ist das Geld f\u00fcr Personalkosten vorgesehen, wenn beispielsweise getestet wird.<\/p>\n\n\n\n<p><a href=\"https:\/\/www.bundesregierung.de\/resource\/blob\/974430\/1995132\/66f13c21b0b0932dcaf58ea000fe4a31\/2022-01-07-mpk-beschluss-data.pdf?download=1\">https:\/\/www.bundesregierung.de\/resource\/blob\/974430\/1995132\/66f13c21b0b0932dcaf58ea000fe4a31\/2022-01-07-mpk-beschluss-data.pdf?download=1<\/a><\/p>\n\n\n\n<p>Die L\u00e4nder haben die M\u00f6glichkeit, einzelne Regeln in Abh\u00e4ngigkeit von den Corona-Zahlen zu modifizieren. Zur n\u00e4chsten Ministerpr\u00e4sidentenkonferenz am 24. Januar 2022 werden weitere Versch\u00e4rfungen erwartet.<\/p>\n","protected":false},"excerpt":{"rendered":"<div class=\"mh-excerpt\"><p>Zur Ministerpr\u00e4sidentenkonferenz am 7. Januar 2022 wurden insgesamt 16 Vereinbarungen getroffen. Die Sitzung dauerte zweieinhalb Stunden. Am 24. Januar 2022 werden der Bundeskanzler und die Ministerpr\u00e4sidenten erneut zusammenkommen. Wie sind die getroffenen Vereinbarungen einzuordnen? Mit <a class=\"mh-excerpt-more\" href=\"https:\/\/www.studiogera.de\/001\/2022\/01\/08\/ergebnisse-der-mpk-vom-7-januar-2022\/\" title=\"ERGEBNISSE DER MPK VOM 7. JANUAR 2022\">[&#8230;]<\/a><\/p>\n<\/div>","protected":false},"author":2,"featured_media":9859,"comment_status":"open","ping_status":"open","sticky":false,"template":"","format":"standard","meta":{"footnotes":""},"categories":[2],"tags":[],"class_list":{"0":"post-17664","1":"post","2":"type-post","3":"status-publish","4":"format-standard","5":"has-post-thumbnail","7":"category-weltweit"},"_links":{"self":[{"href":"https:\/\/www.studiogera.de\/001\/wp-json\/wp\/v2\/posts\/17664","targetHints":{"allow":["GET"]}}],"collection":[{"href":"https:\/\/www.studiogera.de\/001\/wp-json\/wp\/v2\/posts"}],"about":[{"href":"https:\/\/www.studiogera.de\/001\/wp-json\/wp\/v2\/types\/post"}],"author":[{"embeddable":true,"href":"https:\/\/www.studiogera.de\/001\/wp-json\/wp\/v2\/users\/2"}],"replies":[{"embeddable":true,"href":"https:\/\/www.studiogera.de\/001\/wp-json\/wp\/v2\/comments?post=17664"}],"version-history":[{"count":2,"href":"https:\/\/www.studiogera.de\/001\/wp-json\/wp\/v2\/posts\/17664\/revisions"}],"predecessor-version":[{"id":17666,"href":"https:\/\/www.studiogera.de\/001\/wp-json\/wp\/v2\/posts\/17664\/revisions\/17666"}],"wp:featuredmedia":[{"embeddable":true,"href":"https:\/\/www.studiogera.de\/001\/wp-json\/wp\/v2\/media\/9859"}],"wp:attachment":[{"href":"https:\/\/www.studiogera.de\/001\/wp-json\/wp\/v2\/media?parent=17664"}],"wp:term":[{"taxonomy":"category","embeddable":true,"href":"https:\/\/www.studiogera.de\/001\/wp-json\/wp\/v2\/categories?post=17664"},{"taxonomy":"post_tag","embeddable":true,"href":"https:\/\/www.studiogera.de\/001\/wp-json\/wp\/v2\/tags?post=17664"}],"curies":[{"name":"wp","href":"https:\/\/api.w.org\/{rel}","templated":true}]}}