{"id":17713,"date":"2022-01-16T00:14:00","date_gmt":"2022-01-15T23:14:00","guid":{"rendered":"http:\/\/www.studiogera.de\/001\/?p=17713"},"modified":"2022-01-16T00:14:02","modified_gmt":"2022-01-15T23:14:02","slug":"stiller-protest-gegen-eine-impfpflicht","status":"publish","type":"post","link":"https:\/\/www.studiogera.de\/001\/2022\/01\/16\/stiller-protest-gegen-eine-impfpflicht\/","title":{"rendered":"STILLER PROTEST GEGEN EINE IMPFPFLICHT"},"content":{"rendered":"\n<p>Im Stadtzentrum und am Klinikum sind Zeichen des stillen Protests gegen eine Impfpflicht zu finden. Im Klinikum seien etwa 600 der 1800 Besch\u00e4ftigten nicht mit den angebotenen Impfstoffen gegen Covid-19 geimpft, hei\u00dft es von dort. 200 Angestellte h\u00e4tten bereits bekanntgegeben, das Haus im Falle einer verpflichtenden Impfung verlassen zu wollen. Am 13. Januar 2022 wandte sich die Rechtsabteilung des Klinikums an die betroffenen Angestellten und sprach sich hierbei gegen eine Impfpflicht aus.<\/p>\n\n\n\n<p>Mitte M\u00e4rz 2022 tritt eine einrichtungsbezogene Nachweispflicht in Kraft. Die betroffenen Einrichtungen m\u00fcssen dem zust\u00e4ndigen Gesundheitsamt melden, welche Angestellten nicht mit den besagten Stoffen geimpft sind. Das Gesundheitsamt kann anschlie\u00dfend ein T\u00e4tigkeitsverbot aussprechen.<\/p>\n","protected":false},"excerpt":{"rendered":"<div class=\"mh-excerpt\"><p>Im Stadtzentrum und am Klinikum sind Zeichen des stillen Protests gegen eine Impfpflicht zu finden. Im Klinikum seien etwa 600 der 1800 Besch\u00e4ftigten nicht mit den angebotenen Impfstoffen gegen Covid-19 geimpft, hei\u00dft es von dort. <a class=\"mh-excerpt-more\" href=\"https:\/\/www.studiogera.de\/001\/2022\/01\/16\/stiller-protest-gegen-eine-impfpflicht\/\" title=\"STILLER PROTEST GEGEN EINE IMPFPFLICHT\">[&#8230;]<\/a><\/p>\n<\/div>","protected":false},"author":2,"featured_media":17714,"comment_status":"open","ping_status":"open","sticky":false,"template":"","format":"standard","meta":{"footnotes":""},"categories":[16],"tags":[],"class_list":{"0":"post-17713","1":"post","2":"type-post","3":"status-publish","4":"format-standard","5":"has-post-thumbnail","7":"category-kurzmitteilungen"},"_links":{"self":[{"href":"https:\/\/www.studiogera.de\/001\/wp-json\/wp\/v2\/posts\/17713","targetHints":{"allow":["GET"]}}],"collection":[{"href":"https:\/\/www.studiogera.de\/001\/wp-json\/wp\/v2\/posts"}],"about":[{"href":"https:\/\/www.studiogera.de\/001\/wp-json\/wp\/v2\/types\/post"}],"author":[{"embeddable":true,"href":"https:\/\/www.studiogera.de\/001\/wp-json\/wp\/v2\/users\/2"}],"replies":[{"embeddable":true,"href":"https:\/\/www.studiogera.de\/001\/wp-json\/wp\/v2\/comments?post=17713"}],"version-history":[{"count":1,"href":"https:\/\/www.studiogera.de\/001\/wp-json\/wp\/v2\/posts\/17713\/revisions"}],"predecessor-version":[{"id":17715,"href":"https:\/\/www.studiogera.de\/001\/wp-json\/wp\/v2\/posts\/17713\/revisions\/17715"}],"wp:featuredmedia":[{"embeddable":true,"href":"https:\/\/www.studiogera.de\/001\/wp-json\/wp\/v2\/media\/17714"}],"wp:attachment":[{"href":"https:\/\/www.studiogera.de\/001\/wp-json\/wp\/v2\/media?parent=17713"}],"wp:term":[{"taxonomy":"category","embeddable":true,"href":"https:\/\/www.studiogera.de\/001\/wp-json\/wp\/v2\/categories?post=17713"},{"taxonomy":"post_tag","embeddable":true,"href":"https:\/\/www.studiogera.de\/001\/wp-json\/wp\/v2\/tags?post=17713"}],"curies":[{"name":"wp","href":"https:\/\/api.w.org\/{rel}","templated":true}]}}