{"id":17836,"date":"2022-01-25T13:56:44","date_gmt":"2022-01-25T12:56:44","guid":{"rendered":"http:\/\/www.studiogera.de\/001\/?p=17836"},"modified":"2022-01-25T13:57:23","modified_gmt":"2022-01-25T12:57:23","slug":"das-theater-altenburg-gera-trauert-um-ines-berg-peters","status":"publish","type":"post","link":"https:\/\/www.studiogera.de\/001\/2022\/01\/25\/das-theater-altenburg-gera-trauert-um-ines-berg-peters\/","title":{"rendered":"DAS THEATER ALTENBURG GERA TRAUERT UM INES BERG-PETERS"},"content":{"rendered":"\n<p>Das Theater Altenburg Gera trauert um seine ehemalige Ballettdirektorin und Choreografin Inge Berg-Peters. Sie verstarb am 14. Januar 2022 im Alter von 88 Jahren.<\/p>\n\n\n\n<p>Inge Berg-Peters begann 1973 ihr Engagement am Haus. Zwei Jahrzehnte hatte sie die Leitung des Geraer Balletts inne und verhalf dem Genre in der DDR zu besonderem Glanz. Gleich zu Beginn ihrer T\u00e4tigkeit setzte sie sich f\u00fcr den Bau eines neuen Ballettsaal ein, um die Arbeitsbedienungen der Ballett-Sparte zu verbessern. Arbeitete sie anfangs noch mit Gastsolisten, hatte sie sp\u00e4ter selbst ein eigens aufgebautes Ensemble entwickelt, dass 1987 insgesamt 36 T\u00e4nzerinnen und T\u00e4nzer umfasste. Sie ging zu mehrteiligen Ballettabenden \u00fcber, um m\u00f6glichst vielen jungen Talenten die M\u00f6glichkeit zu solistischer Entwicklung zu bieten. \u201eSie pr\u00e4gte einen Stil und setzte Vertrauen in junge Menschen\u201c, so Peter Werner-Ranke, der erst Sch\u00fcler und dann Nachfolger von Inge Berg-Peters am Theater Altenburg Gera war. Es entstand eine F\u00fclle an Kurzballetten wie zum Beispiel \u201eValse triste\u201c, \u201eCarmen\u201c und \u201eBilder einer Ausstellung\u201c.<\/p>\n\n\n\n<p>Durch die erfolgreichen Teilnahmen an nationalen Ballettwettbewerben gewann das\u00a0 Ensemble durch sie \u00fcberregional an Ansehen. Die Erfolge f\u00fchrten unter anderem zu Gastspieleinladungen nach Dessau, Berlin, Cottbus, dem russischen Rostow am Don und dem tschechisch Pilsen. Zu ihren wichtigsten Inszenierungen geh\u00f6rten unter anderem \u201eRomeo und Julia\u201c, \u201eFeuervogel\u201c, \u201eSacre du Printemps\u201c \u2014 in dem St\u00fcck tanzte unter anderem die heutige Ballettdirektorin des Th\u00fcringer Staatsballetts Silvana Schr\u00f6der als Solistin \u2014 und \u201eCinderella\u201c, welche sich beim Publikum gro\u00dfer Beliebtheit erfreuten.\u00a0 Zudem etablierte Inge Berg-Peters die Geraer-Ballett-Tage, die von 1976 bis 2009 j\u00e4hrlich renommierte und internationale Ensembles wie das Russische Staatsballett zu Gast hatten. 2000 wurde sie im Rahmen der Er\u00f6ffnung der 22. Geraer Ballett-Tage vom Theater Altenburg Gera zum Ehrenmitglied ernannt. Damit w\u00fcrdigte man ihre Verdienste in der Ballettsparte, deren Entwicklung sie entscheidend pr\u00e4gte.<\/p>\n\n\n\n<p>QUELLE: THEATER ALTENBURG GERA GGMBH<\/p>\n","protected":false},"excerpt":{"rendered":"<div class=\"mh-excerpt\"><p>Das Theater Altenburg Gera trauert um seine ehemalige Ballettdirektorin und Choreografin Inge Berg-Peters. Sie verstarb am 14. Januar 2022 im Alter von 88 Jahren. Inge Berg-Peters begann 1973 ihr Engagement am Haus. Zwei Jahrzehnte hatte <a class=\"mh-excerpt-more\" href=\"https:\/\/www.studiogera.de\/001\/2022\/01\/25\/das-theater-altenburg-gera-trauert-um-ines-berg-peters\/\" title=\"DAS THEATER ALTENBURG GERA TRAUERT UM INES BERG-PETERS\">[&#8230;]<\/a><\/p>\n<\/div>","protected":false},"author":2,"featured_media":12379,"comment_status":"open","ping_status":"open","sticky":false,"template":"","format":"standard","meta":{"footnotes":""},"categories":[15],"tags":[],"class_list":{"0":"post-17836","1":"post","2":"type-post","3":"status-publish","4":"format-standard","5":"has-post-thumbnail","7":"category-theater"},"_links":{"self":[{"href":"https:\/\/www.studiogera.de\/001\/wp-json\/wp\/v2\/posts\/17836","targetHints":{"allow":["GET"]}}],"collection":[{"href":"https:\/\/www.studiogera.de\/001\/wp-json\/wp\/v2\/posts"}],"about":[{"href":"https:\/\/www.studiogera.de\/001\/wp-json\/wp\/v2\/types\/post"}],"author":[{"embeddable":true,"href":"https:\/\/www.studiogera.de\/001\/wp-json\/wp\/v2\/users\/2"}],"replies":[{"embeddable":true,"href":"https:\/\/www.studiogera.de\/001\/wp-json\/wp\/v2\/comments?post=17836"}],"version-history":[{"count":2,"href":"https:\/\/www.studiogera.de\/001\/wp-json\/wp\/v2\/posts\/17836\/revisions"}],"predecessor-version":[{"id":17838,"href":"https:\/\/www.studiogera.de\/001\/wp-json\/wp\/v2\/posts\/17836\/revisions\/17838"}],"wp:featuredmedia":[{"embeddable":true,"href":"https:\/\/www.studiogera.de\/001\/wp-json\/wp\/v2\/media\/12379"}],"wp:attachment":[{"href":"https:\/\/www.studiogera.de\/001\/wp-json\/wp\/v2\/media?parent=17836"}],"wp:term":[{"taxonomy":"category","embeddable":true,"href":"https:\/\/www.studiogera.de\/001\/wp-json\/wp\/v2\/categories?post=17836"},{"taxonomy":"post_tag","embeddable":true,"href":"https:\/\/www.studiogera.de\/001\/wp-json\/wp\/v2\/tags?post=17836"}],"curies":[{"name":"wp","href":"https:\/\/api.w.org\/{rel}","templated":true}]}}