{"id":17853,"date":"2022-01-25T16:55:00","date_gmt":"2022-01-25T15:55:00","guid":{"rendered":"http:\/\/www.studiogera.de\/001\/?p=17853"},"modified":"2022-01-27T10:44:14","modified_gmt":"2022-01-27T09:44:14","slug":"der-deutschlandfunk-berichtet-ueber-die-zeitung-neues-gera","status":"publish","type":"post","link":"https:\/\/www.studiogera.de\/001\/2022\/01\/25\/der-deutschlandfunk-berichtet-ueber-die-zeitung-neues-gera\/","title":{"rendered":"DER DEUTSCHLANDFUNK BERICHTET \u00dcBER DIE ZEITUNG \u201eNEUES GERA\u201c"},"content":{"rendered":"\n<p>In seinem Medienmagazin berichtete der Deutschlandfunk am 25. Januar 2022 um 15.54 Uhr \u00fcber die Zeitung \u201eNeues Gera\u201c als einen \u201eganz speziellen Fall\u201c, nachdem er sich zuvor mit der Kurierverlag GmbH auseinandergesetzt hatte, welche die \u201eS\u00fcdth\u00fcringer Rundschau\u201c herausgibt, und mit ihr Misstrauen sch\u00fcre, das Corona-Virus verharmlose und die Schutzma\u00dfnahmen ver\u00e4chtlich mache.<\/p>\n\n\n\n<p>Die Zeitung \u201eNeues Gera\u201c werde herausgegeben vom Vorsitzenden der AFD-Fraktion im Geraer Stadtrat. Er sei privatwirtschaftlicher Verleger und AFD-Funktion\u00e4r in einer Person. Das Gratisblatt falle seit Jahren mit AFD-Hofberichterstattung auf, mit der Verbreitung extrem rechter Positionen, aber eben auch mit Einlassungen zu Corona, die das RKI wahrscheinlich nicht so unterschreiben w\u00fcrde. In der Zeitung hei\u00dfe es, dass wahrscheinlich mehr Menschen am Impfstoff st\u00fcrben als an Corona.<\/p>\n\n\n\n<p>In der anschlie\u00dfenden Rubrik \u201eSagen und Meinen \u2014 der Sprach-Check\u201c hie\u00df es mit Blick auf die Corona-Berichterstattung, der Begriff \u201eSpaltung\u201c welcher in den Medien h\u00e4ufig verwendet werde, stelle die Situation irref\u00fchrend dar. Eine gro\u00dfe Mehrheit habe sich impfen lassen, und eine gro\u00dfe Mehrheit sei f\u00fcr strengere Corona-Ma\u00dfnahmen sowie f\u00fcr eine Impfpflicht. Die Gegner des Impfens und der Corona-Ma\u00dfnahmen seien eine deutliche Minderheit. Zweitens, unterstelle der Begriff \u201eSpaltung\u201c, dass die Gesellschaft in anderen Fragen nicht gepalten, also nicht unterschiedlicher Meinung sei. Dabei gebe es in keiner politischen Frage eine Einheitsmeinung, und erst recht keinen einheitlichen Volkswillen, was zum Beispiel Rechtsextreme behaupten w\u00fcrden. Es gebe Interessenunterschiede, die in einer Demokratie normal seien. Drittens, st\u00fcnden nicht immer dieselben Leute einander gegen\u00fcber. Wer in einer Frage eine bestimmte Meinung teile, teile sie in einer anderen nicht. Eine politische Spaltung sehe der Verfassungsrechtler Christoph M\u00f6llers nur, wenn sich eine Gesellschaft immer wieder in die gleichen Teile teile. Medien w\u00fcrden leicht den Eindruck erwecken, es gebe oder drohe eine Spaltung, wenn sie zwei kontr\u00e4re Meinungen gegen\u00fcber, und so darstellen, als g\u00e4be es f\u00fcr beide gleichviele Unterst\u00fctzer. Das verzerre die Wahrnehmung und hemme politische Entscheidungen.<\/p>\n","protected":false},"excerpt":{"rendered":"<div class=\"mh-excerpt\"><p>In seinem Medienmagazin berichtete der Deutschlandfunk am 25. Januar 2022 um 15.54 Uhr \u00fcber die Zeitung \u201eNeues Gera\u201c als einen \u201eganz speziellen Fall\u201c, nachdem er sich zuvor mit der Kurierverlag GmbH auseinandergesetzt hatte, welche die <a class=\"mh-excerpt-more\" href=\"https:\/\/www.studiogera.de\/001\/2022\/01\/25\/der-deutschlandfunk-berichtet-ueber-die-zeitung-neues-gera\/\" title=\"DER DEUTSCHLANDFUNK BERICHTET \u00dcBER DIE ZEITUNG \u201eNEUES GERA\u201c\">[&#8230;]<\/a><\/p>\n<\/div>","protected":false},"author":2,"featured_media":17854,"comment_status":"open","ping_status":"open","sticky":false,"template":"","format":"standard","meta":{"footnotes":""},"categories":[17],"tags":[],"class_list":{"0":"post-17853","1":"post","2":"type-post","3":"status-publish","4":"format-standard","5":"has-post-thumbnail","7":"category-medien"},"_links":{"self":[{"href":"https:\/\/www.studiogera.de\/001\/wp-json\/wp\/v2\/posts\/17853","targetHints":{"allow":["GET"]}}],"collection":[{"href":"https:\/\/www.studiogera.de\/001\/wp-json\/wp\/v2\/posts"}],"about":[{"href":"https:\/\/www.studiogera.de\/001\/wp-json\/wp\/v2\/types\/post"}],"author":[{"embeddable":true,"href":"https:\/\/www.studiogera.de\/001\/wp-json\/wp\/v2\/users\/2"}],"replies":[{"embeddable":true,"href":"https:\/\/www.studiogera.de\/001\/wp-json\/wp\/v2\/comments?post=17853"}],"version-history":[{"count":3,"href":"https:\/\/www.studiogera.de\/001\/wp-json\/wp\/v2\/posts\/17853\/revisions"}],"predecessor-version":[{"id":17865,"href":"https:\/\/www.studiogera.de\/001\/wp-json\/wp\/v2\/posts\/17853\/revisions\/17865"}],"wp:featuredmedia":[{"embeddable":true,"href":"https:\/\/www.studiogera.de\/001\/wp-json\/wp\/v2\/media\/17854"}],"wp:attachment":[{"href":"https:\/\/www.studiogera.de\/001\/wp-json\/wp\/v2\/media?parent=17853"}],"wp:term":[{"taxonomy":"category","embeddable":true,"href":"https:\/\/www.studiogera.de\/001\/wp-json\/wp\/v2\/categories?post=17853"},{"taxonomy":"post_tag","embeddable":true,"href":"https:\/\/www.studiogera.de\/001\/wp-json\/wp\/v2\/tags?post=17853"}],"curies":[{"name":"wp","href":"https:\/\/api.w.org\/{rel}","templated":true}]}}