{"id":1798,"date":"2017-09-05T22:57:19","date_gmt":"2017-09-05T20:57:19","guid":{"rendered":"http:\/\/www.studiogera.de\/001\/?p=1798"},"modified":"2017-09-05T23:06:09","modified_gmt":"2017-09-05T21:06:09","slug":"muslimische-gebete-in-der-oeffentlichkeit","status":"publish","type":"post","link":"https:\/\/www.studiogera.de\/001\/2017\/09\/05\/muslimische-gebete-in-der-oeffentlichkeit\/","title":{"rendered":"MUSLIMISCHE GEBETE IN DER \u00d6FFENTLICHKEIT"},"content":{"rendered":"<p>Muslime versammeln sich in der \u00d6ffentlichkeit, um gemeinsam zu beten. Was andernorts bereits \u00fcblich ist, kann man nun auch in Gera beobachten. Bilder, die uns zugeleitet wurden, zeigen Vorbereitungen f\u00fcr ein Gebet auf dem Rosch\u00fctzer Sportplatz.<\/p>\n<div style=\"width: 640px;\" class=\"wp-video\"><video class=\"wp-video-shortcode\" id=\"video-1798-1\" width=\"640\" height=\"360\" preload=\"metadata\" controls=\"controls\"><source type=\"video\/mp4\" src=\"http:\/\/www.studiogera.de\/001_VIDEO\/001.mp4?_=1\" \/><a href=\"http:\/\/www.studiogera.de\/001_VIDEO\/001.mp4\">http:\/\/www.studiogera.de\/001_VIDEO\/001.mp4<\/a><\/video><\/div>\n<p>Weil die Zahl der Muslime stetig w\u00e4chst und die vorhandenen Gebetsr\u00e4ume nicht mehr gen\u00fcgend Platz bieten oder zu weit entfernt sind, ist immer h\u00e4ufiger zu sehen, dass der Glaube an Allah auf Stra\u00dfen, in Parkanlagen und auf Pl\u00e4tzen bekundet wird. Viele Einheimische sind fassungslos und halten Abstand; Veranstaltungen dieser Art l\u00f6sen oftmals Unbehagen aus oder werden gar als Bedrohung empfunden.<\/p>\n<p>W\u00e4hrend die \u00fcbrigen Religionen, denen in Deutschland nachgegangen wird, in der \u00d6ffentlichkeit kaum wahrnehmbar sind, vertreten Muslime ihren Glauben teils sehr offensiv.<\/p>\n<p>Mitunter wird auf den Artikel 4 des Grundgesetzes verwiesen, wonach die ungest\u00f6rte Religionsaus\u00fcbung gew\u00e4hrleistet wird. Andererseits wurden die heutigen Gegebenheiten zur Zeit des Erlasses wohl kaum in Betracht gezogen. Hinzu kommt, dass der Islam sehr unterschiedlich gelehrt wird und sich im Laufe der Jahre unbemerkt auch radikalere Formen mit faschistischen Merkmalen ausbreiten k\u00f6nnten. <\/p>\n<p><iframe loading=\"lazy\" title=\"Der Islam in unserem Alltag - wo liegt das Problem?\" width=\"500\" height=\"281\" src=\"https:\/\/www.youtube.com\/embed\/R3anymBDfMw?feature=oembed\" frameborder=\"0\" allow=\"accelerometer; autoplay; clipboard-write; encrypted-media; gyroscope; picture-in-picture; web-share\" referrerpolicy=\"strict-origin-when-cross-origin\" allowfullscreen><\/iframe><\/p>\n<p>Unter dem Titel &#8222;Der Islam in unserem Alltag &#8211; wo liegt das Problem?&#8220; wurde auf Youtube eine Rundfunksendung ver\u00f6ffentlicht, in der sich mehrere Gespr\u00e4chspartner eingehend mit dem Thema befassen.<\/p>\n","protected":false},"excerpt":{"rendered":"<div class=\"mh-excerpt\"><p>Muslime versammeln sich in der \u00d6ffentlichkeit, um gemeinsam zu beten. Was andernorts bereits \u00fcblich ist, kann man nun auch in Gera beobachten. Bilder, die uns zugeleitet wurden, zeigen Vorbereitungen f\u00fcr ein Gebet auf dem Rosch\u00fctzer <a class=\"mh-excerpt-more\" href=\"https:\/\/www.studiogera.de\/001\/2017\/09\/05\/muslimische-gebete-in-der-oeffentlichkeit\/\" title=\"MUSLIMISCHE GEBETE IN DER \u00d6FFENTLICHKEIT\">[&#8230;]<\/a><\/p>\n<\/div>","protected":false},"author":2,"featured_media":1799,"comment_status":"open","ping_status":"open","sticky":false,"template":"","format":"standard","meta":{"footnotes":""},"categories":[6],"tags":[],"class_list":{"0":"post-1798","1":"post","2":"type-post","3":"status-publish","4":"format-standard","5":"has-post-thumbnail","7":"category-gesellschaft"},"_links":{"self":[{"href":"https:\/\/www.studiogera.de\/001\/wp-json\/wp\/v2\/posts\/1798","targetHints":{"allow":["GET"]}}],"collection":[{"href":"https:\/\/www.studiogera.de\/001\/wp-json\/wp\/v2\/posts"}],"about":[{"href":"https:\/\/www.studiogera.de\/001\/wp-json\/wp\/v2\/types\/post"}],"author":[{"embeddable":true,"href":"https:\/\/www.studiogera.de\/001\/wp-json\/wp\/v2\/users\/2"}],"replies":[{"embeddable":true,"href":"https:\/\/www.studiogera.de\/001\/wp-json\/wp\/v2\/comments?post=1798"}],"version-history":[{"count":4,"href":"https:\/\/www.studiogera.de\/001\/wp-json\/wp\/v2\/posts\/1798\/revisions"}],"predecessor-version":[{"id":1803,"href":"https:\/\/www.studiogera.de\/001\/wp-json\/wp\/v2\/posts\/1798\/revisions\/1803"}],"wp:featuredmedia":[{"embeddable":true,"href":"https:\/\/www.studiogera.de\/001\/wp-json\/wp\/v2\/media\/1799"}],"wp:attachment":[{"href":"https:\/\/www.studiogera.de\/001\/wp-json\/wp\/v2\/media?parent=1798"}],"wp:term":[{"taxonomy":"category","embeddable":true,"href":"https:\/\/www.studiogera.de\/001\/wp-json\/wp\/v2\/categories?post=1798"},{"taxonomy":"post_tag","embeddable":true,"href":"https:\/\/www.studiogera.de\/001\/wp-json\/wp\/v2\/tags?post=1798"}],"curies":[{"name":"wp","href":"https:\/\/api.w.org\/{rel}","templated":true}]}}