{"id":1817,"date":"2017-09-06T01:00:43","date_gmt":"2017-09-05T23:00:43","guid":{"rendered":"http:\/\/www.studiogera.de\/001\/?p=1817"},"modified":"2017-09-06T01:00:43","modified_gmt":"2017-09-05T23:00:43","slug":"oekonomen-fordern-spaeteren-rentenbeginn","status":"publish","type":"post","link":"https:\/\/www.studiogera.de\/001\/2017\/09\/06\/oekonomen-fordern-spaeteren-rentenbeginn\/","title":{"rendered":"\u00d6KONOMEN FORDERN SP\u00c4TEREN RENTENBEGINN"},"content":{"rendered":"<p>Nachdem Bundeskanzlerin Angela Merkel und SPD-Kanzlerkandidat Martin Schulz in der Fernsehsendung &#8222;Das TV-Duell&#8220; gesagt hatten, dass Renteneintrittsalter werde nicht auf 70 Jahre erh\u00f6ht, meldeten sich f\u00fchrende \u00d6konomen zu Wort und kritisierten diese Haltung.<\/p>\n<p>Der Direktor des Instituts der deutschen Wirtschaft, Michael H\u00fcther, sprach von einer erfolgreichen Wahltaktik. Langfristig werde dies f\u00fcr die deutsche Gesellschaft aber nicht erfolgreich sein, sagte er der Zeitung &#8222;Rheinische Post&#8220;.<\/p>\n<p>Der Pr\u00e4sident des Deutschen Instituts f\u00fcr Wirtschaftsforschung, Marcel Fratzscher, erachtet die Rente mit 70 Jahren wegen der demografischen Entwicklung und der l\u00e4ngeren Lebenszeit als notwendig. Den Zeitungen &#8222;S\u00fcdwest Presse&#8220; und &#8222;M\u00e4rkische Oderzeitung&#8220; sagte er, anders k\u00f6nne das System nicht finanziert werden. Es w\u00fcrden aber Regelungen f\u00fcr jene ben\u00f6tigt, die nicht so lange arbeiten k\u00f6nnen.<\/p>\n<p>Finanzminister Wolfgang Sch\u00e4uble hatte bereits im Jahre 2016 ge\u00e4u\u00dfert, dass das Absicherungsniveau sinke und zugleich der Rentenbeitrag sowie das Renteneintrittsalter steige, wenn das System nicht mit weiteren Steuergeldern finanziert w\u00fcrde.<\/p>\n","protected":false},"excerpt":{"rendered":"<div class=\"mh-excerpt\"><p>Nachdem Bundeskanzlerin Angela Merkel und SPD-Kanzlerkandidat Martin Schulz in der Fernsehsendung &#8222;Das TV-Duell&#8220; gesagt hatten, dass Renteneintrittsalter werde nicht auf 70 Jahre erh\u00f6ht, meldeten sich f\u00fchrende \u00d6konomen zu Wort und kritisierten diese Haltung. Der Direktor <a class=\"mh-excerpt-more\" href=\"https:\/\/www.studiogera.de\/001\/2017\/09\/06\/oekonomen-fordern-spaeteren-rentenbeginn\/\" title=\"\u00d6KONOMEN FORDERN SP\u00c4TEREN RENTENBEGINN\">[&#8230;]<\/a><\/p>\n<\/div>","protected":false},"author":2,"featured_media":1818,"comment_status":"open","ping_status":"open","sticky":false,"template":"","format":"standard","meta":{"footnotes":""},"categories":[6],"tags":[],"class_list":{"0":"post-1817","1":"post","2":"type-post","3":"status-publish","4":"format-standard","5":"has-post-thumbnail","7":"category-gesellschaft"},"_links":{"self":[{"href":"https:\/\/www.studiogera.de\/001\/wp-json\/wp\/v2\/posts\/1817","targetHints":{"allow":["GET"]}}],"collection":[{"href":"https:\/\/www.studiogera.de\/001\/wp-json\/wp\/v2\/posts"}],"about":[{"href":"https:\/\/www.studiogera.de\/001\/wp-json\/wp\/v2\/types\/post"}],"author":[{"embeddable":true,"href":"https:\/\/www.studiogera.de\/001\/wp-json\/wp\/v2\/users\/2"}],"replies":[{"embeddable":true,"href":"https:\/\/www.studiogera.de\/001\/wp-json\/wp\/v2\/comments?post=1817"}],"version-history":[{"count":1,"href":"https:\/\/www.studiogera.de\/001\/wp-json\/wp\/v2\/posts\/1817\/revisions"}],"predecessor-version":[{"id":1819,"href":"https:\/\/www.studiogera.de\/001\/wp-json\/wp\/v2\/posts\/1817\/revisions\/1819"}],"wp:featuredmedia":[{"embeddable":true,"href":"https:\/\/www.studiogera.de\/001\/wp-json\/wp\/v2\/media\/1818"}],"wp:attachment":[{"href":"https:\/\/www.studiogera.de\/001\/wp-json\/wp\/v2\/media?parent=1817"}],"wp:term":[{"taxonomy":"category","embeddable":true,"href":"https:\/\/www.studiogera.de\/001\/wp-json\/wp\/v2\/categories?post=1817"},{"taxonomy":"post_tag","embeddable":true,"href":"https:\/\/www.studiogera.de\/001\/wp-json\/wp\/v2\/tags?post=1817"}],"curies":[{"name":"wp","href":"https:\/\/api.w.org\/{rel}","templated":true}]}}