{"id":1822,"date":"2017-09-10T00:06:51","date_gmt":"2017-09-09T22:06:51","guid":{"rendered":"http:\/\/www.studiogera.de\/001\/?p=1822"},"modified":"2017-09-10T00:06:51","modified_gmt":"2017-09-09T22:06:51","slug":"meldungen-und-hinweise-der-stadtverwaltung-11","status":"publish","type":"post","link":"https:\/\/www.studiogera.de\/001\/2017\/09\/10\/meldungen-und-hinweise-der-stadtverwaltung-11\/","title":{"rendered":"MELDUNGEN UND HINWEISE DER STADTVERWALTUNG"},"content":{"rendered":"<p><strong>NEUE MEDIEN IN DER STADTBIBLIOTHEK<\/strong><\/p>\n<p>In der Geraer Bibliothek stehen k\u00fcnftig neue Medien zur Verf\u00fcgung. Die Stadt- und Regionalbibliothek Gera als eine der Schwerpunktbibliotheken des Freistaates Th\u00fcringen erhielt Landesf\u00f6rdermittel von der Landesfachstelle f\u00fcr \u00d6ffentliche Bibliotheken, sodass 1500 Medien zur Aktualisierung und Erg\u00e4nzung des Bestandes erworben werden konnten, darunter aktuelle Romane, neue Kinder- und Jugendb\u00fccher und ausgew\u00e4hlte Sachbuchtitel.   <\/p>\n<p>Die H\u00e4lfte des F\u00f6rdergeldes war in diesem Jahr zweckgebunden f\u00fcr die Neuanschaffungen aktueller AV-Medien zu Sachthemen bestimmt. So erwarten den Benutzer 700 neue Sach-DVDs und H\u00f6rb\u00fccher zu stark nachgefragten Gesundheitsthemen wie Entspannungstraining, Yoga und Pilates, Reportagen zu Geschichte und Zeitgeschichte, Naturdokumentationen und Reiseberichte. <\/p>\n<p>Neu im Angebot sind auch 58 ausgew\u00e4hlte Spielfilme, welche Sachthemen filmisch verarbeiten. Viele dieser Filme wurden auf nationalen und internationalen Filmfestspielen pr\u00e4miert, aufgrund der speziellen Themen aber in den gro\u00dfen kommerziellen Kinos kaum gezeigt. Die Filme widmen sich unter anderem dem Umgang mit geistigen, k\u00f6rperlichen oder psychische Handicaps wie ALS, Asperger, Borderline, Down-Syndrom und Taubblindheit, Suchtproblemen, wie Drogenkonsum und Spielsucht, gesamtgesellschaftlichen und soziale Fragen wie Flucht, Rassismus, Homo- und Transsexualit\u00e4t, Sterbehilfe und Umweltkatastrophen. Au\u00dferdem gibt es einige sogenannte Biopics \u2013 Filme die sich den Biographien von Sportlern wie Lance Armstrong, Erfindern wie Carl Benz, Wissenschaftlerinnen wie Marie Curie und dem Mann hinter der digitalen Revolution, Steve Jobs, widmen. <\/p>\n<p>F\u00fcr die Kinderbibliothek wurden aus dem Fonds unter anderem Sach-DVDs und H\u00f6rb\u00fccher der beliebten Reihen \u201eWas ist was\u201c und \u201eWieso? Weshalb? Warum?\u201c sowie \u201eGeolino\u201c neu angeschafft. <\/p>\n<p>Derzeit pr\u00e4sentiert die Bibliothek am Puschkinplatz im Foyer eine Auswahl der neu erworbenen AV-Medien. Mit g\u00fcltigem Bibliotheksausweis sind diese sofort entleihbar.<\/p>\n<hr \/>\n<p><strong>THILO-SCHODER-BRUNNEN REPARIERT<\/strong><\/p>\n<p>Der denkmalgesch\u00fctzte Thilo-Schoder-Brunnen im Geraer Dahliengarten ist repariert und das Wasser sprudelt wieder aus allen drei D\u00fcsen. Er musste aus Sicherheitsgr\u00fcnden im vergangenen Jahr stillgelegt werden. Bereits seit vielen Jahren funktionierten nur noch zwei der drei D\u00fcsen des Brunnens. Der bestehende Brunnenschacht stand bei Starkregen und Tauwetter regelm\u00e4\u00dfig unter Wasser. Eingebaut wurden eine neue Umw\u00e4lzpumpe f\u00fcr die drei D\u00fcsen und zwei Schmutzwasserpumpen, um die Brunnenstube  trockenzuhalten. Kleinere Umbauarbeiten gab es an der Elektroanlage.<\/p>\n<p>Die beiden Geraer Handwerksbetriebe von Thomas Ziegler und Tino Ziegengeist hatten im November 2016 die Initiative ergriffen, eines der bekanntesten Geraer Wasserspiele instand zu setzen. Die Finanzierung erfolgt mit 3000 Euro Lottomitteln. Der Eigenanteil der Stadt in H\u00f6he von 560,06 Euro wird  aus einer 1000-Euro-Spende des Rotary Club Gera getragen. Janett Talke hatte in ihrer Pr\u00e4sidentschaft vor einem Jahr mit dem Club den in sch\u00f6nster Bl\u00fctenpracht stehenden Dahliengarten besucht und die Mitglieder um eine Spende gebeten. Dar\u00fcber hinaus unterst\u00fctzt der Computertreff Gera seit vielen Jahren mit den drei Spendengie\u00dfkannen den Dahliengarten. <\/p>\n<p>Oberb\u00fcrgermeisterin Dr. Hahn dankte heute zur Brunnen\u00fcbergabe f\u00fcr das b\u00fcrgerliche Engagement. \u201eDas ist Ausdruck der Verbundenheit mit unserer Stadt und insbesondere mit dem Dahliengarten, der 2018 sein 90-j\u00e4hriges Jubil\u00e4um erlebt\u201c, betonte OB Dr. Hahn. Sie erinnerte daran, dass die von Thilo Schoder, einem Sch\u00fcler Henry van de Veldes, entworfene Brunnenplastik \u201eDie Dahlie\u201c den k\u00fcnstlerischen Mittelpunkt des Dahlienschaugartens bildet. Thilo Schoder ist ein Schwerpunkt im Bauhaus-Jahr 2019,  f\u00fcr das bereits die Vorbereitungen in der Stadt laufen.<\/p>\n<hr \/>\n<p><strong>SONDERAUSSTELLUNG IM STADTMUSEUM<\/strong><\/p>\n<p>Was hat der Niederl\u00e4nder Nicolaus de Smit mit dem Geraer Forscher und Entdecker Walter St\u00f6tzner gemeinsam? Was hat das Firmenimperium von Georg Hirsch mit deutschen Auswanderern nach Amerika zu tun, was der 1905 geborene K\u00fcnstler Hans Rudolph mit dem 1748 geborenen Zeugmachergesellen Christian Gottlob Z\u00fcge?<\/p>\n<p>Die Genannten finden sich in der neuen Sonderausstellung des Stadtmuseums Gera, und sie alle verbindet das Thema \u201eFremde\u201c: Der Aufbruch in die Fremde und umgekehrt die Ankunft von Fremden hier in unserer Heimat. Beispiele aus den vergangenen 800 Jahren zeigen, wie unterschiedlich die Beweggr\u00fcnde und Ursachen \u2013 wirtschaftliche Interessen, Kriege, pers\u00f6nliche Neugier, Hungersn\u00f6te, die Gier nach Gold, die Hoffnung auf ein besseres Leben oder auch Forscherdrang &#8211; f\u00fcr den Zug in die Fremde waren. <\/p>\n<p>Die n\u00e4chste F\u00fchrung durch die Ausstellung \u201eFremde in der Heimat \u2013 Heimat in der Fremde?\u201c startet am Sonntag, dem 17. September, um 14 Uhr.<\/p>\n<hr \/>\n<p><strong>NEUES UNTERHALTSVORSCHUSSGESETZ<\/strong><\/p>\n<p>Das neue Unterhaltsvorschussgesetz (UVG) wurde vom Bundestag verabschiedet. Zum 1. Juli 2017 treten damit weitreichende Ver\u00e4nderungen beim Unterhaltsvorschuss in Kraft. Ab dem 1. Juli 2017 wird der Unterhaltsvorschuss nicht nur f\u00fcr Kinder bis elf Jahren (beziehungsweise zw\u00f6lftem Geburtstag) gezahlt, sondern bis zum 18. Geburtstag. Damit erhalten Alleinerziehende k\u00fcnftig auch f\u00fcr ihre Kinder zwischen zw\u00f6lf und 17 Jahren Unterhaltsvorschuss, wenn der unterhaltspflichtige Elternteil nicht zum Unterhalt des Kindes beitragen kann. Die Grenze der Bezugsdauer von h\u00f6chstens 72 Monaten wurde aufgehoben.<\/p>\n<p>Voraussetzung f\u00fcr das Wirksamwerden des Gesetzes und folglich das T\u00e4tigwerden der Beh\u00f6rde ist dessen Ver\u00f6ffentlichung im Bundesgesetzblatt. Dies ist nunmehr geschehen, sodass das neue UVG zum 18. August 2017 r\u00fcckwirkend zum 1. Juli 2017 in Kraft getreten ist. <\/p>\n<p>Im Fachdienst Kinder- und Jugendhilfe liegen 881 Antr\u00e4ge nach dem neuen UVG vor. Die Bearbeitung der laufenden Leistungen sowie der neuen Antr\u00e4ge erfolgt im Rahmen der M\u00f6glichkeiten zeitnah. <\/p>\n<p>Aufgrund der zahlreichen Neuantr\u00e4ge bittet der Fachdienst um Unterst\u00fctzung durch die Antragsteller. Es wird gebeten, mit Neuantr\u00e4gen ausschlie\u00dflich in der Gagarinstra\u00dfe 101, Zimmer 352, vorzusprechen. Dar\u00fcber hinaus bittet der Fachdienst von telefonischen und pers\u00f6nlichen Nachfragen abzusehen, um den Mitarbeitern die M\u00f6glichkeit der Bearbeitung der Antr\u00e4ge zu geben. F\u00fcr eventuelle Verz\u00f6gerungen im Rahmen der Bewilligung von Unterhaltsvorschussleistungen bitten wir um Verst\u00e4ndnis.<\/p>\n<hr \/>\n<p><strong>FAMILIENPILZEXKURSION<\/strong><\/p>\n<p>Am Samstag, dem 16. September, l\u00e4dt die Geraer Volkshochschule \u201eAenne Biermann\u201c zur Familienpilzexkursion ein. Treffpunkt ist um 9 Uhr in der Vollersdorfer Stra\u00dfe an der Kreuzung Stra\u00dfe des Friedens (B 2), Exkursionsgebiet ist der Geraer Stadtwald. Der Pilzsachverst\u00e4ndige Bodo Wagner unterst\u00fctzt bei der Bestimmung der gefundenen Exemplare und gibt Hinweise zu Standorten, Erkennungsmerkmalen und Eigenschaften der verschiedenen Pilzarten. Wer m\u00f6chte, kann mit besonderen Exemplaren die Pilzausstellung zum Erntefest im Botanischen Garten bereichern. Anmeldungen sind unter der Rufnummer 0365 5525 9314 oder \u00fcber service@volkshochschule-gera.de. Unter www.volkshochschule-gera.de ist die Anmeldung ebenfalls m\u00f6glich. <\/p>\n<hr \/>\n<p><strong>\u201eBEGEGNUNG KUNST\u201c IM OTTO-DIX-HAUS<\/strong><\/p>\n<p>Am Dienstag, 19. September 2017, um 14 Uhr, findet die erste Veranstaltung \u201eBegegnung Kunst &#8211; F\u00fcr Kunstfreunde im Ruhestand\u201c nach der Sommerpause statt. Alle Kunstinteressierten sind herzlich in das Otto-Dix-Haus eingeladen. Vorgestellt werden ausgew\u00e4hlte Werke aus der umfangreichen Geraer Dix-Sammlung.<\/p>\n<p>Ausstellung: musealer Bereich \u2013 Zu Leben und Werk von Otto Dix<br \/>\nOrt: Otto-Dix-Haus Gera, Morenplatz4, 07548 Gera<br \/>\n\u00d6ffnungszeiten:\tmittwochs bis sonntags und feiertags 12 Uhr bis 17 Uhr<br \/>\nKontakt: 0365 8324927, 0365 8384250, Fax 0365 8384255, kunstsammlung@gera.de, www.gera.de<\/p>\n<hr \/>\n<p><strong>SPAZIERGANG DURCH UNTERMHAUS ZUM THEMA OTTO DIX<\/strong><\/p>\n<p>Otto Dix wurde am 2. Dezember 1891 in Untermhaus, einer kleinen Siedlung am Fu\u00dfe des Schlosses Osterstein, geboren. Seit 1919 ein Stadtteil Geras, hat das alte Viertel mit der St. Marienkirche, dem malerischen Elsterufer und dem nahen Stadtwald ein bezauberndes Flair.<br \/>\nDas Geburtshaus des ber\u00fchmten Malers und Grafikers Otto Dix besitzt eine der bedeutendsten Dix-Sammlungen mit Werken aus allen Schaffensperioden, speziell aber aus dem Fr\u00fch- und Sp\u00e4twerk.<br \/>\nZahlreiche Sachzeugen und Dokumente erz\u00e4hlen vom beschwerlichen aber auch erfolgreichen Leben des ber\u00fchmten Ehrenb\u00fcrgers Geras.<br \/>\nAm Sonntag, den 17. September 2017 erfahren die Besucher auf einem Spaziergang durch Gera-Untermhaus und dem Besuch des Otto-Dix-Hauses Wissenswertes aus seiner Kinder- und Jugendzeit. Die G\u00e4ste werden an Orte gef\u00fchrt, die Dix inspirierten und er in seinen Werken dargestellt hat. Anekdoten und Episoden erz\u00e4hlen aus seinen aufregenden \u201eMaler\u201c-Kindheits- und Jugendtagen. Die Tour beginnt 14 Uhr am Theater und dauert zwei Stunden. <\/p>\n<p>Anmeldung sind vorab in der Gera-Information m\u00f6glich. Die Teilnahmekarten gibt es montags bis freitags von 9 Uhr bis 18 Uhr sowie sonnabends von 9 Uhr bis 15 Uhr. Reservierungen nehmen die Mitarbeiter unter der Rufnummer 0365 8381111 entgegen.<\/p>\n<hr \/>\n<p><strong>INNENMINISTER MAIER IN GERA<\/strong><\/p>\n<p>Stadt-Umland-Beziehungen, Gewerbesteuer und Gebietsreform waren Themen des einst\u00fcndigen Gedankenaustausches<\/p>\n<p>Th\u00fcringens Innenminister Georg Maier informierte sich am 7. September 2017 im Geraer Rathaus bei Oberb\u00fcrgermeisterin Dr. Viola Hahn \u00fcber die aktuellen Herausforderungen, vor denen die Stadt steht. \u201eDass mich mein erster Antrittsbesuch als Minister in einer Kommune nach Gera f\u00fchrt, soll meine Wertsch\u00e4tzung f\u00fcr die Stadt zum Ausdruck bringen\u201c, erkl\u00e4rte Minister Maier nach dem rund einst\u00fcndigen Gespr\u00e4ch, das in einer offenen und konstruktiven Atmosph\u00e4re verlief. Er habe sich insbesondere von den Stadt-Umland-Beziehungen ein genaueres Bild verschaffen wollen. Gegen\u00fcber Oberb\u00fcrgermeisterin Dr. Hahn sagte er zu, die Forderungen des Landesverwaltungsamtes zur Erh\u00f6hung der Gewerbesteuer erneut zu pr\u00fcfen. <\/p>\n<p>Frau Dr. Hahn hatte den Minister auf die positive Entwicklung der Stadt insbesondere in Wirtschaft und Bildung sowie die wachsenden Einwohner- und Geburtenzahlen aufmerksam gemacht. Eine Erh\u00f6hung der Gewerbesteuer sei ein Wettbewerbsnachteil f\u00fcr den Wirtschaftsstandort Gera. Im Zusammenhang mit der in Th\u00fcringen vorgesehenen Verwaltungs-, Funktional- und Gebietsreform bekr\u00e4ftigte die Oberb\u00fcrgermeisterin die Haltung der Stadt, die Kreisfreiheit zu erhalten und zu sichern.<\/p>\n<hr \/>\n<p><strong>WOCHE DER DEMENZ<\/strong><\/p>\n<p>Vom 18. bis  24. September 2017 findet zum dritten Mal die Woche der Demenz statt, um auf die Situation von Demenzerkrankten und deren Angeh\u00f6rigen aufmerksam zu machen. Die diesj\u00e4hrige Woche der Demenz steht unter dem Motto:  \u201eDie Vielfalt im Blick\u201c. <\/p>\n<p>Mitglieder der Lokalen Allianz f\u00fcr Menschen mit Demenz in Gera unterst\u00fctzen die deutschlandweite Aktion rund um den j\u00e4hrlichen Alzheimertag. Am 19. September 2017 l\u00e4dt das Seniorenheim \u201eFranz-Lenzner\u201c, Bruno-Brause-Stra\u00dfe 6, ab 14 Uhr zu einem Tag der offenen T\u00fcr ein. Am 21. September 2017 besteht ab 17 Uhr  an der SRH-Hochschule f\u00fcr Gesundheit  wieder die M\u00f6glichkeit mit Fachkundigen ins Gespr\u00e4ch zu kommen und sich \u00fcber das Krankheitsbild und neueste Erkenntnisse zu Pr\u00e4ventionsma\u00dfnahmen zu informieren. Des Weiteren kann am 21. September in einer Gespr\u00e4chsrunde im Begegnungszentrum Eichenhof, Eichenstra\u00dfe, von 14 bis 16 Uhr, \u00fcber Bedarfe zur Sicherung der Mobilit\u00e4t bei Pflegebed\u00fcrftigkeit diskutiert werden. Diese Veranstaltung der Reihe \u201eZukunftswerkstatt-Pflege\u201c des Caritasverbandes Ostth\u00fcringen soll einerseits \u00fcber Ergebnisse eines GKV-Projektes \u201eSkipper\u201c in Lusan informieren, aber auch die M\u00f6glichkeit geben, bei der Gestaltung von ambulanten Versorgungsstrukturen ein W\u00f6rtchen mitzureden.<\/p>\n<hr \/>\n<p><strong>KONZERT ZUM TAG DES OFFENEN DENKMALS<\/strong><\/p>\n<p>Das traditionelle Konzert der Chorvereinigung Cantabile zum Tag des offenen Denkmals kann wegen Bauarbeiten in diesem Jahr nicht in der Feierhalle auf dem S\u00fcdfriedhof stattfinden. Mit der an den Aktionen des Tages beteiligten wundersch\u00f6nen Kirche in Gera-Langenberg wurde ein hervorragender Ersatz gefunden. Das Programm wird vom Kinder- und Jugendchor, vom Jungen Chor und von Solisten der Chorvereinigung gestaltet und bietet Hits verschiedenster Zeiten und Stile. So spannt sich der Bogen vom Lied \u00fcber den wunderbaren Gesang der Grille von Josquin Desprez \u00fcber Werke von Orlando di Lasso, Georg Friedrich H\u00e4ndel, Johann Sebastian Bach und Franz Schubert bis zum ber\u00fchmten \u201eKatzenduett\u201c von Gioacchino Rossini oder dem Titel \u201eI am but a small voice\u201c von Roger Withaker. Das Konzert beginnt am 10. September um 16 Uhr in der Kirche von Langenberg. Eintritt ist frei. Um eine Spende wird gebeten. Weitere Informationen erhalten Sie unter www.Cantabile-Gera.de.<\/p>\n<hr \/>\n<p><strong>BESEITIGUNG VON HOCHWASSERSCH\u00c4DEN<\/strong><\/p>\n<p>Ab Dienstag, dem 6. September 2017, wird die Zoitzstra\u00dfe\/Am Bach im Baufeld des Bauvorhabens Hochwasserschadensbeseitigung am R\u00f6ppischbach zwischen Eisenbahnbr\u00fccke Unterr\u00f6ppisch und ehemaliger Kammgarnspinnerei auch f\u00fcr den Fu\u00dfg\u00e4nger-Durchgangsverkehr gesperrt. Die Sperrung wird, je nach Baufortschritt, voraussichtlich bis zum 30. September 2017 andauern.<\/p>\n<p>Grund f\u00fcr die Sperrung sind die Arbeiten zum grundhaften Ausbau der Stra\u00dfe. Dadurch ist es nicht mehr m\u00f6glich, eine ausreichend breite Fu\u00dfg\u00e4ngerf\u00fchrung zum gefahrlosen Passieren der Baustelle zu erm\u00f6glichen. Der fu\u00dfl\u00e4ufige Zugang zu den Anwohnergrundst\u00fccken wird je nach Baufortschritt von der Stra\u00dfe \u201eAm Bach\u201c bzw. von der Zoitzstra\u00dfe aus sichergestellt.<\/p>\n<p>Die Stadtverwaltung bittet die Bev\u00f6lkerung im Interesse ihrer eigenen Sicherheit die Absperrungen und Ausschilderungen zu beachten.<\/p>\n<hr \/>\n<p><strong>GR\u00dcNHOLZ-ARBEITEN<\/strong><\/p>\n<p>Ab Montag, dem 11. September 2017, beginnen durch die Mitarbeiter des Meisterbereiches Gr\u00fcnpflege vom Fachdienst Stadtgr\u00fcn weitere Pflegearbeiten an einem Abschnitt der beidseitigen Randstreifen in der Gr\u00fcnanlage Schreberweg. In dem Abschnitt  zwischen der Kindertagesst\u00e4tte und der Zufahrt zum angrenzenden Wohngebiet wird der vorhandene Jungaufwuchs der Lichtbaumarten, vorwiegend Spitzahorn und Holunder entfernt. Zur Nachhaltigkeit dieser Geh\u00f6lzpflegema\u00dfnahmen werden die verbleibenden Wurzelst\u00f6cke maschinell entnommen. Vorhandene historisch belegbare Geh\u00f6lze werden freigestellt und verj\u00fcngt beziehungsweise artgerecht zur\u00fcckgeschnitten. Der Baumbestand bleibt erhalten. Im Ergebnis wird die bearbeitete  Grundfl\u00e4che mit Mutterboden aufgef\u00fcllt, um eine anschlie\u00dfende Nachpflanzung mit Bl\u00fctengeh\u00f6lzen zu erm\u00f6glichen.<\/p>\n<p>Die umfangreichen Geh\u00f6lzpflegearbeiten wurden eng mit der Unteren Naturschutzbeh\u00f6rde abgestimmt und eine Genehmigung zur Ausf\u00fchrung ab Mitte September liegt vor.<\/p>\n<p>Im Rahmen der denkmalpflegerischen Ziele f\u00fcr die Freiraumgestaltung Schreberweg ist es vorgesehen, in einzelnen Bauabschnitten die historischen Raumstrukturen zwischen der dominierenden Ahornallee und den beidseitigen Randstreifen wiederherzustellen. Abschnittsweise wird in den Geh\u00f6lzstreifen der Jungaufwuchs entnommen, diese Fl\u00e4chen f\u00fcr die Pflanzung vorbereitet und anschlie\u00dfend mit Bl\u00fctengeh\u00f6lzen und Vogeln\u00e4hrgeh\u00f6lzen bepflanzt beziehungsweise erg\u00e4nzt. Damit k\u00f6nnen die historischen Raumstrukturen wiederhergestellt werden.<\/p>\n<hr \/>\n<p><strong>BETRIFFT OSTFRIEDHOF<\/strong><\/p>\n<p>Gem\u00e4\u00df \u00a7 17 der Friedhofsatzung f\u00fcr die kommunalen und die von der Stadt Gera verwalteten Friedh\u00f6fe sind Urnenreihengrabst\u00e4tten f\u00fcr die Beisetzung einer Urne vorgesehen. Ein Wiedererwerb sowie eine Verl\u00e4ngerung des Nutzungsrechts an diesen Grabst\u00e4tten sind nicht m\u00f6glich. Allerdings kann auf Antrag eine Umbettung unter Erwerb einer neuen Grabstelle erfolgen. <\/p>\n<p>Urnenreihengrabst\u00e4tten werden nach Ablauf der Ruhefrist durch die Friedhofsverwaltung ber\u00e4umt. Dem Nutzungsberechtigten entstehen hierbei keine Kosten.<\/p>\n<p>Im Februar 2018 soll eine teilweise Ber\u00e4umung der Abteilung XIX b erfolgen. Dazu werden die Nutzungsberechtigten gebeten, das Grabzubeh\u00f6r von den Grabst\u00e4tten die bereits abgelaufen sind oder bis 31. Januar 2018 ablaufen, bis 1. Februar 2018 zu entfernen. <\/p>\n<p>Sofern der Grabstein durch die Angeh\u00f6rigen mitgenommen wird oder eine Umbettung in Frage kommt, so setzen Sie sich mit der Friedhofsverwaltung in Verbindung.<\/p>\n<p>Die Grabst\u00e4tten, einschlie\u00dflich Grabzubeh\u00f6r, welches bis zum Ablauf der oben genannten Frist nicht ber\u00e4umt wurde, werden anschlie\u00dfend durch die Friedhofsverwaltung ber\u00e4umt.<\/p>\n<hr \/>\n<p><strong>KRANKENWAGEN \u00dcBERGEBEN<\/strong><\/p>\n<p>Die Stadt Gera erhielt am 6. September 2017 einen Notfallkrankenwagen, den Oberb\u00fcrgermeisterin Dr. Viola Hahn an den ASB Regionalverband Ostth\u00fcringen mit Sitz in Gera \u00fcbergab. Der Notfallkrankenwagen f\u00fcr Gera ist einer von 24, die in den vergangenen Tagen f\u00fcr Th\u00fcringer Landkreise und kreisfreie St\u00e4dte bereitgestellt wurden.<\/p>\n<p>Das Fahrzeug ist f\u00fcr den Transport, die Erstversorgung und die \u00dcberwachung von bis zu zwei liegenden oder einem liegenden und einem sitzenden Patienten konstruiert und ausger\u00fcstet. Mit der \u00dcbergabe und Inbetriebnahme des Fahrzeugs kann die medizinische Versorgung von Verletzten im Katastrophenfall besser sichergestellt werden.<\/p>\n<p>Der Krankentransportwagen ist auf einem Mercedes-Fahrgestell aufgebaut und besitzt ein zul\u00e4ssiges Gesamtgewicht von vier Tonnen und f\u00fcnf Sitzpl\u00e4tze. Das Fahrzeug ist unter anderem mit einem automatischen Defibrillator (AED), je einem Notfallkoffer f\u00fcr Erwachsene, f\u00fcr Babys und f\u00fcr Kinder, Krankentrage sowie einer Vakuummatratze ausgestattet. F\u00fcr die Kommunikation ist analoge und digitale Funktechnik parallel verbaut. Eine motorunabh\u00e4ngige Standheizung rundet das Bild ab.<br \/>\nDas Fahrzeug hat einen Wert von rund 116 000 Euro.<\/p>\n<p>Mit Inkraftsetzung der Th\u00fcringer Katastrophenschutzverordnung im Juli 2010 wurden f\u00fcr alle Landkreise und kreisfreien St\u00e4dte Th\u00fcringens einheitliche Standards f\u00fcr die Aufstellung und Ausr\u00fcstung der Einheiten im Katastrophenschutz festgelegt. Gem\u00e4\u00df Paragraph 44 Absatz 4 des Th\u00fcringer Brand- und Katastrophenschutzgesetzes (Th\u00fcrBKG) ist das Land Th\u00fcringen f\u00fcr die Beschaffung von Fahrzeugen und sonstiger Ausr\u00fcstung f\u00fcr den Katastrophenschutz zust\u00e4ndig und stellt diese den kommunalen Aufgabentr\u00e4gern zur Verf\u00fcgung.<\/p>\n<hr \/>\n<p><strong>TAG DER ZAHNGESUNDHEIT<\/strong><\/p>\n<p>Am 25. September ist \u201eTag der Zahngesundheit\u201c. Bundesweit werden verschiedene Veranstaltungen organisiert, um auf die Bedeutung der Mundgesundheit aufmerksam zu machen.<\/p>\n<p>\u201eGesund beginnt im Mund \u2013 Gemeinsam f\u00fcr starke Milchz\u00e4hne\u201c \u2013 diesem Motto f\u00fchlt sich der Jugendzahn\u00e4rztliche Dienst des Gesundheitsamtes Gera besonders verpflichtet, denn was \u201eH\u00e4nschen nicht lernt, \u2026\u201c Die Zahngesundheit der Kinder ab dem ersten Zahn schafft gute Voraussetzungen f\u00fcr gesunde Z\u00e4hne bis ins hohe Alter. Und die Kinder in den Geraer Kinderg\u00e4rten haben gute Voraussetzungen daf\u00fcr, denn sie werden gruppenprophylaktisch durch Patenschafts-Zahn\u00e4rzte und die Prophylaxehelferin der LAG Jugendzahnpflege Th\u00fcringen betreut. Es wird kindgerecht das Z\u00e4hneputzen ge\u00fcbt, \u00fcber gesunde Ern\u00e4hrung gesprochen und Eltern k\u00f6nnen sich bei Veranstaltungen im Kindergarten beraten lassen. <\/p>\n<p>Die Ergebnisse der Vorsorgeuntersuchungen der letzten f\u00fcnf Jahre haben gezeigt, wie die Ma\u00dfnahmen der Gruppenprophylaxe die Zahngesundheit der Null- bis F\u00fcnfj\u00e4hrigen verbessert haben. Um die 80 % der untersuchten Kinder haben gesunde Z\u00e4hne (67 % vor zehn Jahren). Leider wurde auch deutlich, dass 15 % bis 19 Prozent der Kinder kranke Z\u00e4hne haben und behandlungsbed\u00fcrftig sind (26 % vor zehn Jahren). Auch Milchz\u00e4hne m\u00fcssen behandelt werden, da sie wichtig f\u00fcr die Kiefer- und Sprachentwicklung und die Entwicklung des Kindes sind. Unbehandelte Z\u00e4hne geben den Bakterien die M\u00f6glichkeit, direkt in den K\u00f6rper des Kindes zu gelangen und die Entwicklung zu st\u00f6ren.<\/p>\n<p>Am 25. September 2017 sind Kindergartenkinder zu Aktionen rund um den Mund in das Gesundheitsamt eingeladen. Am Vormittag k\u00f6nnen sie zum Beispiel feststellen, wie schmutzig die Z\u00e4hne nach dem Fr\u00fchst\u00fcck sind. Bei Zahnputzaktionen k\u00f6nnen sie zeigen, was sie an Zahnputztechnik schon gelernt haben. Au\u00dferdem warten weitere kleine \u00dcberraschungen auf die Kinder.<\/p>\n<hr \/>\n<p><strong>THEMA INKLUSION<\/strong><\/p>\n<p>Am Dienstag, den 19. September 2017, um 19.30 Uhr, ist Michael Felten zu Gast in der Stadt- und Regionalbibliothek. Er arbeitet seit 35 Jahren als Gymnasiallehrer. Er ist auch in der Lehrerausbildung t\u00e4tig sowie Publizist und Schulentwicklungsberater. Er schreibt f\u00fcr die Zeit-online in der Serie \u203aSchulfrage\u2039 und moderiert die Informations-Plattform www.inklusion-als-problem.de.<\/p>\n<p>\u201eLasst uns offen reden \u00fcber Inklusion. Was daran sinnvoll ist und was nicht.\u201c Michael Felten bezieht eindeutig Position. Er ist kein Gegner schulischer Inklusion. Aber er wagt auszusprechen, was viele ahnen und nicht wenige bitter erleben: So, wie es l\u00e4uft, l\u00e4uft es falsch. Felten beschreibt die Wirklichkeit einer ebenso \u00fcbereilten wie unterfinanzierten Inklusionseuphorie. Und er deckt Hintergr\u00fcnde auf: Missverst\u00e4ndnisse, Fehldeutungen \u2013 vor allem aber eine F\u00fclle kindeswohlferner Motive. Gleichzeitig macht er deutlich: Inklusion ist eine Chance, wenn man bereit ist, ehrlich zu sein.<\/p>\n<p>Klare Worte in einer tabubehafteten Debatte! Die Veranstaltung bietet Raum, um mit dem Autoren ins Gespr\u00e4ch zu kommen, Probleme anzusprechen sowie zum Erfahrungsaustausch. Der Eintritt ist frei.<\/p>\n<hr \/>\n<p><strong>ERNTEFEST IM BOTANISCHEN GARTEN<\/strong><\/p>\n<p>Zum Abschluss einer erfolgreichen Gartensaison l\u00e4dt der Botanische Garten Gera am Sonntag, den 17. September, 10 Uhr bis 18 Uhr, zum traditionellen Erntefest ein. F\u00fcr alle Garten- und Naturfreunde, vor allem aber die Pilzsammler, wird es viel zu entdecken geben. Ein besonderer Besuchermagnet wird die aktuelle Pilzausstellung mit Frischpilzen sein, die vom Pilzsachverst\u00e4ndigen Bodo Wagner mit zahlreichen Pilzfreunden vom \u201ePilzstammtisch\u201c gemeinsam mit dem Museum f\u00fcr Naturkunde gestaltet wird. Von besonderem Interesse sind nat\u00fcrlich die bekannten Speisepilze und ihre giftigen oder ungenie\u00dfbaren Doppelg\u00e4nger, die zu Verwechslungen f\u00fchren k\u00f6nnen, wie z. B. der Gift-Champignon, der jetzt vielfach gefunden wird. Zu all diesen Fragen ist sachkundige Beratung m\u00f6glich. Um 11 Uhr, 14 Uhr und 15.30 Uhr finden F\u00fchrungen statt. Bodo Wagner erl\u00e4utert dabei besondere Funde und gibt vor allem auch Informationen zu problematischen Arten. Unterst\u00fctzung findet das Projekt auch durch die Geraer Volkshochschule, die am 16. September zu einer Familienpilzexkursion und damit zum flei\u00dfigen Sammeln einl\u00e4dt. Nat\u00fcrlich kann auch jeder eigenes Material zur Bestimmung und Bereicherung der Lehrausstellung mitbringen. Besonderheiten aller Sammelaktionen finden Eingang in die wissenschaftliche Pilzsammlung des Museums f\u00fcr Naturkunde, allerdings in getrockneter Form oder als sogenanntes Nasspr\u00e4parat.<\/p>\n<p>Im historischen Turmhaus wird wieder eine Apfel-Sortenausstellung vorbereitet. Gesammelt wird dazu von Streuobstwiesen rund um Gera, so dass auch bekannte und seltene alte Sorten vertreten sind. Informationen dazu gibt Gerald Ripka, G\u00e4rtner im Botanischen Garten. Der Verband der Gartenfreunde e. V. ist Ansprechpartner f\u00fcr alle Fragen rund um den Kleingarten. Eine interessante Sammlung aus der diesj\u00e4hrigen Ernte wird vorgestellt, Marmeladen d\u00fcrfen verkostet werden. Alle Kleing\u00e4rtner sind aufgerufen, interessante Gew\u00e4chse aus ihren G\u00e4rten mitzubringen. Von der Aum\u00fchle bei Weida werden K\u00fcrbisse erwartet. Wer aber hat den gr\u00f6\u00dften K\u00fcrbis? Als kompetenter Ansprechpartner f\u00fcr Umweltthemen nicht nur in der Region l\u00e4dt das Gr\u00fcne Haus Gera e. V. zu Gespr\u00e4chen ein. Als Aktion k\u00f6nnen kleine \u201eInsektenhotels\u201c unter sachkundiger Leitung angefertigt werden. <\/p>\n<p>Imkerei, Kr\u00e4uterstand, Gesundheitsteam und Gr\u00fcnes Haus bieten zum Erntefest Obst, Gem\u00fcse, S\u00e4fte, Kuchen, Waffeln und allerlei Leckeres rund um Honig an, aber nat\u00fcrlich auch Herzhaftes, wie eine leckere K\u00fcrbissuppe und Zwiebelkuchen. Franz\u00f6sische Oliven\u00f6le, provencalische Weine und Olivenseifen haben auf dem Herbstmarkt l\u00e4ngst ihre Freunde gefunden, ebenso Liebhaberstauden und bunte Trockenstr\u00e4u\u00dfe. Kr\u00e4uter und allerlei Produkte daraus, wie zum Beispiel Wildbl\u00fcten- und Kr\u00e4utergelees, erg\u00e4nzen das Angebot. <\/p>\n<p>Romantische Weltmusik ist ab 14.30 Uhr von \u201ePapamino\u201c (Gitarre) und Kira Shabliy (Gesang) am Turmhaus zu erleben.<\/p>\n<hr \/>\n<p><strong>BUCHF\u00dcHRUNG F\u00dcR FORTGESCHRITTENDE<\/strong><\/p>\n<p>Am Montag, den 18. September, beginnt 18 Uhr in der Geraer Volkshochschule der Kurs \u201eBuchf\u00fchrung f\u00fcr Fortgeschrittene\u201c. Dieser Kurs richtet sich an alle, die ihre Kenntnisse auf dem Gebiet der Buchf\u00fchrung auffrischen oder vertiefen wollen. Es werden Grundkenntnisse vorausgesetzt.<\/p>\n<p>An zehn Kursabenden zu jeweils drei Unterrichtsstunden geht es vor allem um die Buchungen, die im Zusammenhang mit dem Einkauf, Verkauf, Personal und Sachanlagen anfallen sowie um das Buchen von Bezugskosten, R\u00fccksendungen, Nachl\u00e4ssen, Skonto, Anzahlungen und L\u00f6hnen mit allen Nebenleistungen. Die Inhalte werden mit Beispielen und \u00dcbungen veranschaulicht. <\/p>\n<p>Anfragen sind unter 0365 55259313, \u00fcber  oderservice@volkshochschule-gera.dewww.volkshochschule-gera.de m\u00f6glich.<\/p>\n<hr \/>\n<p><strong>TAG DES FRIEDHOFES<\/strong><\/p>\n<p>Am 17. September 2017, 10 Uhr bis 16 Uhr, findet der Tag des Friedhofs auf dem Ostfriedhof in Gera statt. In bew\u00e4hrter Tradition sollen in F\u00fchrungen und Vortr\u00e4gen interessierte B\u00fcrger Informationen rund ums Friedhofsgeschehen erhalten. <\/p>\n<p>In diesem Jahr soll zudem die neue Mustergrabanlage er\u00f6ffnet werden. \u00dcber Sponsoring von ortsans\u00e4ssige Steinmetzen und Friedhofsg\u00e4rtnern konnte diese Anlage am Eingang zur Friedhofsverwaltung verwirklicht werden. Somit ist es m\u00f6glich, auf kleinster Fl\u00e4che Angeh\u00f6rigen die m\u00f6glichen Bestattungsarten von Urnen- und Erdwahlgrabstellen bis zu Gemeinschafts- und Reihenanlagen sowie der Baumbestattung zu pr\u00e4sentieren. Zudem k\u00f6nnen sich Besucher zu pflege\u00e4rmeren und aufw\u00e4ndigeren Pflanzbeispielen informieren. Die 100-j\u00e4hrige Kremationsgeschichte der Stadt kann man in diesem Jahr hautnah bei zwei F\u00fchrungen durch das historische aber auch neue Krematorium erleben. <\/p>\n<p>Neben der Vorstellung der Bestattungsarten auf den kommunalen Friedh\u00f6fen der Stadt werden in einem Vortrag von Imam Hassan Salim interessante Einblicke in die muslimische Bestattungskultur gew\u00e4hrt. Au\u00dferdem wird das Thema \u201eF\u00fchrsorge \u2013 F\u00fcr meine Lieben \u2013 Und mich\u201c in einer interessanten Pr\u00e4sentation von G\u00e4rtnermeister Jens Prager aufgegriffen.<\/p>\n<p>In zwei Streifz\u00fcgen f\u00fchren die Geraer G\u00e4stef\u00fchrer e. V. zu Geraer Pers\u00f6nlichkeiten \u00fcber den Friedhof. Nat\u00fcrlich darf auch der Besuch von historischen Grabstellen und ganz besonderen Ruhest\u00e4tten, gef\u00fchrt von Steinmetz Lars M\u00fcller, nicht fehlen. Der F\u00f6rderverein Kreativ-Keramik e.V. l\u00e4dt Sie dazu ein, einen kleinen individuellen Grabschmuck f\u00fcr ihre Lieben herzustellen.<\/p>\n<p>In der Feierhalle wird es eine Fotoausstellung \u201eEindr\u00fccke aus dem alten Krematorium Ostfriedhof\u201c sowie Informationen zu Patenschaften und historischen Wandgr\u00e4ber geben. Ortsans\u00e4ssige Steinmetze, Bestattungsinstitute, Friedhofsg\u00e4rtner und Floristen nutzen die Gelegenheit, um sich vorzustellen und Ihre Fragen zu beantworten. <\/p>\n<p>Bei einer Tasse Kaffee und einem kleinen Snack, bereitgestellt durch die Freiwillige Feuerwehr \u201eMitte\u201c, k\u00f6nnen Sie die gewonnenen Einblicke und Informationen auf sich wirken lassen. <\/p>\n<hr \/>\n<p><strong>BILDBEARBEITUNG<\/strong><\/p>\n<p>Am Montag, dem 11. September 2017, beginnt um 17.30 Uhr an der Geraer Volkshochschule der Kursus Bildbearbeitung mit Photoshop f\u00fcr kreative Einsteiger.<\/p>\n<p>Der Kurs zeigt, wie aus Fotos mit Photoshop Elements, dem bekannten, leistungsstarken und doch einfach zu handhabenden Bildbearbeitungsprogramm, mehr gemacht werden kann. Kleinere Unstimmigkeiten auf den Aufnahmen k\u00f6nnen im Handumdrehen behoben, die Farbe, Ausleuchtung und Belichtung in den Bildern nach Belieben angepasst werden. Ob Farbfotos in Schwarz-Wei\u00df-Bilder konvertieren oder die Feineinstellung von Farbton, Helligkeit und Kontrast anpassen, mit der Bildbearbeitung wird maximale Qualit\u00e4t erzielt.<\/p>\n<p>Interessenten melden sich unter 0365 55259310 oder service@volkshochschule-gera.de an. Unter www.volkshochschule-gera.de ist die Anmeldung ebenfalls m\u00f6glich.<\/p>\n<hr \/>\n<p><strong>XLII. MINERALIEN- UND FOSSILIENB\u00d6RSE<\/strong><\/p>\n<p>Am Sonntag, dem 24. September 2017, verwandeln die Geraer Mineralien- und Fossilienfreunde zusammen mit Partnern aus ganz Deutschland das Kultur- und Kongresszentrum Gera (Schlossstra\u00dfe 1, 07545 Gera) von 10 Uhr bis 16 Uhr in eine Schatzkammer voller edler Mineralien und Fossilien, den Sch\u00e4tzen der Erde.<\/p>\n<p>Den Verein bilden 30 Mitglieder, darunter Mineralogen, Geologen, ehemalige Bergleute oder enthusiastische Mineraliensammler. Ihnen ist es zu verdanken, dass sich Gera innerhalb der Mineralienb\u00f6rsen Deutschlands mit langer Tradition einen Namen gemacht hat. Seit 1975 existiert die einmal im Jahr stattfindende Veranstaltung, die somit das 42. Jubil\u00e4um begeht.<\/p>\n<p>Das Event versteht sich auch in diesem Jahr als Forum f\u00fcr Freunde der Geologie und Naturliebhaber und bietet deshalb ein breites Rahmenprogramm an. So steht zum Beispiel ein Bestimmungsstand zur Verf\u00fcgung. Besucher, die Mineralien, Fossilien oder Gesteinsproben zu Hause haben und diese nicht zuordnen und bewerten k\u00f6nnen, legen diese einem Diplom-Mineralogen vor, um die offenen Fragen zu den eigenen \u201eSch\u00e4tzen\u201c kl\u00e4ren zu lassen. Au\u00dferdem pr\u00e4sentiert der Verein eine Sonderausstellung zum Mineral Fluorit. Das h\u00e4ufige Mineral kommt weltweit in fast jeder erdenklichen Farbe vor. In der Ausstellung werden pr\u00e4chtige Fluoritkristalle von verschiedensten herausragenden Fundstellen der ganzen Welt in einem breiten Farbspektrum gezeigt. Unter anderem wird blauer Fluorit von Freiberg, lila Fluorit von Caaschwitz, gr\u00fcner Fluorit aus Kasachstan und rosafarbener Fluorit aus der Schweiz pr\u00e4sentiert. Au\u00dferdem ist die Kinder- und Jugendgruppe des Vereins an einem Stand pr\u00e4sent.<\/p>\n<p>Es treffen sich alle Mitglieder auf der Veranstaltung mit dem Leiter der Arbeitsgemeinschaft. Dar\u00fcber hinaus wird ein informatives R\u00e4tselquiz f\u00fcr Kinder- und Jugendliche angeboten, das spielerisch mit Lerneffekten zu bestimmten Themen rund um Mineralien und Fossilien durch die Veranstaltung f\u00fchrt. Zus\u00e4tzlich finden vier Bildvortr\u00e4ge zu mineralogischen Themen statt: 10.30 Uhr Pseudomorphosen \u2013 Minerale in fremder Gestalt, 11.30 Uhr Die ber\u00fchmten Pyrit-W\u00fcrfel aus Spanien, 13.30 Uhr Me\u017eica \u2013 Ber\u00fchmte Wulfenite aus Slowenien und 14.30 Uhr Pseudomorphosen \u2013 Minerale in fremder Gestalt. Um den Besuch der B\u00f6rse von Kindern und Jugendlichen zu f\u00f6rdern, ist der Eintritt f\u00fcr Kinder und Jugendliche bis 17 Jahren frei!<\/p>\n<hr \/>\n<p><strong>XII. AENNE-BIERMANN-PREIS<\/strong><\/p>\n<p>Das Museum f\u00fcr Angewandte Kunst der Stadt Gera und die Sparkassen-Versicherung schrieben in diesem Jahr bereits zum zw\u00f6lften Mal den Aenne-Biermann-Preis f\u00fcr deutsche Gegenwartsfotografie aus. Das Projekt wird zudem unterst\u00fctzt vom Land Th\u00fcringen.<\/p>\n<p>Die Unterzeichnung der F\u00f6rdervereinbarung f\u00fcr das Projekt \u201e12. Aenne-Biermann-Preis\u201c zwischen der Stadt Gera, vertreten durch den Fachdienstleiter Presse, Marketing, Kultur und Sport, Uwe M\u00fcller, und der SV Sparkassen Versicherung, vertreten durch Dr. Verena Titze-Winter, Leiterin der Kulturf\u00f6rderung,  fand am 5. September 2017 anl\u00e4sslich der Jurysitzung statt. <\/p>\n<p>Neben dem Hauptanliegen, der F\u00f6rderung und Unterst\u00fctzung zeitgen\u00f6ssischer Fotografie, soll damit an das Schaffen Aenne Biermanns erinnert und angekn\u00fcpft werden. Die 1898 in Goch geborene und ab 1920 in Gera lebende Fotografin geh\u00f6rte in der zweiten H\u00e4lfte der 1920-er Jahre zu den innovativsten Lichtbildnerinnen Deutschland, deren Arbeiten der Neuen Sachlichkeit und der neuen Fotografie zugeordnet werden.<\/p>\n<p>Dank der Unterst\u00fctzung durch die SV Sparkassen Versicherung ist es m\u00f6glich, dass neben den umf\u00e4nglichen inhaltlichen Vorbereitungsarbeiten, Preisgelder in H\u00f6he von gesamt 8000 Euro ausgelobt und eine Ausstellung der Preistr\u00e4gerarbeiten mit Publikation f\u00fcr diesen renommierten Preis realisiert werden k\u00f6nnen. Die Ausstellung der Fotografien der Preistr\u00e4ger wird vom 13. Dezember 2017 bis 11. Februar 2018 im Museum f\u00fcr Angewandte Kunst Gera zu erleben sein.<\/p>\n<p>Im Anschluss begann die Jury mit der intensiven Arbeit, aus den insgesamt 317 Arbeiten von 176 Bewerbern  den 1., 2. und 3. Preis sowie vier Anerkennungen auszuw\u00e4hlen. Mitglieder der Jury sind: Prof. Klaus Honeff (Bonn), Dr. Verena Titze-Winter (Wiesbaden), Wolfgang Kil (Berlin), Daniel Poller (Leipzig, Aenne-Biermann-Preistr\u00e4ger 2015), Holger-Peter Saupe (Leiter der Kunstsammlung Gera).<\/p>\n<hr \/>\n<p><strong>SPRECHSTUNDE DER SCHIEDSSTELLE I<\/strong><\/p>\n<p>Die September-Sprechstunde der Schiedsstelle 1, SBBS Gesundheit und Soziales, Maler-Fischer-Stra\u00dfe 2, wird auf Montag, den 18. September 2017, 18 Uhr bis 19 Uhr, verlegt. Der Termin am 11. September 2017 f\u00e4llt wegen Urlaub aus.<\/p>\n","protected":false},"excerpt":{"rendered":"<div class=\"mh-excerpt\"><p>NEUE MEDIEN IN DER STADTBIBLIOTHEK In der Geraer Bibliothek stehen k\u00fcnftig neue Medien zur Verf\u00fcgung. Die Stadt- und Regionalbibliothek Gera als eine der Schwerpunktbibliotheken des Freistaates Th\u00fcringen erhielt Landesf\u00f6rdermittel von der Landesfachstelle f\u00fcr \u00d6ffentliche Bibliotheken, <a class=\"mh-excerpt-more\" href=\"https:\/\/www.studiogera.de\/001\/2017\/09\/10\/meldungen-und-hinweise-der-stadtverwaltung-11\/\" title=\"MELDUNGEN UND HINWEISE DER STADTVERWALTUNG\">[&#8230;]<\/a><\/p>\n<\/div>","protected":false},"author":2,"featured_media":1823,"comment_status":"open","ping_status":"open","sticky":false,"template":"","format":"standard","meta":{"footnotes":""},"categories":[16],"tags":[],"class_list":{"0":"post-1822","1":"post","2":"type-post","3":"status-publish","4":"format-standard","5":"has-post-thumbnail","7":"category-kurzmitteilungen"},"_links":{"self":[{"href":"https:\/\/www.studiogera.de\/001\/wp-json\/wp\/v2\/posts\/1822","targetHints":{"allow":["GET"]}}],"collection":[{"href":"https:\/\/www.studiogera.de\/001\/wp-json\/wp\/v2\/posts"}],"about":[{"href":"https:\/\/www.studiogera.de\/001\/wp-json\/wp\/v2\/types\/post"}],"author":[{"embeddable":true,"href":"https:\/\/www.studiogera.de\/001\/wp-json\/wp\/v2\/users\/2"}],"replies":[{"embeddable":true,"href":"https:\/\/www.studiogera.de\/001\/wp-json\/wp\/v2\/comments?post=1822"}],"version-history":[{"count":1,"href":"https:\/\/www.studiogera.de\/001\/wp-json\/wp\/v2\/posts\/1822\/revisions"}],"predecessor-version":[{"id":1824,"href":"https:\/\/www.studiogera.de\/001\/wp-json\/wp\/v2\/posts\/1822\/revisions\/1824"}],"wp:featuredmedia":[{"embeddable":true,"href":"https:\/\/www.studiogera.de\/001\/wp-json\/wp\/v2\/media\/1823"}],"wp:attachment":[{"href":"https:\/\/www.studiogera.de\/001\/wp-json\/wp\/v2\/media?parent=1822"}],"wp:term":[{"taxonomy":"category","embeddable":true,"href":"https:\/\/www.studiogera.de\/001\/wp-json\/wp\/v2\/categories?post=1822"},{"taxonomy":"post_tag","embeddable":true,"href":"https:\/\/www.studiogera.de\/001\/wp-json\/wp\/v2\/tags?post=1822"}],"curies":[{"name":"wp","href":"https:\/\/api.w.org\/{rel}","templated":true}]}}