{"id":18298,"date":"2022-03-02T10:25:48","date_gmt":"2022-03-02T09:25:48","guid":{"rendered":"http:\/\/www.studiogera.de\/001\/?p=18298"},"modified":"2022-03-02T10:25:50","modified_gmt":"2022-03-02T09:25:50","slug":"spontane-sonderausstellung-als-zeichen-gegen-den-krieg","status":"publish","type":"post","link":"https:\/\/www.studiogera.de\/001\/2022\/03\/02\/spontane-sonderausstellung-als-zeichen-gegen-den-krieg\/","title":{"rendered":"SPONTANE SONDERAUSSTELLUNG ALS ZEICHEN GEGEN DEN KRIEG"},"content":{"rendered":"\n<p>Die Kunstsammlung Gera nimmt den Einmarsch russischer Truppen in die Ukraine zum Anlass, mit einer spontanen Sonderausstellung die Folgen eines Krieges an Hand von Kunstwerken aus der eigenen Sammlung aufzuzeigen und damit eindringlich zu mahnen, dass die internationale Gemeinschaft alles f\u00fcr den Erhalt des globalen Friedens tun muss. Schon immer haben sich K\u00fcnstler mit Themen wie Krieg, Gewalt und Unterdr\u00fcckung auseinandergesetzt. Auch zahlreiche Werke in der Kunstsammlung Gera haben Krieg und dessen Auswirkungen zum Gegenstand. Die Ausstellung wird vom 5. M\u00e4rz bis 24. April 2022 zu sehen sein.<\/p>\n\n\n\n<p>Ein Gro\u00dfteil der in der Ausstellung gezeigten Werke entstammt der bis 1989 zusammengetragenen \u201eSammlung Handzeichnungen der DDR\u201c. Viele ostdeutsche K\u00fcnstler befassten sich immer wieder mit den Themen Krieg und Frieden, nicht zuletzt auch deshalb, weil Frieden und Sozialismus Staatsdoktrin der DDR waren. Die Spanne der individuellen Themensetzung und der pers\u00f6nlichen Handschriften ist weit gef\u00e4chert. Sie reicht von realistischen bis zu abstrakten und metaphorischen Darstellungen. Unter anderem werden Werke von Theo Balden, Eberhard Dietzsch, Otto Dix, Erich Drechsler, Bernhard Heisig, Karl-Georg Hirsch, Susanne Kandt-Horn, Lutz Ketscher, Ursula Mattheuer-Neust\u00e4dt, Gerhard Kurt M\u00fcller, Hans Theo Richter und Horst Sakulowski gezeigt.<\/p>\n\n\n\n<p>Einer der bekanntesten K\u00fcnstler, der sich damit auseinandersetzte, ist Otto Dix. Er, der im Ersten Weltkrieg sowohl an der Ost- als auch an der Westfront gek\u00e4mpft hatte, bannte seine Erlebnisse in eine Folge von 50 Radierungen. 1924, zehn Jahre nach Beginn des Ersten Weltkriegs, wurden sie in einer Graphikmappe \u201eDer Krieg\u201c publiziert, die bis heute als eines der aufr\u00fcttelndsten Anti-Kriegszeugnisse gilt. Im Jahre 1979 erschien von Bernhard Heisig die Mappe \u201eKrieg\u201c, zum gleichnamigem Roman von Ludwig Renn, in der der K\u00fcnstler seine grauenhaften Erfahrungen verarbeitete. Als Jugendlicher wurde er 1942 zur Wehrmacht einberufen und mehrfach verwundet. Seine Kriegstraumata pr\u00e4gten sein gesamtes Schaffen.<\/p>\n\n\n\n<p>Ge\u00f6ffnet hat die Orangerie dienstags, sonntags und feiertags jeweils in der Zeit von 11 Uhr bis 17 Uhr. Es gelten Einlassbeschr\u00e4nkungen.<\/p>\n\n\n\n<p>QUELLE: STADTVERWALTUNG<\/p>\n","protected":false},"excerpt":{"rendered":"<div class=\"mh-excerpt\"><p>Die Kunstsammlung Gera nimmt den Einmarsch russischer Truppen in die Ukraine zum Anlass, mit einer spontanen Sonderausstellung die Folgen eines Krieges an Hand von Kunstwerken aus der eigenen Sammlung aufzuzeigen und damit eindringlich zu mahnen, <a class=\"mh-excerpt-more\" href=\"https:\/\/www.studiogera.de\/001\/2022\/03\/02\/spontane-sonderausstellung-als-zeichen-gegen-den-krieg\/\" title=\"SPONTANE SONDERAUSSTELLUNG ALS ZEICHEN GEGEN DEN KRIEG\">[&#8230;]<\/a><\/p>\n<\/div>","protected":false},"author":2,"featured_media":14045,"comment_status":"open","ping_status":"open","sticky":false,"template":"","format":"standard","meta":{"footnotes":""},"categories":[8],"tags":[],"class_list":{"0":"post-18298","1":"post","2":"type-post","3":"status-publish","4":"format-standard","5":"has-post-thumbnail","7":"category-kultur"},"_links":{"self":[{"href":"https:\/\/www.studiogera.de\/001\/wp-json\/wp\/v2\/posts\/18298","targetHints":{"allow":["GET"]}}],"collection":[{"href":"https:\/\/www.studiogera.de\/001\/wp-json\/wp\/v2\/posts"}],"about":[{"href":"https:\/\/www.studiogera.de\/001\/wp-json\/wp\/v2\/types\/post"}],"author":[{"embeddable":true,"href":"https:\/\/www.studiogera.de\/001\/wp-json\/wp\/v2\/users\/2"}],"replies":[{"embeddable":true,"href":"https:\/\/www.studiogera.de\/001\/wp-json\/wp\/v2\/comments?post=18298"}],"version-history":[{"count":1,"href":"https:\/\/www.studiogera.de\/001\/wp-json\/wp\/v2\/posts\/18298\/revisions"}],"predecessor-version":[{"id":18299,"href":"https:\/\/www.studiogera.de\/001\/wp-json\/wp\/v2\/posts\/18298\/revisions\/18299"}],"wp:featuredmedia":[{"embeddable":true,"href":"https:\/\/www.studiogera.de\/001\/wp-json\/wp\/v2\/media\/14045"}],"wp:attachment":[{"href":"https:\/\/www.studiogera.de\/001\/wp-json\/wp\/v2\/media?parent=18298"}],"wp:term":[{"taxonomy":"category","embeddable":true,"href":"https:\/\/www.studiogera.de\/001\/wp-json\/wp\/v2\/categories?post=18298"},{"taxonomy":"post_tag","embeddable":true,"href":"https:\/\/www.studiogera.de\/001\/wp-json\/wp\/v2\/tags?post=18298"}],"curies":[{"name":"wp","href":"https:\/\/api.w.org\/{rel}","templated":true}]}}