{"id":18301,"date":"2022-03-02T10:45:15","date_gmt":"2022-03-02T09:45:15","guid":{"rendered":"http:\/\/www.studiogera.de\/001\/?p=18301"},"modified":"2022-03-02T10:45:17","modified_gmt":"2022-03-02T09:45:17","slug":"hilfe-fuer-die-menschen-in-der-ukraine","status":"publish","type":"post","link":"https:\/\/www.studiogera.de\/001\/2022\/03\/02\/hilfe-fuer-die-menschen-in-der-ukraine\/","title":{"rendered":"HILFE F\u00dcR DIE MENSCHEN IN DER UKRAINE"},"content":{"rendered":"\n<p>Den Menschen in der Ukraine wird in diesen Tagen weltweite Solidarit\u00e4t zuteil. Auch viele Geraer zeigen gro\u00dfe Unterst\u00fctzung: Seit Anfang der Woche erreichten die Ehrenamtszentrale und das Sozialamt bereits \u00fcber zahlreiche Anfragen zu Spenden oder weiteren Hilfsangeboten. Ren\u00e9 Soboll, Leiter der Abteilung Sport, Ehrenamt und St\u00e4dtepartnerschaften, ist dankbar f\u00fcr das enorme Engagement:<\/p>\n\n\n\n<blockquote class=\"wp-block-quote is-layout-flow wp-block-quote-is-layout-flow\"><p>\u201eDas Telefon steht nicht mehr still. Die Menschen wollen helfen, am liebsten sofort. Das ist beeindruckend.\u201c<\/p><\/blockquote>\n\n\n\n<p>Das sei insbesondere in der Pandemie und steigender Inflation alles andere als selbstverst\u00e4ndlich. Er f\u00fchrt weiter aus:<\/p>\n\n\n\n<blockquote class=\"wp-block-quote is-layout-flow wp-block-quote-is-layout-flow\"><p>\u201eDie Anfragen und Hilfsangebote sind sehr vielseitig. Wir nehmen alle auf, b\u00fcndeln und leiten an die Verantwortlichen weiter.\u201c<\/p><\/blockquote>\n\n\n\n<p>Gegen\u00fcber der Stadt Gera wurden bisher die folgenden Sammelstellen inklusive \u00d6ffnungszeiten sowie Spendenkonten gemeldet:<\/p>\n\n\n\n<p><strong>AWO Gera<\/strong><\/p>\n\n\n\n<ul class=\"wp-block-list\"><li>Markt 16, 07545 Gera<\/li><li>ge\u00f6ffnet dienstags, mittwochs, donnerstags von 16 Uhr bis 18 Uhr<\/li><\/ul>\n\n\n\n<p><strong>Jumpers-Shop<\/strong><\/p>\n\n\n\n<ul class=\"wp-block-list\"><li>Kastanienstra\u00dfe 7, 07549 Gera<\/li><li>ge\u00f6ffnet dienstags, mittwochs, freitags von 10 Uhr bis 15 Uhr; donnerstags von 10 Uhr bis 18 Uhr<\/li><\/ul>\n\n\n\n<p><strong>Partei \u201eDie Linke\u201c<\/strong><\/p>\n\n\n\n<ul class=\"wp-block-list\"><li>Markt 16, 07545 Gera<\/li><li>ge\u00f6ffnet montags 9 Uhr bis 18 Uhr, dienstags 12 Uhr bis 16 Uhr, mittwochs und donnerstags 9 Uhr bis 12 Uhr, freitags 9 Uhr bis 18 Uhr<\/li><\/ul>\n\n\n\n<p><strong>Stadtkirchgemeinde Gera<\/strong><\/p>\n\n\n\n<ul class=\"wp-block-list\"><li>Talstra\u00dfe 30, 07546 Gera<\/li><li>dienstags 14 Uhr bis 17 Uhr<\/li><\/ul>\n\n\n\n<p>Diese Sachspenden werden derzeit ben\u00f6tigt:<\/p>\n\n\n\n<ul class=\"wp-block-list\"><li>Lebensmittel einzeln verpackt, Konserven, Kaffee, Zucker, Wasser etc.<\/li><li>Hygieneartikel inkl. Damenhygieneartikel, Windeln, Zahnb\u00fcrsten etc.<\/li><li>Handt\u00fccher, Decken<\/li><li>winterfeste Kleidung, Thermounterw\u00e4sche, Schuhe<\/li><li>Medikamente (frei verf\u00fcgbar) wie Ibuprofen, Paracetamol, Vomex etc.<\/li><li>Erste-Hilfe-K\u00e4sten<\/li><li>Akkumulatoren &#8222;Powerbank&#8220;, geladen und mit Kabel<\/li><\/ul>\n\n\n\n<p>Auf dieses Konto kann gespendet werden:<\/p>\n\n\n\n<ul class=\"wp-block-list\"><li>Zahlungsempf\u00e4nger: ASB Regionalverband Ostth\u00fcringen e. V.<\/li><li>Bank: Sparkasse Gera-Greiz<\/li><li>IBAN: DE12 8305 0000 0000 0234 42<\/li><li>BIC: HELADEF1GER<\/li><\/ul>\n\n\n\n<p>Weiterhin kann \u00fcber die Dachverb\u00e4nde der Wohlfahrtsorganisationen gespendet werden:<\/p>\n\n\n\n<p>Zahlungsempf\u00e4nger: DRK e. V.<br>IBAN: DE63370205000005023307<br>BIC: BFSWDE33XXX<br>Stichwort: Nothilfe Ukraine<\/p>\n\n\n\n<p>Zahlungsempf\u00e4nger: Caritas international<br>IBAN: DE88 6602 0500 0202 0202 02<br>BIC: BFSWDE33KRL<\/p>\n\n\n\n<p>Zahlungsempf\u00e4nger: Malteser Hilfsdienst e. V.<br>IBAN: DE10370601201201200012<br>BIC: GENODED1PA7<\/p>\n\n\n\n<p>Zahlungsempf\u00e4nger: Volkssolidarit\u00e4t Bundesverband e. V.<br>IBAN: DE87 1002 0500 0003 5420 01<br>Stichwort: Ukraine<\/p>\n\n\n\n<p>Neben Nachfragen nach M\u00f6glichkeiten f\u00fcr Sachspenden, gibt es bereits erste Angebote zur Aufnahme m\u00f6glicher Ukrainischer Fl\u00fcchtlinge. \u201eDie Menschen sind bereit, Einzelpersonen oder Familien aus der Ukraine bei sich privat aufzunehmen \u2014 diese Gro\u00dfherzigkeit verdient allergr\u00f6\u00dften Respekt\u201c, formuliert Frau Dr. Babett Brehme, die Amtsleiterin des Sozialamtes, ihre Wertsch\u00e4tzung. Inwiefern diese Privatangebote dann tats\u00e4chlich in Anspruch genommen werden, k\u00f6nne zum jetzigen Zeitpunkt noch nicht verbindlich zugesichert werden. \u201eWir wissen um diese au\u00dfergew\u00f6hnliche Hilfsbereitschaft, zun\u00e4chst m\u00fcssen jedoch die Unterk\u00fcnfte der Stadt Gera genutzt werden\u201c, erl\u00e4utert Frau Dr. Brehme das Prozedere. \u201eDenn neben formalen Angaben ist es ebenso wichtig, zu verdeutlichen, was eine Aufnahme von Gefl\u00fcchteten mit Blick auf m\u00f6gliche traumatisierte Menschen und Sprachbarrieren auch f\u00fcr die Aufnehmenden bedeutet. Nur so k\u00f6nnen wir den Hilfesuchenden eine sichere Unterkunft in unserer Stadt bieten\u201c, so die Leiterin des Sozialamtes.<\/p>\n\n\n\n<p>Um dem Informationsbedarf bez\u00fcglich vorhandener Initiativen und Hilfsangebote f\u00fcr die Ukraine gerecht zu werden, hat die Stadt Gera ihre st\u00e4dtische Internetseite entsprechend erweitert. So sind ab sofort unter \u201ehttps:\/\/www.gera.de\u201c s\u00e4mtliche M\u00f6glichkeiten zur Unterst\u00fctzung, angefangen von Sach- und Geldspenden, m\u00f6glichen Transporten bis hin zur Aufnahme von m\u00f6glichen Kriegsgefl\u00fcchteten, gemeinsam mit den entsprechenden Kontaktdaten zusammengefasst.<\/p>\n\n\n\n<ul class=\"wp-block-list\"><li>Kontaktdaten: Stadtverwaltung Gera, Abteilung Sport, Ehrenamt und St\u00e4dtepartnerschaften, Ehrenamtszentrale, Kornmarkt 7, 07545 Gera<\/li><li>Rufnummer: 0365 838 1072<\/li><li>E-Adresse: ehrenamtszentrale@gera.de<\/li><li>\u00d6ffnungszeiten: montags bis donnerstags von 9 Uhr bis 17 Uhr, freitags von 9 Uhr bis 15 Uhr<\/li><\/ul>\n\n\n\n<p>QUELLE: STADTVERWALTUNG<\/p>\n","protected":false},"excerpt":{"rendered":"<div class=\"mh-excerpt\"><p>Den Menschen in der Ukraine wird in diesen Tagen weltweite Solidarit\u00e4t zuteil. Auch viele Geraer zeigen gro\u00dfe Unterst\u00fctzung: Seit Anfang der Woche erreichten die Ehrenamtszentrale und das Sozialamt bereits \u00fcber zahlreiche Anfragen zu Spenden oder <a class=\"mh-excerpt-more\" href=\"https:\/\/www.studiogera.de\/001\/2022\/03\/02\/hilfe-fuer-die-menschen-in-der-ukraine\/\" title=\"HILFE F\u00dcR DIE MENSCHEN IN DER UKRAINE\">[&#8230;]<\/a><\/p>\n<\/div>","protected":false},"author":2,"featured_media":14208,"comment_status":"open","ping_status":"open","sticky":false,"template":"","format":"standard","meta":{"footnotes":""},"categories":[16],"tags":[],"class_list":{"0":"post-18301","1":"post","2":"type-post","3":"status-publish","4":"format-standard","5":"has-post-thumbnail","7":"category-kurzmitteilungen"},"_links":{"self":[{"href":"https:\/\/www.studiogera.de\/001\/wp-json\/wp\/v2\/posts\/18301","targetHints":{"allow":["GET"]}}],"collection":[{"href":"https:\/\/www.studiogera.de\/001\/wp-json\/wp\/v2\/posts"}],"about":[{"href":"https:\/\/www.studiogera.de\/001\/wp-json\/wp\/v2\/types\/post"}],"author":[{"embeddable":true,"href":"https:\/\/www.studiogera.de\/001\/wp-json\/wp\/v2\/users\/2"}],"replies":[{"embeddable":true,"href":"https:\/\/www.studiogera.de\/001\/wp-json\/wp\/v2\/comments?post=18301"}],"version-history":[{"count":1,"href":"https:\/\/www.studiogera.de\/001\/wp-json\/wp\/v2\/posts\/18301\/revisions"}],"predecessor-version":[{"id":18302,"href":"https:\/\/www.studiogera.de\/001\/wp-json\/wp\/v2\/posts\/18301\/revisions\/18302"}],"wp:featuredmedia":[{"embeddable":true,"href":"https:\/\/www.studiogera.de\/001\/wp-json\/wp\/v2\/media\/14208"}],"wp:attachment":[{"href":"https:\/\/www.studiogera.de\/001\/wp-json\/wp\/v2\/media?parent=18301"}],"wp:term":[{"taxonomy":"category","embeddable":true,"href":"https:\/\/www.studiogera.de\/001\/wp-json\/wp\/v2\/categories?post=18301"},{"taxonomy":"post_tag","embeddable":true,"href":"https:\/\/www.studiogera.de\/001\/wp-json\/wp\/v2\/tags?post=18301"}],"curies":[{"name":"wp","href":"https:\/\/api.w.org\/{rel}","templated":true}]}}