{"id":18308,"date":"2022-03-02T10:57:30","date_gmt":"2022-03-02T09:57:30","guid":{"rendered":"http:\/\/www.studiogera.de\/001\/?p=18308"},"modified":"2022-03-02T10:57:31","modified_gmt":"2022-03-02T09:57:31","slug":"brennende-muelltonne-in-der-enzianstrasse","status":"publish","type":"post","link":"https:\/\/www.studiogera.de\/001\/2022\/03\/02\/brennende-muelltonne-in-der-enzianstrasse\/","title":{"rendered":"BRENNENDE M\u00dcLLTONNE IN DER ENZIANSTRASSE"},"content":{"rendered":"\n<p>Sonntagnacht, den 27. Februar, r\u00fcckten Feuerwehr und Polizei kurz vor 2 Uhr in die Enzianstra\u00dfe aus. Dort brannte aus noch ungekl\u00e4rter Ursache eine frei zug\u00e4ngliche M\u00fclltonne. Die Kameraden der Feuerwehr l\u00f6schten den Brand. Gl\u00fccklicherweise wurde niemand verletzt. Die Geraer Polizei sucht im Zuge der Ermittlungen zur Brandursache nach Zeugen, die Hinweise zur Brandentstehung geben k\u00f6nnen. Zeugen werden gebeten, sich unter der Rufnummer 0365 8290 bei der hiesigen Dienststelle zu melden.<\/p>\n","protected":false},"excerpt":{"rendered":"<div class=\"mh-excerpt\"><p>Sonntagnacht, den 27. Februar, r\u00fcckten Feuerwehr und Polizei kurz vor 2 Uhr in die Enzianstra\u00dfe aus. Dort brannte aus noch ungekl\u00e4rter Ursache eine frei zug\u00e4ngliche M\u00fclltonne. Die Kameraden der Feuerwehr l\u00f6schten den Brand. Gl\u00fccklicherweise wurde <a class=\"mh-excerpt-more\" href=\"https:\/\/www.studiogera.de\/001\/2022\/03\/02\/brennende-muelltonne-in-der-enzianstrasse\/\" title=\"BRENNENDE M\u00dcLLTONNE IN DER ENZIANSTRASSE\">[&#8230;]<\/a><\/p>\n<\/div>","protected":false},"author":2,"featured_media":9362,"comment_status":"open","ping_status":"open","sticky":false,"template":"","format":"standard","meta":{"footnotes":""},"categories":[13],"tags":[],"class_list":{"0":"post-18308","1":"post","2":"type-post","3":"status-publish","4":"format-standard","5":"has-post-thumbnail","7":"category-polizeiberichte"},"_links":{"self":[{"href":"https:\/\/www.studiogera.de\/001\/wp-json\/wp\/v2\/posts\/18308","targetHints":{"allow":["GET"]}}],"collection":[{"href":"https:\/\/www.studiogera.de\/001\/wp-json\/wp\/v2\/posts"}],"about":[{"href":"https:\/\/www.studiogera.de\/001\/wp-json\/wp\/v2\/types\/post"}],"author":[{"embeddable":true,"href":"https:\/\/www.studiogera.de\/001\/wp-json\/wp\/v2\/users\/2"}],"replies":[{"embeddable":true,"href":"https:\/\/www.studiogera.de\/001\/wp-json\/wp\/v2\/comments?post=18308"}],"version-history":[{"count":1,"href":"https:\/\/www.studiogera.de\/001\/wp-json\/wp\/v2\/posts\/18308\/revisions"}],"predecessor-version":[{"id":18309,"href":"https:\/\/www.studiogera.de\/001\/wp-json\/wp\/v2\/posts\/18308\/revisions\/18309"}],"wp:featuredmedia":[{"embeddable":true,"href":"https:\/\/www.studiogera.de\/001\/wp-json\/wp\/v2\/media\/9362"}],"wp:attachment":[{"href":"https:\/\/www.studiogera.de\/001\/wp-json\/wp\/v2\/media?parent=18308"}],"wp:term":[{"taxonomy":"category","embeddable":true,"href":"https:\/\/www.studiogera.de\/001\/wp-json\/wp\/v2\/categories?post=18308"},{"taxonomy":"post_tag","embeddable":true,"href":"https:\/\/www.studiogera.de\/001\/wp-json\/wp\/v2\/tags?post=18308"}],"curies":[{"name":"wp","href":"https:\/\/api.w.org\/{rel}","templated":true}]}}