{"id":18316,"date":"2022-03-03T11:40:21","date_gmt":"2022-03-03T10:40:21","guid":{"rendered":"http:\/\/www.studiogera.de\/001\/?p=18316"},"modified":"2022-03-03T11:47:45","modified_gmt":"2022-03-03T10:47:45","slug":"sars-cov-2-ist-in-den-meisten-faellen-harmlos","status":"publish","type":"post","link":"https:\/\/www.studiogera.de\/001\/2022\/03\/03\/sars-cov-2-ist-in-den-meisten-faellen-harmlos\/","title":{"rendered":"SARS-COV-2 IST IN DEN MEISTEN F\u00c4LLEN HARMLOS"},"content":{"rendered":"\n<p>Auch f\u00fcr ungeimpfte Menschen ist das Coronavirus SARS-CoV-2 in den meisten F\u00e4llen harmlos. Das geht aus einer Mitteilung der Unfallkasse Th\u00fcringen hervor. In dem Schreiben vom 23. Februar 2022 hei\u00dft es:<\/p>\n\n\n\n<blockquote class=\"wp-block-quote is-layout-flow wp-block-quote-is-layout-flow\"><p>Da der Krankheitsverlauf in der \u00fcberwiegenden Anzahl der Erkrankungsf\u00e4lle symptomlos, milde bis moderat abl\u00e4uft, ist eine Unterst\u00fctzung unsererseits oftmals nicht erforderlich.<\/p><\/blockquote>\n\n\n\n<p>In dem bekanntgewordenen Fall wurde die Unfallkasse mit Sitz in Gotha eingeschaltet, weil sich ein ungeimpfter Arbeitnehmer im Dezember 2021 w\u00e4hrend der Arbeitszeit durch Kundenkontakt infiziert hatte.<\/p>\n","protected":false},"excerpt":{"rendered":"<div class=\"mh-excerpt\"><p>Auch f\u00fcr ungeimpfte Menschen ist das Coronavirus SARS-CoV-2 in den meisten F\u00e4llen harmlos. Das geht aus einer Mitteilung der Unfallkasse Th\u00fcringen hervor. In dem Schreiben vom 23. Februar 2022 hei\u00dft es: Da der Krankheitsverlauf in <a class=\"mh-excerpt-more\" href=\"https:\/\/www.studiogera.de\/001\/2022\/03\/03\/sars-cov-2-ist-in-den-meisten-faellen-harmlos\/\" title=\"SARS-COV-2 IST IN DEN MEISTEN F\u00c4LLEN HARMLOS\">[&#8230;]<\/a><\/p>\n<\/div>","protected":false},"author":2,"featured_media":14677,"comment_status":"open","ping_status":"open","sticky":false,"template":"","format":"standard","meta":{"footnotes":""},"categories":[16],"tags":[],"class_list":{"0":"post-18316","1":"post","2":"type-post","3":"status-publish","4":"format-standard","5":"has-post-thumbnail","7":"category-kurzmitteilungen"},"_links":{"self":[{"href":"https:\/\/www.studiogera.de\/001\/wp-json\/wp\/v2\/posts\/18316","targetHints":{"allow":["GET"]}}],"collection":[{"href":"https:\/\/www.studiogera.de\/001\/wp-json\/wp\/v2\/posts"}],"about":[{"href":"https:\/\/www.studiogera.de\/001\/wp-json\/wp\/v2\/types\/post"}],"author":[{"embeddable":true,"href":"https:\/\/www.studiogera.de\/001\/wp-json\/wp\/v2\/users\/2"}],"replies":[{"embeddable":true,"href":"https:\/\/www.studiogera.de\/001\/wp-json\/wp\/v2\/comments?post=18316"}],"version-history":[{"count":2,"href":"https:\/\/www.studiogera.de\/001\/wp-json\/wp\/v2\/posts\/18316\/revisions"}],"predecessor-version":[{"id":18318,"href":"https:\/\/www.studiogera.de\/001\/wp-json\/wp\/v2\/posts\/18316\/revisions\/18318"}],"wp:featuredmedia":[{"embeddable":true,"href":"https:\/\/www.studiogera.de\/001\/wp-json\/wp\/v2\/media\/14677"}],"wp:attachment":[{"href":"https:\/\/www.studiogera.de\/001\/wp-json\/wp\/v2\/media?parent=18316"}],"wp:term":[{"taxonomy":"category","embeddable":true,"href":"https:\/\/www.studiogera.de\/001\/wp-json\/wp\/v2\/categories?post=18316"},{"taxonomy":"post_tag","embeddable":true,"href":"https:\/\/www.studiogera.de\/001\/wp-json\/wp\/v2\/tags?post=18316"}],"curies":[{"name":"wp","href":"https:\/\/api.w.org\/{rel}","templated":true}]}}