{"id":1833,"date":"2017-09-10T02:54:22","date_gmt":"2017-09-10T00:54:22","guid":{"rendered":"http:\/\/www.studiogera.de\/001\/?p=1833"},"modified":"2017-09-10T02:54:48","modified_gmt":"2017-09-10T00:54:48","slug":"neue-ausstellung-im-kunstpavillon-2","status":"publish","type":"post","link":"https:\/\/www.studiogera.de\/001\/2017\/09\/10\/neue-ausstellung-im-kunstpavillon-2\/","title":{"rendered":"NEUE AUSSTELLUNG IM KUNSTPAVILLON"},"content":{"rendered":"<p>Eine Ausstellung der besonderen Art wird die K\u00fcnstlerin Heike Hahn aus Franken ab dem 15. September 2017 im Kunstpavillon des Hofwiesenparks gestalten.<\/p>\n<p>Die Fotografie- und Konzeptk\u00fcnstlerin gew\u00e4hrt dann einen Einblick in ihr Projekt \u201eSehnsuchtsorte\u201c. Sie stellt hierbei Ergebnisse mehrerer Studienreisen nach China in den Fokus, die sie in Zusammenarbeit mit dem \u2013 frei von ihr kreierten \u2013 renommierten SHO-Institut erarbeitete. Heike Hahn erforschte im Rahmen ihrer Aufenthalte in China seit 2013, unter anderem als Artist in Residence-K\u00fcnstlerin in der chinesischen Region Shenzhen, individuelle Sehnsuchtsorte von Menschen vieler Alters- und Gesellschaftsgruppen. Ihre Eindr\u00fccke arbeitete die K\u00fcnstlerin fotografisch und multimedial auf und zeigte sie unter anderem in der Ausstellung am Shenzhen-Fine-Art-Institut in China und im Stadtmuseum Schwabach.<\/p>\n<p>2016 vertiefte die K\u00fcnstlerin ihre Studien vor Ort und pflegt dauerhaft sehr intensive Kontakte mit inzwischen gewonnenen Freunden und Bekannten der Region Shenzhen, die seit 1997 mit der Region N\u00fcrnberg eine intensive Partnerschaft verbindet.<\/p>\n<p>Die Ausstellung ist ein Projekt im Rahmen der St\u00e4dtefreundschaft Gera und N\u00fcrnberg. Nachdem im Februar 2017 eine Ausstellung Geraer K\u00fcnstler im N\u00fcrnberger Internationalen Haus am Hans-Sachs-Platz stattfand, zu der es zwischen Heike Hahn und Geraer K\u00fcnstlern zu intensiven Kontakten kam, lud die Stadt Gera die K\u00fcnstlerin nun ein, ihr interessantes Kunstprojekt im Geraer Hofwiesenpark zu pr\u00e4sentieren, und damit vielen Geraerinnen und Geraern beim Spaziergang durch den Park erlebbar zu machen.<\/p>\n<p>Der Leiter des Fachdienstes Presse, Marketing, Kultur und Sport wird die Ausstellung in Anwesenheit der K\u00fcnstlerin er\u00f6ffnen. Zur Er\u00f6ffnungsveranstaltung am Freitag, den 15. September 2017, um 15 Uhr l\u00e4dt die Stadt Gera alle Interessenten ein.<\/p>\n<p>\u00fcber Heike Hahn<br \/>\n&#8211; geboren 1963 in N\u00fcrnberg<br \/>\n&#8211; lebt und arbeitet in Schwarzenbruck bei N\u00fcrnberg<br \/>\n&#8211; arbeitet seit 1994 als freischaffende Konzeptk\u00fcnstlerin in den Bereichen Objekte, Videos und Installationen<br \/>\n&#8211; zahlreiche Einzel- und Gruppenausstellungen in Museen und Galerien<br \/>\n&#8211; \u00f6ffentliche Ank\u00e4ufe<br \/>\n&#8211; Kataloge und Publikationen<\/p>\n<p>(Bild: Heike Hahn, Text: Stadtverwaltung)<\/p>\n","protected":false},"excerpt":{"rendered":"<div class=\"mh-excerpt\"><p>Eine Ausstellung der besonderen Art wird die K\u00fcnstlerin Heike Hahn aus Franken ab dem 15. September 2017 im Kunstpavillon des Hofwiesenparks gestalten. Die Fotografie- und Konzeptk\u00fcnstlerin gew\u00e4hrt dann einen Einblick in ihr Projekt \u201eSehnsuchtsorte\u201c. Sie <a class=\"mh-excerpt-more\" href=\"https:\/\/www.studiogera.de\/001\/2017\/09\/10\/neue-ausstellung-im-kunstpavillon-2\/\" title=\"NEUE AUSSTELLUNG IM KUNSTPAVILLON\">[&#8230;]<\/a><\/p>\n<\/div>","protected":false},"author":2,"featured_media":1834,"comment_status":"open","ping_status":"open","sticky":false,"template":"","format":"standard","meta":{"footnotes":""},"categories":[8],"tags":[],"class_list":{"0":"post-1833","1":"post","2":"type-post","3":"status-publish","4":"format-standard","5":"has-post-thumbnail","7":"category-kultur"},"_links":{"self":[{"href":"https:\/\/www.studiogera.de\/001\/wp-json\/wp\/v2\/posts\/1833","targetHints":{"allow":["GET"]}}],"collection":[{"href":"https:\/\/www.studiogera.de\/001\/wp-json\/wp\/v2\/posts"}],"about":[{"href":"https:\/\/www.studiogera.de\/001\/wp-json\/wp\/v2\/types\/post"}],"author":[{"embeddable":true,"href":"https:\/\/www.studiogera.de\/001\/wp-json\/wp\/v2\/users\/2"}],"replies":[{"embeddable":true,"href":"https:\/\/www.studiogera.de\/001\/wp-json\/wp\/v2\/comments?post=1833"}],"version-history":[{"count":2,"href":"https:\/\/www.studiogera.de\/001\/wp-json\/wp\/v2\/posts\/1833\/revisions"}],"predecessor-version":[{"id":1836,"href":"https:\/\/www.studiogera.de\/001\/wp-json\/wp\/v2\/posts\/1833\/revisions\/1836"}],"wp:featuredmedia":[{"embeddable":true,"href":"https:\/\/www.studiogera.de\/001\/wp-json\/wp\/v2\/media\/1834"}],"wp:attachment":[{"href":"https:\/\/www.studiogera.de\/001\/wp-json\/wp\/v2\/media?parent=1833"}],"wp:term":[{"taxonomy":"category","embeddable":true,"href":"https:\/\/www.studiogera.de\/001\/wp-json\/wp\/v2\/categories?post=1833"},{"taxonomy":"post_tag","embeddable":true,"href":"https:\/\/www.studiogera.de\/001\/wp-json\/wp\/v2\/tags?post=1833"}],"curies":[{"name":"wp","href":"https:\/\/api.w.org\/{rel}","templated":true}]}}