{"id":18403,"date":"2022-03-16T11:57:47","date_gmt":"2022-03-16T10:57:47","guid":{"rendered":"http:\/\/www.studiogera.de\/001\/?p=18403"},"modified":"2022-03-16T11:57:48","modified_gmt":"2022-03-16T10:57:48","slug":"unangemeldete-versammlungen-in-gera","status":"publish","type":"post","link":"https:\/\/www.studiogera.de\/001\/2022\/03\/16\/unangemeldete-versammlungen-in-gera\/","title":{"rendered":"UNANGEMELDETE VERSAMMLUNGEN IN GERA"},"content":{"rendered":"\n<p>Um gegen die Corona-Ma\u00dfnahmen zu demonstrieren, kamen am 9. M\u00e4rz gegen 19 Uhr rund einhundert Personen im Stadtzentrum zusammen. Die Versammlungsteilnehmer formierten sich, \u00e4hnlich wie bei artgleichen Versammlungen in den vergangenen Wochen, zu einem Aufzug, der sich unter Nutzung von Trillerpfeifen und Trommeln durch die Innenstadt bewegte. Eine ordnungsgem\u00e4\u00dfe Anmeldung der Versammlung erfolgte im Vorfeld nicht. Gegen 19.45 Uhr l\u00f6ste sich die Versammlung wieder auf.<\/p>\n","protected":false},"excerpt":{"rendered":"<div class=\"mh-excerpt\"><p>Um gegen die Corona-Ma\u00dfnahmen zu demonstrieren, kamen am 9. M\u00e4rz gegen 19 Uhr rund einhundert Personen im Stadtzentrum zusammen. Die Versammlungsteilnehmer formierten sich, \u00e4hnlich wie bei artgleichen Versammlungen in den vergangenen Wochen, zu einem Aufzug, <a class=\"mh-excerpt-more\" href=\"https:\/\/www.studiogera.de\/001\/2022\/03\/16\/unangemeldete-versammlungen-in-gera\/\" title=\"UNANGEMELDETE VERSAMMLUNGEN IN GERA\">[&#8230;]<\/a><\/p>\n<\/div>","protected":false},"author":2,"featured_media":18112,"comment_status":"open","ping_status":"open","sticky":false,"template":"","format":"standard","meta":{"footnotes":""},"categories":[13],"tags":[],"class_list":{"0":"post-18403","1":"post","2":"type-post","3":"status-publish","4":"format-standard","5":"has-post-thumbnail","7":"category-polizeiberichte"},"_links":{"self":[{"href":"https:\/\/www.studiogera.de\/001\/wp-json\/wp\/v2\/posts\/18403","targetHints":{"allow":["GET"]}}],"collection":[{"href":"https:\/\/www.studiogera.de\/001\/wp-json\/wp\/v2\/posts"}],"about":[{"href":"https:\/\/www.studiogera.de\/001\/wp-json\/wp\/v2\/types\/post"}],"author":[{"embeddable":true,"href":"https:\/\/www.studiogera.de\/001\/wp-json\/wp\/v2\/users\/2"}],"replies":[{"embeddable":true,"href":"https:\/\/www.studiogera.de\/001\/wp-json\/wp\/v2\/comments?post=18403"}],"version-history":[{"count":1,"href":"https:\/\/www.studiogera.de\/001\/wp-json\/wp\/v2\/posts\/18403\/revisions"}],"predecessor-version":[{"id":18404,"href":"https:\/\/www.studiogera.de\/001\/wp-json\/wp\/v2\/posts\/18403\/revisions\/18404"}],"wp:featuredmedia":[{"embeddable":true,"href":"https:\/\/www.studiogera.de\/001\/wp-json\/wp\/v2\/media\/18112"}],"wp:attachment":[{"href":"https:\/\/www.studiogera.de\/001\/wp-json\/wp\/v2\/media?parent=18403"}],"wp:term":[{"taxonomy":"category","embeddable":true,"href":"https:\/\/www.studiogera.de\/001\/wp-json\/wp\/v2\/categories?post=18403"},{"taxonomy":"post_tag","embeddable":true,"href":"https:\/\/www.studiogera.de\/001\/wp-json\/wp\/v2\/tags?post=18403"}],"curies":[{"name":"wp","href":"https:\/\/api.w.org\/{rel}","templated":true}]}}