{"id":1848,"date":"2017-09-10T22:00:59","date_gmt":"2017-09-10T20:00:59","guid":{"rendered":"http:\/\/www.studiogera.de\/001\/?p=1848"},"modified":"2017-09-10T22:00:59","modified_gmt":"2017-09-10T20:00:59","slug":"ueber-40-neue-kuenstler-bei-tpt","status":"publish","type":"post","link":"https:\/\/www.studiogera.de\/001\/2017\/09\/10\/ueber-40-neue-kuenstler-bei-tpt\/","title":{"rendered":"\u00dcBER 40 NEUE K\u00dcNSTLER BEI TPT"},"content":{"rendered":"<p>F\u00fcr die Mitarbeiter von Theater &amp; Philharmonie Th\u00fcringen wurde die Spielzeit 2017\/2018 wie in jedem Jahr mit einer Vollversammlung er\u00f6ffnet. F\u00fcr Kay Kuntze, seit 2011 Generalintendant, war es die siebte Rede zu einer Spielzeiter\u00f6ffnung in Gera. Erstmals holte er die neuengagierten Ensemblemitglieder zur Begr\u00fc\u00dfung auf die B\u00fchne im Gro\u00dfen Haus.<\/p>\n<p>Die Zahl der Neuen ist in diesem Jahr au\u00dfergew\u00f6hnlich hoch. Allein der neue Schauspieldirektor Manuel Kressin engagierte acht Schauspieler, um sein Ensemble zu komplettieren. Im Musiktheater treten f\u00fcnf neue S\u00e4nger ins Rampenlicht, die aus Deutschland, Mexiko, Spanien, T\u00fcrkei und Ungarn stammen. Im Puppentheater gibt es einen neuen Ausstatter und einen Artist in Residence. Der Bereich Technik konnte um vier Veranstaltungstechniker erweitert werden. Auch in der Verwaltung gab es Wechsel. Acht FSJler und Bundesfreiwilligendienst Leistende werden am Theater ihre Erfahrungen sammeln.<\/p>\n<p>Zur Er\u00f6ffnungsgala der Spielzeit am 15. September in Gera und am 17. September in Altenburg hat das Publikum Gelegenheit die neuen K\u00fcnstler kennenzulernen. \u00dcbrigens sind 612 Vorstellungen f\u00fcr die Spielzeit geplant, dazu kommen Gastspiele und theaterp\u00e4dagogische Veranstaltungen.<\/p>\n<p>Sichern Sie sich rechtzeitig Ihre Pl\u00e4tze, am besten im Abonnement! Der Besucherdienst ber\u00e4t Sie unter der Rufnummer 0365 8279105 bzw. 03447 585177.<\/p>\n","protected":false},"excerpt":{"rendered":"<div class=\"mh-excerpt\"><p>F\u00fcr die Mitarbeiter von Theater &amp; Philharmonie Th\u00fcringen wurde die Spielzeit 2017\/2018 wie in jedem Jahr mit einer Vollversammlung er\u00f6ffnet. F\u00fcr Kay Kuntze, seit 2011 Generalintendant, war es die siebte Rede zu einer Spielzeiter\u00f6ffnung in <a class=\"mh-excerpt-more\" href=\"https:\/\/www.studiogera.de\/001\/2017\/09\/10\/ueber-40-neue-kuenstler-bei-tpt\/\" title=\"\u00dcBER 40 NEUE K\u00dcNSTLER BEI TPT\">[&#8230;]<\/a><\/p>\n<\/div>","protected":false},"author":2,"featured_media":1849,"comment_status":"open","ping_status":"open","sticky":false,"template":"","format":"standard","meta":{"footnotes":""},"categories":[15],"tags":[],"class_list":{"0":"post-1848","1":"post","2":"type-post","3":"status-publish","4":"format-standard","5":"has-post-thumbnail","7":"category-theater"},"_links":{"self":[{"href":"https:\/\/www.studiogera.de\/001\/wp-json\/wp\/v2\/posts\/1848","targetHints":{"allow":["GET"]}}],"collection":[{"href":"https:\/\/www.studiogera.de\/001\/wp-json\/wp\/v2\/posts"}],"about":[{"href":"https:\/\/www.studiogera.de\/001\/wp-json\/wp\/v2\/types\/post"}],"author":[{"embeddable":true,"href":"https:\/\/www.studiogera.de\/001\/wp-json\/wp\/v2\/users\/2"}],"replies":[{"embeddable":true,"href":"https:\/\/www.studiogera.de\/001\/wp-json\/wp\/v2\/comments?post=1848"}],"version-history":[{"count":1,"href":"https:\/\/www.studiogera.de\/001\/wp-json\/wp\/v2\/posts\/1848\/revisions"}],"predecessor-version":[{"id":1850,"href":"https:\/\/www.studiogera.de\/001\/wp-json\/wp\/v2\/posts\/1848\/revisions\/1850"}],"wp:featuredmedia":[{"embeddable":true,"href":"https:\/\/www.studiogera.de\/001\/wp-json\/wp\/v2\/media\/1849"}],"wp:attachment":[{"href":"https:\/\/www.studiogera.de\/001\/wp-json\/wp\/v2\/media?parent=1848"}],"wp:term":[{"taxonomy":"category","embeddable":true,"href":"https:\/\/www.studiogera.de\/001\/wp-json\/wp\/v2\/categories?post=1848"},{"taxonomy":"post_tag","embeddable":true,"href":"https:\/\/www.studiogera.de\/001\/wp-json\/wp\/v2\/tags?post=1848"}],"curies":[{"name":"wp","href":"https:\/\/api.w.org\/{rel}","templated":true}]}}