{"id":18480,"date":"2022-03-22T12:01:19","date_gmt":"2022-03-22T11:01:19","guid":{"rendered":"http:\/\/www.studiogera.de\/001\/?p=18480"},"modified":"2022-03-22T12:01:20","modified_gmt":"2022-03-22T11:01:20","slug":"aufklaerung-einer-serie-von-sachbeschaedigungen","status":"publish","type":"post","link":"https:\/\/www.studiogera.de\/001\/2022\/03\/22\/aufklaerung-einer-serie-von-sachbeschaedigungen\/","title":{"rendered":"AUFKL\u00c4RUNG EINER SERIE VON SACHBESCH\u00c4DIGUNGEN"},"content":{"rendered":"\n<p>In den vergangenen zwei Jahren wurden Polizeibeamte aufgrund von Sachbesch\u00e4digungen immer wieder in die Geraer Innenstadt gerufen. Vor Ort stellte sich meist dasselbe Schadensbild dar: Fahrzeuge, H\u00e4user und Fensterscheiben im Bereich der Heinrich-Knauf-Stra\u00dfe \/ Sachsenplatz \/ Erfurtstra\u00dfe wiesen kleine L\u00f6cher und Eindellungen auf, welche auf das Abschie\u00dfen von kleinen Stahlkugeln hindeuteten (LPI Gera berichtete zum Teil). Die seit ca. 2020 anhaltende Sachbesch\u00e4digungsserie konnte nunmehr aufgekl\u00e4rt werden. Im Zuge der akribischen Ermittlungsarbeit, insbesondere in Verbindung mit Zeugenhinweisen, r\u00fcckte schlie\u00dflich ein 52 Jahre alter Mann ins Visier der Beamten. Anfang M\u00e4rz wurde die Wohnung des Tatverd\u00e4chtigen, auf Grundlage eines bestehenden Durchsuchungsbeschlusses, durchsucht. Dort fanden die Beamten nicht nur das Tatwerkzeug &#8211; eine Zwille\/Schleuder &#8211; sondern ebenso eine gr\u00f6\u00dfere Anzahl von kleinen Stahlkugeln und stellten alles sicher. Der 52-J\u00e4hrige muss sich nun f\u00fcr seine Taten strafrechtlich verantworten. Mit der Identifizierung des Sachbesch\u00e4digers konnten insgesamt ca. 30 Verfahren aufgekl\u00e4rt werden. Die Landespolizeiinspektion Gera bedankt sich bei allen Hinweisgebern, die zu diesem Aufkl\u00e4rungserfolg beigetragen haben.<\/p>\n","protected":false},"excerpt":{"rendered":"<div class=\"mh-excerpt\"><p>In den vergangenen zwei Jahren wurden Polizeibeamte aufgrund von Sachbesch\u00e4digungen immer wieder in die Geraer Innenstadt gerufen. Vor Ort stellte sich meist dasselbe Schadensbild dar: Fahrzeuge, H\u00e4user und Fensterscheiben im Bereich der Heinrich-Knauf-Stra\u00dfe \/ Sachsenplatz <a class=\"mh-excerpt-more\" href=\"https:\/\/www.studiogera.de\/001\/2022\/03\/22\/aufklaerung-einer-serie-von-sachbeschaedigungen\/\" title=\"AUFKL\u00c4RUNG EINER SERIE VON SACHBESCH\u00c4DIGUNGEN\">[&#8230;]<\/a><\/p>\n<\/div>","protected":false},"author":2,"featured_media":9349,"comment_status":"open","ping_status":"open","sticky":false,"template":"","format":"standard","meta":{"footnotes":""},"categories":[13],"tags":[],"class_list":{"0":"post-18480","1":"post","2":"type-post","3":"status-publish","4":"format-standard","5":"has-post-thumbnail","7":"category-polizeiberichte"},"_links":{"self":[{"href":"https:\/\/www.studiogera.de\/001\/wp-json\/wp\/v2\/posts\/18480","targetHints":{"allow":["GET"]}}],"collection":[{"href":"https:\/\/www.studiogera.de\/001\/wp-json\/wp\/v2\/posts"}],"about":[{"href":"https:\/\/www.studiogera.de\/001\/wp-json\/wp\/v2\/types\/post"}],"author":[{"embeddable":true,"href":"https:\/\/www.studiogera.de\/001\/wp-json\/wp\/v2\/users\/2"}],"replies":[{"embeddable":true,"href":"https:\/\/www.studiogera.de\/001\/wp-json\/wp\/v2\/comments?post=18480"}],"version-history":[{"count":1,"href":"https:\/\/www.studiogera.de\/001\/wp-json\/wp\/v2\/posts\/18480\/revisions"}],"predecessor-version":[{"id":18481,"href":"https:\/\/www.studiogera.de\/001\/wp-json\/wp\/v2\/posts\/18480\/revisions\/18481"}],"wp:featuredmedia":[{"embeddable":true,"href":"https:\/\/www.studiogera.de\/001\/wp-json\/wp\/v2\/media\/9349"}],"wp:attachment":[{"href":"https:\/\/www.studiogera.de\/001\/wp-json\/wp\/v2\/media?parent=18480"}],"wp:term":[{"taxonomy":"category","embeddable":true,"href":"https:\/\/www.studiogera.de\/001\/wp-json\/wp\/v2\/categories?post=18480"},{"taxonomy":"post_tag","embeddable":true,"href":"https:\/\/www.studiogera.de\/001\/wp-json\/wp\/v2\/tags?post=18480"}],"curies":[{"name":"wp","href":"https:\/\/api.w.org\/{rel}","templated":true}]}}