{"id":18593,"date":"2022-03-31T11:44:22","date_gmt":"2022-03-31T09:44:22","guid":{"rendered":"http:\/\/www.studiogera.de\/001\/?p=18593"},"modified":"2022-03-31T11:44:23","modified_gmt":"2022-03-31T09:44:23","slug":"drei-sachbeschaedigungen-zeugen-gesucht","status":"publish","type":"post","link":"https:\/\/www.studiogera.de\/001\/2022\/03\/31\/drei-sachbeschaedigungen-zeugen-gesucht\/","title":{"rendered":"DREI SACHBESCH\u00c4DIGUNGEN \u2014 ZEUGEN GESUCHT"},"content":{"rendered":"\n<p>Die Ermittlungen zu insgesamt drei Sachbesch\u00e4digungen nahm die Geraer Polizei am 28. M\u00e4rz 2022 auf.<\/p>\n\n\n\n<p>Demnach besch\u00e4digten bislang unbekannte T\u00e4ter am 28. M\u00e4rz 2022 die Fensterscheibe eines Parteib\u00fcros in der Rudolf-Diener-Stra\u00dfe. An der Scheibe entstand dabei ein etwa dre mal drei Zentimeter gro\u00dfer, oberfl\u00e4chlicher Schaden. Gegen 12.45 Uhr wurde der Schaden schlie\u00dflich festgestellt.<\/p>\n\n\n\n<p>In der Zeit vom 24. bis 28. M\u00e4rz hielten sich unbekannte T\u00e4ter in der Gagarinstrasse auf und besch\u00e4digten hier auf bislang nicht gekl\u00e4rte Art und Weise eine Fensterscheibe des Geb\u00e4udes, so dass ein kleines Loch darin entstand. Auch das Fahrzeug eines dort ans\u00e4ssigen Arztes wurde besch\u00e4digt.<\/p>\n\n\n\n<p>Weiterhin meldete sich eine Mitarbeiterin einer Apotheke in der Wiesestrasse am 28. M\u00e4rz bei der Geraer Polizei und zeigte eine Sachbesch\u00e4digung an. Auch hier besch\u00e4digten Unbekannte in der Zeit vom 26. bis 28. M\u00e4rz die \u00e4u\u00dfere Scheibe eines doppelverglasten Fensters, so dass ein kleines Loch entstand.<\/p>\n\n\n\n<p>Gl\u00fccklicherweise wurden in keinem der F\u00e4lle Personen verletzt.<\/p>\n\n\n\n<p>Womit die Besch\u00e4digungen verursacht wurden und ob die Taten im Zusammenhang stehen, ist Gegenstand der eingeleiteten Ermittlungen. Die KPI Gera sucht in allen F\u00e4llen nach Zeugen, die Hinweise zu den T\u00e4tern geben k\u00f6nnen. Zeugen werden gebeten, sich unter der Rufnummer 0365 82341465 bei der hiesigen Dienststelle zu melden.<\/p>\n","protected":false},"excerpt":{"rendered":"<div class=\"mh-excerpt\"><p>Die Ermittlungen zu insgesamt drei Sachbesch\u00e4digungen nahm die Geraer Polizei am 28. M\u00e4rz 2022 auf. Demnach besch\u00e4digten bislang unbekannte T\u00e4ter am 28. M\u00e4rz 2022 die Fensterscheibe eines Parteib\u00fcros in der Rudolf-Diener-Stra\u00dfe. An der Scheibe entstand <a class=\"mh-excerpt-more\" href=\"https:\/\/www.studiogera.de\/001\/2022\/03\/31\/drei-sachbeschaedigungen-zeugen-gesucht\/\" title=\"DREI SACHBESCH\u00c4DIGUNGEN \u2014 ZEUGEN GESUCHT\">[&#8230;]<\/a><\/p>\n<\/div>","protected":false},"author":2,"featured_media":9351,"comment_status":"open","ping_status":"open","sticky":false,"template":"","format":"standard","meta":{"footnotes":""},"categories":[13],"tags":[],"class_list":{"0":"post-18593","1":"post","2":"type-post","3":"status-publish","4":"format-standard","5":"has-post-thumbnail","7":"category-polizeiberichte"},"_links":{"self":[{"href":"https:\/\/www.studiogera.de\/001\/wp-json\/wp\/v2\/posts\/18593","targetHints":{"allow":["GET"]}}],"collection":[{"href":"https:\/\/www.studiogera.de\/001\/wp-json\/wp\/v2\/posts"}],"about":[{"href":"https:\/\/www.studiogera.de\/001\/wp-json\/wp\/v2\/types\/post"}],"author":[{"embeddable":true,"href":"https:\/\/www.studiogera.de\/001\/wp-json\/wp\/v2\/users\/2"}],"replies":[{"embeddable":true,"href":"https:\/\/www.studiogera.de\/001\/wp-json\/wp\/v2\/comments?post=18593"}],"version-history":[{"count":1,"href":"https:\/\/www.studiogera.de\/001\/wp-json\/wp\/v2\/posts\/18593\/revisions"}],"predecessor-version":[{"id":18594,"href":"https:\/\/www.studiogera.de\/001\/wp-json\/wp\/v2\/posts\/18593\/revisions\/18594"}],"wp:featuredmedia":[{"embeddable":true,"href":"https:\/\/www.studiogera.de\/001\/wp-json\/wp\/v2\/media\/9351"}],"wp:attachment":[{"href":"https:\/\/www.studiogera.de\/001\/wp-json\/wp\/v2\/media?parent=18593"}],"wp:term":[{"taxonomy":"category","embeddable":true,"href":"https:\/\/www.studiogera.de\/001\/wp-json\/wp\/v2\/categories?post=18593"},{"taxonomy":"post_tag","embeddable":true,"href":"https:\/\/www.studiogera.de\/001\/wp-json\/wp\/v2\/tags?post=18593"}],"curies":[{"name":"wp","href":"https:\/\/api.w.org\/{rel}","templated":true}]}}