{"id":1868,"date":"2017-09-16T11:53:43","date_gmt":"2017-09-16T09:53:43","guid":{"rendered":"http:\/\/www.studiogera.de\/001\/?p=1868"},"modified":"2017-09-16T11:53:43","modified_gmt":"2017-09-16T09:53:43","slug":"meldungen-und-hinweise-der-stadtverwaltung-12","status":"publish","type":"post","link":"https:\/\/www.studiogera.de\/001\/2017\/09\/16\/meldungen-und-hinweise-der-stadtverwaltung-12\/","title":{"rendered":"MELDUNGEN UND HINWEISE DER STADTVERWALTUNG"},"content":{"rendered":"<p><strong>ERNTEFEST IM BOTANISCHEN GARTEN<\/strong><\/p>\n<p>Zum Abschluss einer erfolgreichen Gartensaison l\u00e4dt der Botanische Garten am Sonntag, den 17. September, 10 Uhr 18 Uhr, zum traditionellen Erntefest ein. F\u00fcr alle Garten- und Naturfreunde, vor allem aber die Pilzsammler, wird es viel zu entdecken geben. Ein besonderer Besuchermagnet wird die aktuelle Pilzausstellung mit Frischpilzen sein, die vom Pilzsachverst\u00e4ndigen Bodo Wagner mit zahlreichen Pilzfreunden vom \u201ePilzstammtisch\u201c gemeinsam mit dem Museum f\u00fcr Naturkunde gestaltet wird. Von besonderem Interesse sind nat\u00fcrlich die bekannten Speisepilze und ihre giftigen oder ungenie\u00dfbaren Doppelg\u00e4nger, die zu Verwechslungen f\u00fchren k\u00f6nnen, wie z. . der Gift-Champignon, der jetzt vielfach gefunden wird. Zu all diesen Fragen ist sachkundige Beratung m\u00f6glich. Um 11 Uhr, 14 Uhr und 15.30 Uhr finden F\u00fchrungen statt. Bodo Wagner erl\u00e4utert dabei besondere Funde und gibt vor allem auch Informationen zu problematischen Arten. Nat\u00fcrlich kann auch jeder eigenes Material zur Bestimmung und Bereicherung der Lehrausstellung mitbringen. Besonderheiten aller Sammelaktionen finden Eingang in die wissenschaftliche Pilzsammlung des Museums f\u00fcr Naturkunde, allerdings in getrockneter Form oder als sogenanntes Nasspr\u00e4parat.<\/p>\n<p>Im historischen Turmhaus wird wieder eine Apfel-Sortenausstellung vorbereitet. Gesammelt wird dazu von Streuobstwiesen rund um Gera, so dass auch bekannte und seltene alte Sorten vertreten sind. Informationen dazu gibt Gerald Ripka, G\u00e4rtner im Botanischen Garten. Der Verband der Gartenfreunde e. V. ist Ansprechpartner f\u00fcr alle Fragen rund um den Kleingarten. Eine interessante Sammlung aus der diesj\u00e4hrigen Ernte wird vorgestellt, Marmeladen d\u00fcrfen verkostet werden. Alle Kleing\u00e4rtner sind aufgerufen, interessante Gew\u00e4chse aus ihren G\u00e4rten mitzubringen. Von der Aum\u00fchle bei Weida werden K\u00fcrbisse erwartet. Wer aber hat den gr\u00f6\u00dften K\u00fcrbis? Als kompetenter Ansprechpartner f\u00fcr Umweltthemen nicht nur in der Region l\u00e4dt das Gr\u00fcne Haus Gera e. V. zu Gespr\u00e4chen ein. Als Aktion k\u00f6nnen kleine \u201eInsektenhotels\u201c unter sachkundiger Leitung angefertigt werden. <\/p>\n<p>Imkerei, Kr\u00e4uterstand, Gesundheitsteam und Gr\u00fcnes Haus bieten zum Erntefest Obst, Gem\u00fcse, S\u00e4fte, Kuchen, Waffeln und allerlei Leckeres rund um Honig an, aber nat\u00fcrlich auch Herzhaftes, wie eine leckere K\u00fcrbissuppe und Zwiebelkuchen. Franz\u00f6sische Oliven\u00f6le, provencalische Weine und Olivenseifen haben auf dem Herbstmarkt l\u00e4ngst ihre Freunde gefunden, ebenso Liebhaberstauden und bunte Trockenstr\u00e4u\u00dfe. Kr\u00e4uter und allerlei Produkte daraus, wie z. B. Wildbl\u00fcten- und Kr\u00e4utergelees, erg\u00e4nzen das Angebot. <\/p>\n<hr \/>\n<p><strong>STADTGRABEN GESPERRT<\/strong><\/p>\n<p>Vom 20. bis voraussichtlich 29. September 2017 ist die Stra\u00dfe Stadtgraben zwischen Greizer Stra\u00dfe und Reichsstra\u00dfe eine Einbahnstra\u00dfe. Der Verkehr aus Richtung Reichsstra\u00dfe wird \u00fcber die Breitscheidstra\u00dfe, De-Smit-Stra\u00dfe und Clara-Zetkin-Stra\u00dfe umgeleitet. Von Nicolaistra\u00dfe in Richtung Reichsstra\u00dfe kann der Stadtgraben befahren werden. Grund der Sperrung sind Sanierungsarbeiten an der Stra\u00dfendecke im Auftrag der Stadt Gera.<\/p>\n<p>Von Mittwoch, den 20. September 2017, bis Freitag, den 29. September 2017, ist der Stadtgraben von der Reichsstra\u00dfe in Fahrtrichtung Nicolaistra\u00dfe\/Richterstra\u00dfe gesperrt. W\u00e4hrend dieser Zeit m\u00fcssen die KOM der Linien 10, 17, 19 und 26 in Richtungen Leumnitz eine Umleitung \u00fcber die Clara-Zetkin-Stra\u00dfe\u2013Gagarinstra\u00dfe\u2013Ziegelberg fahren. Die Haltestellen Stadtgraben und Schillerstra\u00dfe k\u00f6nnen in stadtausw\u00e4rtiger Richtung w\u00e4hrend der Sperrung nicht bedient werden.<\/p>\n<p>F\u00fcr die Linie 14 entf\u00e4llt im o. g. Zeitraum ebenfalls der Halt an der stadtausw\u00e4rtigen Haltestelle Stadtgraben. Zus\u00e4tzlich gibt es auf der Linie 14 zwei Fahrten vom 20. September bis 22. September und vom 25. September bis 29. September. Die Fahrten beginnen an der zentralen Umsteigestelle Heinrichstra\u00dfe um 13.40 Uhr und 15.40 Uhr und ab Ferberturm um 13.50 Uhr und 15.50 Uhr. Die Fahrten der Linie 14 brauchen w\u00e4hrend dieser Zeit nicht telefonisch bestellt werden.<\/p>\n<p>Beachten Sie hierzu die Aufsteller an den betroffenen Haltestellen.<\/p>\n<hr \/>\n<p><strong>FRIEDERICISTRASSE<\/strong><\/p>\n<p>Wegen der neu er\u00f6ffneten Grundschule hat der Verkehr in der Friedericistra\u00dfe zwischen Gebr\u00fcder-H\u00e4u\u00dfler-Stra\u00dfe und De-Smit-Stra\u00dfe wesentlich zugenommen. Insbesondere in den Morgenstunden mus sman an den Lichtsignalanlage Friedericistra\u00dfe\/De-Smit-Stra\u00dfe lange warten.<br \/>\nUm Verkehr an dieser Stelle schnelle rabflie\u00dfen zu lassen, wurde an der Lichtsignalanlage ein Gr\u00fcnpfeil f\u00fcr das Rechtsabbiegen angebracht. Au\u00dferdem wurde das Linksabbiegen untersagt.<\/p>\n<hr \/>\n<p><strong>RUNDGANG DURCH GERAS ALTSTADT<\/strong><\/p>\n<p>Zu einem erlebnisreichen Stadtrundgang l\u00e4dt die Gera-Information an Sonnabend, dem 23.  September, ein. Die F\u00fchrung beginnt 14 Uhr an der Gera-Information im Historischen Burgkeller, Markt 1a. Der Rundgang f\u00fchrt durch die historische Innenstadt mit Marktplatz, gro\u00dfer Kirchstra\u00dfe und weiteren historischen Pl\u00e4tzen und Stra\u00dfen. Von einem zertifizierten G\u00e4stef\u00fchrer erfahren die Teilnehmer nicht nur wissenswerte Details aus der Stadtgeschichte Geras und zu interessanten und sehenswerten Geb\u00e4uden, sondern auch Unterhaltsames \u00fcber Geras Pers\u00f6nlichkeiten, wie Heinrich Posthumus oder Nicolaus de Smit, sowie Gerscher historische Originale. <\/p>\n<p>Interessenten werden gebeten, sich unter der Rufnummer 0365 8381111 w\u00e4hrend der \u00d6ffnungszeiten, montags bis freitags von 9 Uhr bis 18 Uhr sowie sonnabends von 9 Uhr bis 15 Uhr, f\u00fcr die Tour anzumelden beziehungsweise die Teilnahmekarten im Vorfeld zu l\u00f6sen. <\/p>\n<hr \/>\n<p><strong>F\u00dcHRUNG DURCH DAS HAUS SCHULENBURG<\/strong><\/p>\n<p>Etwas ganz Besonderes ist die F\u00fchrung am Sonntag, den 24. September 2017, im Henry-Van-de-Velde-Museum \u201eHaus Schulenburg\u201c. W\u00e4hrend eines einst\u00fcndigen Rundgangs lernen die G\u00e4ste die Geschichte des Hauses Schulenburg &#8211; eines der reifsten Werke Henry van de Veldes in Deutschland &#8211; kennen, das dank privater Investitionen Gera weit \u00fcber die Landesgrenzen hinaus Anerkennung schafft. Henry van de Velde, ebenso als \u201eAllesk\u00fcnstler\u201c bekannt, hat sich dort nicht nur in der Architektur des Hauses, sondern auch in der einmaligen Innenausstattung und der Ausgestaltung der reizvollen, gepflegten Parkanlagen verewigt. <\/p>\n<p>Seit dem 22. April 2017 k\u00f6nnen Sie die neue Ausstellung \u201eGrafik in der DDR &#8211; Medium der Freiheit\u201c erleben. Hier sehen Sie Werke unter anderem von Gerhard Altenbourgh, Conrad Felixm\u00fcller, Bernhardt Heisig, Katharina Heise und Wolfgang Mattheuer.<\/p>\n<p>Die F\u00fchrung beginnt am 24. September, 14 Uhr. Anmeldungen werden unter der Rufnummer 0365 8381111 erbeten.<\/p>\n<hr \/>\n<p><strong>GERAER VOLKSHOCHSCHULE<\/strong><\/p>\n<p>Am Mittwoch, den 20. September, 9.30 Uhr bis 12 Uhr, beginnt an der Geraer Volkshochschule, Talstra\u00dfe 3, wieder ein Computerkurs f\u00fcr Einsteiger ohne Vorkenntnisse. An acht Vormittagen zu jeweils drei Unterrichtsstunden wird den Teilnehmern Schritt f\u00fcr Schritt der Umgang mit dem Computer vermittelt und Einblick in das Internet gegeben. <\/p>\n<p>Am Donnerstag, dem 21. September, 9.30 Uhr, beginnt in der Volkshochschule ein neuer Computerkurs f\u00fcr Junggebliebene, die bereits \u00fcber einfache Computerkenntnisse verf\u00fcgen. In diesem Kurs wird an sieben Vormittagen zu jeweils drei Unterrichtsstunden vorhandenes Computerwissen wieder aufgefrischt und wichtige Grundlagen aktualisiert. In Aufbau, Inhalt und Arbeitsweise richtet sich der Kursleiter nach den Vorkenntnissen, W\u00fcnschen und Fragen der Teilnehmer.<\/p>\n<p>Am Mittwoch, den 27. September, laden der Interkulturelle Verein Gera e. V. und die Geraer Volkshochschule \u201eAenne Biermann\u201c von 18 Uhr bis 21 Uhr zu einer Reise in die koloniale Vergangenheit und gegenw\u00e4rtige Realit\u00e4t in den L\u00e4ndern des globalen S\u00fcdens ein.<br \/>\n\u201eWas treiben wir Deutschen in Afrika\u201c ist ein Anti-Koloniallied von 1898. Bereits damals wurden die kolonialen Bestrebungen \u2013 nicht nur des deutschen Kaiserreichs \u2013 durchaus kritisch gesehen. Dennoch pr\u00e4gen \u00fcberlieferte Vorstellungen aus Kunst, Werbung, Wissenschaft oder Politik auch heute noch unsere Vorstellungen und Perspektiven auf die Welt. Aktuelle Themen mit globalem Bezug lassen sich daher kaum erkl\u00e4ren, ohne das Ph\u00e4nomen Kolonialismus zu betrachten. Gemeinsam mit dem Hope Theater Nairobi und mit Hilfe szenischer Darstellungen will das Eine Welt Netzwerk Th\u00fcringen e.V. den Blick auf globale Machtverh\u00e4ltnisse und Abh\u00e4ngigkeiten sch\u00e4rfen. In einer interaktiven Diskussion mit den Teilnehmenden werden Wege und M\u00f6glichkeiten untersucht, wie Globalisierung gerecht und nachhaltig gestaltet werden kann.<br \/>\nDie Veranstaltung \u201eWas treiben wir Deutschen in Afrika\u201c findet in der Aula der Staatlichen Berufsbildenden Schule Wirtschaft und Verwaltung, Enzianstra\u00dfe 18, im Rahmen der Interkulturellen Woche statt. Der Eintritt ist frei. Um eine vorherige Anmeldung unter 0365 55259314 oder \u00fcber service@volkshochschule-gera.de wird gebeten. Unter www.volkshochschule-gera.de ist die Anmeldung ebenfalls m\u00f6glich.<\/p>\n<p>An neun Vormittagen, jeweils von 9 Uhr bis 10 Uhr, beginnt am Donnerstag, den 21. September, an der Geraer Volkshochschule ein neuer Kurs \u201ePilates f\u00fcr Anf\u00e4nger\u201c.<br \/>\nIm Zentrum des Kurses stehen Bauch, H\u00fcfte, Po und R\u00fccken, die K\u00f6rpermitte, im Pilates auch \u201ePowerhouse\u201c genannt. Pilates kr\u00e4ftigt, entspannt und dehnt auf sanfte Weise die tiefen Muskeln. Die Bewegungen werden sehr bewusst und mit gro\u00dfer Konzentration ausgef\u00fchrt. Die \u00dcbungen sind sehr effektiv und zeigen rasch Erfolge. Wie intensiv das Training ist, k\u00f6nnen Sie individuell variieren. Gut f\u00fcr alle, die sich ein effektives Training f\u00fcr den ganzen K\u00f6rper w\u00fcnschen. Keine Vorkenntnisse n\u00f6tig.<br \/>\nFragen werden unter der Rufnummer 0365 55259313 oder \u00fcber service@volkshochschule-gera.de beantwortet.<\/p>\n<p>Die gute alte Heilerde ist ein traditionsreiches, sanftes Naturheilmittel, welches  sich \u00fcber Jahrhunderte bew\u00e4hrt hat. Bereits in der Antike war die besondere medizinische Wirkung der \u201eheilenden Erde\u201c bekannt.  Mineralogisch gesehen handelt es sich um naturreinen L\u00f6ss ohne chemische oder sonstige Zus\u00e4tze. Heilerde ist somit aktueller denn je und wird gerade wiederentdeckt, denn der Mensch von heute sucht verst\u00e4rkt nach nat\u00fcrlichen Alternativen. Ihre innerlichen und \u00e4u\u00dferlichen Anwendungsm\u00f6glichkeiten bieten auf nat\u00fcrliche Weise wirksame Hilfe. Dieser Vortrag informiert dar\u00fcber, wie vielseitig sich dieses Naturheilmittel bei  den unterschiedlichsten gesundheitlichen Beschwerden einsetzen l\u00e4sst und warum es in keiner Hausapotheke fehlen sollte.<br \/>\nDer Vortrag findet am Donnerstag, den 21. September von 17.30 Uhr bis 19.45 Uhr, an der Geraer Volkshochschule, Talstra\u00dfe 3, statt. Vorab ist eine Anmeldung erforderlich.<\/p>\n<hr \/>\n<p><strong>MUSIKSCHULE HEINRICH SCH\u00dcTZ<\/strong><\/p>\n<p>Am 30. September 2017, 10 Uhr l\u00e4dt, die Geraer Musikschule \u201eHeinrich Sch\u00fctz\u201c am Biermannplatz 1 zu Musik und Vortrag in den Friederici-Saal ein. Zu Beginn des Schuljahres ist die Matinee zur Fotoausstellung Vogel des Jahres zur sch\u00f6nen Tradition geworden. Der Th\u00fcringer Naturschutzbund, Referent Mattias Schopplich, vermittelt das Thema \u201eVogel des Jahres 2017 \u2013 Der Waldkauz\u201c mit Fotos auf der Leinwand und gibt viel Wissenswertes an das Publikum weiter. Den musikalischen Rahmen gestalten junge Talente der Musikschule am Fl\u00fcgel, auf Blockfl\u00f6te, Violine und Akkordeon. Eltern und Kinder erwartet ein kurzweiliges und lehrreiches Programm. <\/p>\n<hr \/>\n<p><strong>XII. AENNE-BIERMANN-PREIS<\/strong><\/p>\n<p>Am 5. September 2017 tagte eine f\u00fcnfk\u00f6pfige Jury im Museum f\u00fcr Angewandte Kunst Gera, um die Preistr\u00e4ger des Wettbewerbes zu ermitteln.<\/p>\n<p>Den diesj\u00e4hrigen, nunmehr zw\u00f6lften \u201eAenne-Biermann-Preis f\u00fcr deutsche Gegenwartsfotografie\u201c erh\u00e4lt Andreas Rost aus Berlin f\u00fcr seine Arbeit \u201eProjekte zur Best\u00e4tigung des Neuen\u201c. Almut Hilf  aus Hamburg erh\u00e4lt f\u00fcr ihr eingereichtes Triptychon den 2. Preis. Mit dem 3. Preis bedachte die Jury in diesem Jahr Hayahisa Tomiyasu aus Leipzig f\u00fcr seine Arbeit \u201eTTP\u201c. Zus\u00e4tzlich erhalten folgende Fotografen und Fotografinnen Anerkennungen: Kalinka Gieseler (Leipzig), Timo Hinze (Berlin), Philip Poppek (Berlin) sowie Knut Sennekamp (Hamburg).<\/p>\n<p>Insgesamt hatten sich an der Ausschreibung des Museums f\u00fcr Angewandte Kunst Gera 176 Einsender mit insgesamt 317 Arbeiten beteiligt. Aus Ihnen w\u00e4hlte die Jury, bestehend aus Prof. Klaus Honnef (Bonn), Wolfgang Kil (Berlin), Daniel Poller (Leipzig), Holger Peter Saupe (Gera) sowie Dr. Verena Titze-Winter (Wiesbaden) als Vertreterin des Mitveranstalters SV SparkassenVersicherung die Preistr\u00e4ger- und Anerkennungsfotos aus.<\/p>\n<p>Der 12. Aenne-Biermann-Preis wird zur Er\u00f6ffnung der Ausstellung im Dezember 2017 im Museum f\u00fcr Angewandte Kunst Gera feierlich verliehen.<\/p>\n<hr \/>\n<p><strong>GLOCKENSPIEL VOM RATHAUSTURM<\/strong><\/p>\n<p>Am 7. Oktober ab 11 Uhr spielen Ulrich Seidel und Peter Siepermann ein Konzert auf dem Carillon im Geraer Rathausturm. Das etwa 50-min\u00fctige Programm setzt drei Schwerpunkte. Zum einen erklingen bekannte Volkslieder (z.B. Wem Gott will rechte Gunst erweisen, Gl\u00fcck auf!). Daneben stehen Werke, die original f\u00fcr Carillon komponiert wurden. Dazu z\u00e4hlen Werke von Jef Denyn und Geert D\u2019Hollander als Vertreter der belgischen Tradition. Abgerundet wird das Programm mit Werken der Popularmusik, unter anderem mit Melodien aus Dr. Schiwago, Der Pate und anderen.<\/p>\n<p>Das Carillon im Geraer Rathausturm wurde am 7. Oktober 1988 eingeweiht. Die zun\u00e4chst 36, sp\u00e4ter 37 Glocken entstanden in der Feingusswerkstatt P\u00f6\u00dfneck\/Neustadt an der Orla. Geleitet wurde das Projekt von Peter Schilling aus Apolda. Die gr\u00f6\u00dfte Glocke hat ein Gewicht von 45 Kilogramm, die kleinste Glocke wiegt 17 Kilogramm.<\/p>\n<p>Ulrich Seidel betreut das Carillon im Bartholom\u00e4usturm zu Erfurt. Daneben ist er als freier Autor t\u00e4tig. Zahlreiche B\u00fccher \u00fcber Erfurt und Th\u00fcringen sind von ihm in verschiedenen  Verlagen erschienen (unter anderem im Dumont-Verlag). Seit 2010 ist Ulrich Seidel Vorsitzender der Deutschen Glockenspielvereinigung.<\/p>\n<p>Peter Siepermann studierte Elektrotechnik an der Ruhr-Universit\u00e4t Bochum. Er arbeitet als<br \/>\nInfrastruktur-Analyst im Rahmen von Software-L\u00f6sungen im Energiehandel. Seit 1999 betreut Peter Siepermann das st\u00e4dtische Glockenspiel in Hattingen. Weitere Schwerpunkte seiner k\u00fcnstlerischen Arbeit sind Konzerte an historischen Orgeln im Hadelner Land (z. B. an den Gloger-Orgeln in Otterndorf und Cadenberge sowie der R\u00f6ver-Orgel in Nordleda) und Carillon-Konzerte in verschiedenen deutschen St\u00e4dten (Erfurt, Hamburg).<\/p>\n<p>Wer w\u00e4hrend des Glockenspiels den 360-Grad-Panoroamblick \u00fcber die Stadt genie\u00dfen m\u00f6chte, meldet sich vorher in der Gera-Information. Die Mitarbeiter freuen sich auf zahlreiche G\u00e4ste und Besucher.<\/p>\n<hr \/>\n<p><strong>XIV. BAUERNMARKT<\/strong><\/p>\n<p>Es ist wieder Erntezeit und das spiegelt sich auch im reichhaltigen Angebot der \u00fcber 35 teilnehmenden Direkterzeuger, landwirtschaftlichen Betriebe und G\u00e4rtnereien und H\u00e4ndler aus der Region und dem Umland beim 14. Geraer Bauernmarkt wider.<br \/>\nAm Freitag, dem 22. September, von 7 Uhr bis 16 Uhr, und am Samstag, dem 23. September, von 7 Uhr bis 14 Uhr, wird auf dem Geraer Marktplatz wie in den letzten Jahren eine bunte Palette an Produkten angeboten. Alles was der heimische Boden oder Stall hergibt: Vielf\u00e4ltige Pflanzen, Obst und Gem\u00fcse, K\u00e4se, Wurstwaren, Steinofenbrot, selbst hergestellte Marmeladen, Honig und vieles mehr. Ebenso sind Fisch, Kr\u00e4uter und Tee, sowie Zwiebelz\u00f6pfe und Gew\u00fcrzstr\u00e4u\u00dfe auf dem Bauernmarkt zu haben.<br \/>\nF\u00fcr das leibliche Wohl wird mit Th\u00fcringer Rostbratw\u00fcrsten, Imbissangeboten und leckeren Krapfen gesorgt. Alle Geraer und ihre G\u00e4ste sind herzlich eingeladen, den Geraer Bauernmarkt zu besuchen.<\/p>\n","protected":false},"excerpt":{"rendered":"<div class=\"mh-excerpt\"><p>ERNTEFEST IM BOTANISCHEN GARTEN Zum Abschluss einer erfolgreichen Gartensaison l\u00e4dt der Botanische Garten am Sonntag, den 17. September, 10 Uhr 18 Uhr, zum traditionellen Erntefest ein. F\u00fcr alle Garten- und Naturfreunde, vor allem aber die <a class=\"mh-excerpt-more\" href=\"https:\/\/www.studiogera.de\/001\/2017\/09\/16\/meldungen-und-hinweise-der-stadtverwaltung-12\/\" title=\"MELDUNGEN UND HINWEISE DER STADTVERWALTUNG\">[&#8230;]<\/a><\/p>\n<\/div>","protected":false},"author":2,"featured_media":1224,"comment_status":"open","ping_status":"open","sticky":false,"template":"","format":"standard","meta":{"footnotes":""},"categories":[16],"tags":[],"class_list":{"0":"post-1868","1":"post","2":"type-post","3":"status-publish","4":"format-standard","5":"has-post-thumbnail","7":"category-kurzmitteilungen"},"_links":{"self":[{"href":"https:\/\/www.studiogera.de\/001\/wp-json\/wp\/v2\/posts\/1868","targetHints":{"allow":["GET"]}}],"collection":[{"href":"https:\/\/www.studiogera.de\/001\/wp-json\/wp\/v2\/posts"}],"about":[{"href":"https:\/\/www.studiogera.de\/001\/wp-json\/wp\/v2\/types\/post"}],"author":[{"embeddable":true,"href":"https:\/\/www.studiogera.de\/001\/wp-json\/wp\/v2\/users\/2"}],"replies":[{"embeddable":true,"href":"https:\/\/www.studiogera.de\/001\/wp-json\/wp\/v2\/comments?post=1868"}],"version-history":[{"count":1,"href":"https:\/\/www.studiogera.de\/001\/wp-json\/wp\/v2\/posts\/1868\/revisions"}],"predecessor-version":[{"id":1869,"href":"https:\/\/www.studiogera.de\/001\/wp-json\/wp\/v2\/posts\/1868\/revisions\/1869"}],"wp:featuredmedia":[{"embeddable":true,"href":"https:\/\/www.studiogera.de\/001\/wp-json\/wp\/v2\/media\/1224"}],"wp:attachment":[{"href":"https:\/\/www.studiogera.de\/001\/wp-json\/wp\/v2\/media?parent=1868"}],"wp:term":[{"taxonomy":"category","embeddable":true,"href":"https:\/\/www.studiogera.de\/001\/wp-json\/wp\/v2\/categories?post=1868"},{"taxonomy":"post_tag","embeddable":true,"href":"https:\/\/www.studiogera.de\/001\/wp-json\/wp\/v2\/tags?post=1868"}],"curies":[{"name":"wp","href":"https:\/\/api.w.org\/{rel}","templated":true}]}}