{"id":1887,"date":"2017-09-25T03:32:50","date_gmt":"2017-09-25T01:32:50","guid":{"rendered":"http:\/\/www.studiogera.de\/001\/?p=1887"},"modified":"2017-09-25T15:23:03","modified_gmt":"2017-09-25T13:23:03","slug":"ergebnis-der-wahl-zum-19-deutschen-bundestag","status":"publish","type":"post","link":"https:\/\/www.studiogera.de\/001\/2017\/09\/25\/ergebnis-der-wahl-zum-19-deutschen-bundestag\/","title":{"rendered":"ERGEBNIS DER WAHL ZUM 19. DEUTSCHEN BUNDESTAG"},"content":{"rendered":"<p>Im neugew\u00e4hlten Parlament der Bundesrepublik werden k\u00fcnftig alle wesentlichen politischen Str\u00f6mungen vertreten sein. Trotz hoher Verluste bleibt die Union aus CDU und CSU st\u00e4rkste Kraft; die SPD wechselt in die Opposition. Die FDP ist nach einmaliger Abwesenheit wieder im Parlament vertreten. Wahrscheinlich ist ein Regierungsb\u00fcndnis aus Union, B\u00fcndnis &#8217;90\/Die Gr\u00fcnen und der FDP. Allerdings deuten sich schwierige Koalitionsverhandlungen an. Erstmals wird die AFD im Parlament vertreten sein; sie erh\u00e4lt voraussichtlich 94 Sitze. An der Wahl beteiligten sich 76,2 % der 61,5 Millionen Stimmberechtigten. 42 Parteien waren angetreten.<\/p>\n<p>Die SPD verfehlte ihr Wahlziel deutlich und erreichte ihren historisch schlechtesten Wert. Parteivorsitzender Martin Schulz k\u00fcndigte unmittelbar nach der ersten Hochrechnung die Beendigung der gro\u00dfen Koalition an und erkl\u00e4rte, die SPD wolle fortan die Opposition anf\u00fchren. Die gro\u00dfe Koalition sei abgew\u00e4hlt worden. Rechnerisch ist sie jedoch auch im neuen Parlament m\u00f6glich.<\/p>\n<p>Die CDU erlebt ihre schwerste Niederlage seit 1949. Viele ihrer einstigen W\u00e4hler stimmten f\u00fcr AFD oder FDP. Dennoch sieht sich die Parteivorsitzende Angela Merkel best\u00e4tigt und verweist auf Erfolge der zur\u00fcckliegenden Regierungsarbeit. Die CSU in Bayern verzeichnet ebenfalls hohe Verluste; sie fiel laut der vorl\u00e4ufigen Zahlen von 49 % auf 38 %. Bayerns Ministerpr\u00e4sident Horst Seehofer sprach von einer bitteren Entt\u00e4uschung. Mit Blick auf die Landttagswahlen in Bayern im Herbst n\u00e4chsten Jahres k\u00fcndigte er ein konservativ-liberales Programm an.<\/p>\n<p>Die Linkspartei, bislang Oppositionsf\u00fchrer, wird nun die kleinste Fraktion im Parlament bilden.<\/p>\n<p>Die AFD ist drittst\u00e4rkste Kraft. In Sachsen erreicht sie nach Zahlen in drei Wahlkreisen (S\u00e4chsische Schweiz-Osterzgebirge, Bautzen I, G\u00f6rlitz) sogar den ersten Platz. In den alten L\u00e4ndern erhielt sie in Bayern die meisten Stimmen. Im Jahre 2013 als wirtschaftsliberale Partei gegr\u00fcndet, hat sich die AFD nationalkonservativ ausgerichtet und seit der Zuwanderungswelle zahlreiche Proteststimmen aufgenommen. Aufgrund unterschiedlicher Tendenzen innerhalb der Partei ist deren k\u00fcnftiger Kurs ungewiss. Entscheidend ist, welche Personen sich in der AFD durchsetzen. Beobachter rechnen zun\u00e4chst mit tieferen Gr\u00e4ben und internen Positionsk\u00e4mpfen in den kommenden Wochen sowie mit Schwierigkeiten bei der Detailarbeit in den Aussch\u00fcssen.<\/p>\n<p>Nachdem die FDP bei der Wahl 2013 erstmals an der F\u00fcnf-Prozent-H\u00fcrde gescheitert war, kann sie nun mit 10,7 % einen au\u00dferordentlichen Erfolg verbuchen. Unter dem Parteivorsitzenden Christian Lindner wurde die Partei modernisiert.<\/p>\n<p>B\u00fcndnis &#8217;90\/Die Gr\u00fcnen erreichten ein besseres Ergebnis als erwartet.<\/p>\n<p><strong>WAHLKREIS GERA-GREIZ-ALTENBURGER LAND<br \/>\n(ERSTSTIMMEN; ZWEITSTIMMEN)<\/strong><br \/>\nvorl\u00e4ufige Ergebnisse<\/p>\n<p>&#8211; CDU: 30,4 %; 27,3 %<br \/>\n&#8211; AFD: 27,3 %; 27,1 %<br \/>\n&#8211; Linkspartei: 18,7 %; 17,4 %<br \/>\n&#8211; SPD: 11,8 %; 11,4 %<br \/>\n&#8211; FDP: 5,6 %; 8,2 %<br \/>\n&#8211; B\u00fcndnis &#8217;90\/Die Gr\u00fcnen: 2,1 %; 2,7 %<\/p>\n<p><strong>DIE N\u00c4CHSTEN WAHLTERMINE<\/strong><\/p>\n<p>&#8211; 15. Oktober 2017: Wahl des Landtages in Niedersachsen<br \/>\n&#8211; 6. Mai 2018: Wahl der Kreistage, Stadtvertretungen und Gemeindevertretungen in Schleswig-Holstein<br \/>\n&#8211; Herbst 2018: Wahl des Landtages und der Bezirkstage in Bayern<br \/>\n&#8211; Herbst 2018: Wahl des Landtages in Hessen<\/p>\n","protected":false},"excerpt":{"rendered":"<div class=\"mh-excerpt\"><p>Im neugew\u00e4hlten Parlament der Bundesrepublik werden k\u00fcnftig alle wesentlichen politischen Str\u00f6mungen vertreten sein. Trotz hoher Verluste bleibt die Union aus CDU und CSU st\u00e4rkste Kraft; die SPD wechselt in die Opposition. Die FDP ist nach <a class=\"mh-excerpt-more\" href=\"https:\/\/www.studiogera.de\/001\/2017\/09\/25\/ergebnis-der-wahl-zum-19-deutschen-bundestag\/\" title=\"ERGEBNIS DER WAHL ZUM 19. DEUTSCHEN BUNDESTAG\">[&#8230;]<\/a><\/p>\n<\/div>","protected":false},"author":2,"featured_media":1892,"comment_status":"open","ping_status":"open","sticky":false,"template":"","format":"standard","meta":{"footnotes":""},"categories":[2],"tags":[],"class_list":{"0":"post-1887","1":"post","2":"type-post","3":"status-publish","4":"format-standard","5":"has-post-thumbnail","7":"category-weltweit"},"_links":{"self":[{"href":"https:\/\/www.studiogera.de\/001\/wp-json\/wp\/v2\/posts\/1887","targetHints":{"allow":["GET"]}}],"collection":[{"href":"https:\/\/www.studiogera.de\/001\/wp-json\/wp\/v2\/posts"}],"about":[{"href":"https:\/\/www.studiogera.de\/001\/wp-json\/wp\/v2\/types\/post"}],"author":[{"embeddable":true,"href":"https:\/\/www.studiogera.de\/001\/wp-json\/wp\/v2\/users\/2"}],"replies":[{"embeddable":true,"href":"https:\/\/www.studiogera.de\/001\/wp-json\/wp\/v2\/comments?post=1887"}],"version-history":[{"count":3,"href":"https:\/\/www.studiogera.de\/001\/wp-json\/wp\/v2\/posts\/1887\/revisions"}],"predecessor-version":[{"id":1893,"href":"https:\/\/www.studiogera.de\/001\/wp-json\/wp\/v2\/posts\/1887\/revisions\/1893"}],"wp:featuredmedia":[{"embeddable":true,"href":"https:\/\/www.studiogera.de\/001\/wp-json\/wp\/v2\/media\/1892"}],"wp:attachment":[{"href":"https:\/\/www.studiogera.de\/001\/wp-json\/wp\/v2\/media?parent=1887"}],"wp:term":[{"taxonomy":"category","embeddable":true,"href":"https:\/\/www.studiogera.de\/001\/wp-json\/wp\/v2\/categories?post=1887"},{"taxonomy":"post_tag","embeddable":true,"href":"https:\/\/www.studiogera.de\/001\/wp-json\/wp\/v2\/tags?post=1887"}],"curies":[{"name":"wp","href":"https:\/\/api.w.org\/{rel}","templated":true}]}}