{"id":19077,"date":"2022-05-11T11:39:47","date_gmt":"2022-05-11T09:39:47","guid":{"rendered":"http:\/\/www.studiogera.de\/001\/?p=19077"},"modified":"2022-05-11T11:44:04","modified_gmt":"2022-05-11T09:44:04","slug":"familienfreundlichkeit-als-schluessel-fuer-nachhaltige-stadtentwicklung","status":"publish","type":"post","link":"https:\/\/www.studiogera.de\/001\/2022\/05\/11\/familienfreundlichkeit-als-schluessel-fuer-nachhaltige-stadtentwicklung\/","title":{"rendered":"GERA ALS FAMILIENGERECHTE KOMMUNE \u2014 JAHRESBERICHT"},"content":{"rendered":"\n<p>K\u00fcrzlich wurde den Fachaussch\u00fcssen des Stadtrates ein Jahresbericht \u00fcber Ma\u00dfnahmen und Projekte zur St\u00e4rkung der Familienfreundlichkeit in der Stadt Gera vorgestellt. In dem federf\u00fchrend vom Dezernat Jugend und Soziales erarbeiteten Jahresbericht wurde \u00fcber den Projektstand informiert. \u201eSeit 2015 d\u00fcrfen wir uns offiziell als \u201aFamiliengerechte Kommune\u2018 bezeichnen. Darauf sind wir stolz, denn es ist wichtig, die Lebensbedingungen von Familien in den unterschiedlichen Lebensmodellen auch weiterhin zu st\u00e4rken und kontinuierlich zu verbessern\u201c, erl\u00e4utert die Dezernentin f\u00fcr Jugend und Soziales, Sandra Wanzar. Familienfreundlichkeit sei ein elementarer Standortfaktor und k\u00f6nne demografische und soziale Entwicklungen in Gera nachhaltig positiv beeinflussen<\/p>\n\n\n\n<p>Die Ziele und Ma\u00dfnahmen sind in unterschiedlichen Themenfeldern strukturiert, die bei einem generations\u00fcbergreifenden Sozialplan anfangen, Familien in Gestaltungsprozessen einbinden, die Vereinbarkeit von Familie und Beruf thematisieren, inklusive Bildung im Schulnetzplan verankern, Beratungsangebote zur Kompetenzst\u00e4rkung der Familien aufgreifen und bis hin zu stadtplanerischen Konzepten f\u00fcr ein familienfreundliches Wohnumfeld reichen. Seit der Verabschiedung des Ma\u00dfnahmenkatalogs im Jahr 2020 zur Erhaltung des Zertifikats konnten viele Projekte ganz oder in Teilen umgesetzt werden. Dies sei Dank vieler interdisziplin\u00e4rer Arbeitsgruppen mit Beteiligten aus der Kommunalpolitik, aus Verb\u00e4nden und Initiativen, aber auch durch aktive B\u00fcrgerbeteiligung m\u00f6glich gewesen, so Sandra Wanzar.<\/p>\n\n\n\n<p>Die etablierte Anlaufstelle \u201eService Generationen\u201c in der Geraer Innenstadt, die Er\u00f6ffnung einer neuen Kindertageseinrichtung vor zwei Jahren zur Erweiterung der Betreuungskapazit\u00e4ten, aber auch die vielen sozialen Angebote f\u00fcr Kinder, Jugendliche und deren Eltern in den Planungsr\u00e4umen Lusan, Bieblach\/Tinz und der Innenstadt sind nur einige ausgew\u00e4hlte Beispiele der erfolgreich umgesetzten Projekte. Erw\u00e4hnenswert seien zudem die Ma\u00dfnahmen mit theoretischem und wissenschaftlichem Schwerpunkt. \u201eDiese sind derzeit f\u00fcr die Bev\u00f6lkerung noch nicht konkret greifbar, sind aber wichtige Vorarbeiten f\u00fcr ein funktionierendes Gemeinwesen, aus denen sich dann wiederum neue zielgruppenrelevante Projekte generieren\u201c, erl\u00e4utert Sandra Wanzar und spricht damit zum Beispiel den in 2021 ver\u00f6ffentlichten Pflegebericht, die Sozialraumanalyse in Bieblach-Ost sowie Konzepte f\u00fcr Mobilit\u00e4t im Stadtteil Lusan oder f\u00fcr Barrierefreiheit an den Schulen an. Auch Geras erste repr\u00e4sentative Kinder- und Jugendstudie \u00fcber die Lebenswelt der zehn bis 17-J\u00e4hrigen geh\u00f6rt dazu.\u00a0<\/p>\n\n\n\n<p>\u201eIn Gera ist vieles in Bewegung. Familieninklusives und generations\u00fcbergreifendes Miteinander\u00a0 wird gef\u00f6rdert und ausgebaut. Es freut uns sehr, dass die Angebote auch so gut von der Bev\u00f6lkerung angenommen werden\u201c, zieht Sandra Wanzar eine zufriedene Bilanz. Dies habe mit Sicherheit auch dazu gef\u00fchrt, dass Gera im vergangenen Jahr in einer Studie zur Lebensqualit\u00e4t der Geraer Bev\u00f6lkerung zu 90 % als familienfreundlich eingesch\u00e4tzt wurde. \u201eDennoch sind wir noch nicht da, wo wir stehen wollen. Die Pandemie hat auch uns zugesetzt, so dass wir nat\u00fcrlich Nachholbedarf haben. Ich bin hier aber guter Dinge, die gesteckten Ziele zu erreichen. Wir k\u00f6nnen hier in Gera auf ein sehr vertrauensvolles und umfangreiches Netzwerk zur\u00fcckgreifen. Alle ziehen an einem Strang, um das Beste f\u00fcr unsere Stadt herauszuholen\u201c, bedankt sich Sandra Wanzar bei allen Beteiligten, die sich im Rahmen des \u201eAudit Familiengerechte Kommune\u201c engagieren.<\/p>\n\n\n\n<p>Der Prozess Familiengerechte Kommune wurde vom Land Nordrhein-Westfalen, der Bertelsmann Stiftung und der Hertie-Stiftung entwickelt und wird seit 2011 \u00fcber den Verein Familiengerechte Kommune e. V. bundesweit in Kreisen und Kommunen durchgef\u00fchrt. In Deutschland sind derzeit 51 Kommunen im Prozess Familiengerechte Kommune. Um das imagef\u00f6rdernde Zertifikat des bundesweit agierenden Vereins auf unbestimmte Zeit nutzen zu k\u00f6nnen, ist ein sogenannter \u201eBilanzierungs-Audit&#8220;\u00a0notwendig; also eine \u00dcberpr\u00fcfung der vereinbarten Ziele f\u00fcr eine familien- und generationengerechte Ausrichtung, die bis Ende 2023 realisiert werden sollen.<\/p>\n\n\n\n<p>QUELLE: STADTVERWALTUNG<\/p>\n","protected":false},"excerpt":{"rendered":"<div class=\"mh-excerpt\"><p>K\u00fcrzlich wurde den Fachaussch\u00fcssen des Stadtrates ein Jahresbericht \u00fcber Ma\u00dfnahmen und Projekte zur St\u00e4rkung der Familienfreundlichkeit in der Stadt Gera vorgestellt. In dem federf\u00fchrend vom Dezernat Jugend und Soziales erarbeiteten Jahresbericht wurde \u00fcber den Projektstand <a class=\"mh-excerpt-more\" href=\"https:\/\/www.studiogera.de\/001\/2022\/05\/11\/familienfreundlichkeit-als-schluessel-fuer-nachhaltige-stadtentwicklung\/\" title=\"GERA ALS FAMILIENGERECHTE KOMMUNE \u2014 JAHRESBERICHT\">[&#8230;]<\/a><\/p>\n<\/div>","protected":false},"author":2,"featured_media":12471,"comment_status":"open","ping_status":"open","sticky":false,"template":"","format":"standard","meta":{"footnotes":""},"categories":[6],"tags":[],"class_list":{"0":"post-19077","1":"post","2":"type-post","3":"status-publish","4":"format-standard","5":"has-post-thumbnail","7":"category-gesellschaft"},"_links":{"self":[{"href":"https:\/\/www.studiogera.de\/001\/wp-json\/wp\/v2\/posts\/19077","targetHints":{"allow":["GET"]}}],"collection":[{"href":"https:\/\/www.studiogera.de\/001\/wp-json\/wp\/v2\/posts"}],"about":[{"href":"https:\/\/www.studiogera.de\/001\/wp-json\/wp\/v2\/types\/post"}],"author":[{"embeddable":true,"href":"https:\/\/www.studiogera.de\/001\/wp-json\/wp\/v2\/users\/2"}],"replies":[{"embeddable":true,"href":"https:\/\/www.studiogera.de\/001\/wp-json\/wp\/v2\/comments?post=19077"}],"version-history":[{"count":2,"href":"https:\/\/www.studiogera.de\/001\/wp-json\/wp\/v2\/posts\/19077\/revisions"}],"predecessor-version":[{"id":19079,"href":"https:\/\/www.studiogera.de\/001\/wp-json\/wp\/v2\/posts\/19077\/revisions\/19079"}],"wp:featuredmedia":[{"embeddable":true,"href":"https:\/\/www.studiogera.de\/001\/wp-json\/wp\/v2\/media\/12471"}],"wp:attachment":[{"href":"https:\/\/www.studiogera.de\/001\/wp-json\/wp\/v2\/media?parent=19077"}],"wp:term":[{"taxonomy":"category","embeddable":true,"href":"https:\/\/www.studiogera.de\/001\/wp-json\/wp\/v2\/categories?post=19077"},{"taxonomy":"post_tag","embeddable":true,"href":"https:\/\/www.studiogera.de\/001\/wp-json\/wp\/v2\/tags?post=19077"}],"curies":[{"name":"wp","href":"https:\/\/api.w.org\/{rel}","templated":true}]}}