{"id":19225,"date":"2022-05-23T23:15:24","date_gmt":"2022-05-23T21:15:24","guid":{"rendered":"http:\/\/www.studiogera.de\/001\/?p=19225"},"modified":"2022-05-23T23:15:26","modified_gmt":"2022-05-23T21:15:26","slug":"foyerkonzert-am-29-mai-2022","status":"publish","type":"post","link":"https:\/\/www.studiogera.de\/001\/2022\/05\/23\/foyerkonzert-am-29-mai-2022\/","title":{"rendered":"FOYERKONZERT AM 29. MAI 2022"},"content":{"rendered":"\n<p>\u201eMusik ist h\u00f6here Offenbarung als alle Weisheit und Philosophie.\u201c (Ludwig van Beethoven) ist das Motto des 296. Foyerkonzertes, das am Sonntag den 29. Mai im Konzertsaal Gera stattfindet. Das Konzert gestalten Judith Eisenhofer (Violine), Alma-Sophie Starke (Violoncello) und Rolando Vald\u00e9s (Klavier). Es erklingen Werke Anton Arensky und Johannes Brahms.<\/p>\n\n\n\n<p>Eintrittskarten sind an den Theaterkassen sowie \u00fcber die Webseite des Theaters erh\u00e4ltlich. Diese sind unter der Rufnummer 0365 8279105 bzw. 03447 585160 sowie \u00fcber \u201ewww.theater-altenburg-gera.de\u201d erreichbar.<\/p>\n\n\n\n<p>QUELLE: THEATER ALTENBURG GERA GGMBH<\/p>\n","protected":false},"excerpt":{"rendered":"<div class=\"mh-excerpt\"><p>\u201eMusik ist h\u00f6here Offenbarung als alle Weisheit und Philosophie.\u201c (Ludwig van Beethoven) ist das Motto des 296. Foyerkonzertes, das am Sonntag den 29. Mai im Konzertsaal Gera stattfindet. Das Konzert gestalten Judith Eisenhofer (Violine), Alma-Sophie <a class=\"mh-excerpt-more\" href=\"https:\/\/www.studiogera.de\/001\/2022\/05\/23\/foyerkonzert-am-29-mai-2022\/\" title=\"FOYERKONZERT AM 29. MAI 2022\">[&#8230;]<\/a><\/p>\n<\/div>","protected":false},"author":2,"featured_media":12453,"comment_status":"open","ping_status":"open","sticky":false,"template":"","format":"standard","meta":{"footnotes":""},"categories":[15],"tags":[],"class_list":{"0":"post-19225","1":"post","2":"type-post","3":"status-publish","4":"format-standard","5":"has-post-thumbnail","7":"category-theater"},"_links":{"self":[{"href":"https:\/\/www.studiogera.de\/001\/wp-json\/wp\/v2\/posts\/19225","targetHints":{"allow":["GET"]}}],"collection":[{"href":"https:\/\/www.studiogera.de\/001\/wp-json\/wp\/v2\/posts"}],"about":[{"href":"https:\/\/www.studiogera.de\/001\/wp-json\/wp\/v2\/types\/post"}],"author":[{"embeddable":true,"href":"https:\/\/www.studiogera.de\/001\/wp-json\/wp\/v2\/users\/2"}],"replies":[{"embeddable":true,"href":"https:\/\/www.studiogera.de\/001\/wp-json\/wp\/v2\/comments?post=19225"}],"version-history":[{"count":1,"href":"https:\/\/www.studiogera.de\/001\/wp-json\/wp\/v2\/posts\/19225\/revisions"}],"predecessor-version":[{"id":19226,"href":"https:\/\/www.studiogera.de\/001\/wp-json\/wp\/v2\/posts\/19225\/revisions\/19226"}],"wp:featuredmedia":[{"embeddable":true,"href":"https:\/\/www.studiogera.de\/001\/wp-json\/wp\/v2\/media\/12453"}],"wp:attachment":[{"href":"https:\/\/www.studiogera.de\/001\/wp-json\/wp\/v2\/media?parent=19225"}],"wp:term":[{"taxonomy":"category","embeddable":true,"href":"https:\/\/www.studiogera.de\/001\/wp-json\/wp\/v2\/categories?post=19225"},{"taxonomy":"post_tag","embeddable":true,"href":"https:\/\/www.studiogera.de\/001\/wp-json\/wp\/v2\/tags?post=19225"}],"curies":[{"name":"wp","href":"https:\/\/api.w.org\/{rel}","templated":true}]}}