{"id":19230,"date":"2022-05-23T23:28:42","date_gmt":"2022-05-23T21:28:42","guid":{"rendered":"http:\/\/www.studiogera.de\/001\/?p=19230"},"modified":"2022-05-24T09:16:26","modified_gmt":"2022-05-24T07:16:26","slug":"absage-einer-veranstaltung-im-klubzentrum-comma","status":"publish","type":"post","link":"https:\/\/www.studiogera.de\/001\/2022\/05\/23\/absage-einer-veranstaltung-im-klubzentrum-comma\/","title":{"rendered":"ABSAGE EINER VERANSTALTUNG IM KLUBZENTRUM \u201eCOMMA\u201c"},"content":{"rendered":"\n<p>Die Veranstaltung \u201eMeet &amp; Greet\u201c im Klubzentrum Comma am 3. Juni 2022 wird abgesagt. Die Bundeszentrale f\u00fcr politische Bildung erkl\u00e4rte dies als Reaktion auf zur\u00fcckgezogene Teilnahmen diverser Creatorinnen und Creatoren. Die Bundeszentrale f\u00fcr politische Bildung bedauert den Ausfall der Veranstaltung sehr und m\u00f6chte sich trotzdem f\u00fcr die immer konstruktive und produktive Zusammenarbeit dem Kulturamt Gera bedanken.<\/p>\n","protected":false},"excerpt":{"rendered":"<div class=\"mh-excerpt\"><p>Die Veranstaltung \u201eMeet &amp; Greet\u201c im Klubzentrum Comma am 3. Juni 2022 wird abgesagt. Die Bundeszentrale f\u00fcr politische Bildung erkl\u00e4rte dies als Reaktion auf zur\u00fcckgezogene Teilnahmen diverser Creatorinnen und Creatoren. Die Bundeszentrale f\u00fcr politische Bildung <a class=\"mh-excerpt-more\" href=\"https:\/\/www.studiogera.de\/001\/2022\/05\/23\/absage-einer-veranstaltung-im-klubzentrum-comma\/\" title=\"ABSAGE EINER VERANSTALTUNG IM KLUBZENTRUM \u201eCOMMA\u201c\">[&#8230;]<\/a><\/p>\n<\/div>","protected":false},"author":2,"featured_media":1630,"comment_status":"open","ping_status":"open","sticky":false,"template":"","format":"standard","meta":{"footnotes":""},"categories":[16],"tags":[],"class_list":{"0":"post-19230","1":"post","2":"type-post","3":"status-publish","4":"format-standard","5":"has-post-thumbnail","7":"category-kurzmitteilungen"},"_links":{"self":[{"href":"https:\/\/www.studiogera.de\/001\/wp-json\/wp\/v2\/posts\/19230","targetHints":{"allow":["GET"]}}],"collection":[{"href":"https:\/\/www.studiogera.de\/001\/wp-json\/wp\/v2\/posts"}],"about":[{"href":"https:\/\/www.studiogera.de\/001\/wp-json\/wp\/v2\/types\/post"}],"author":[{"embeddable":true,"href":"https:\/\/www.studiogera.de\/001\/wp-json\/wp\/v2\/users\/2"}],"replies":[{"embeddable":true,"href":"https:\/\/www.studiogera.de\/001\/wp-json\/wp\/v2\/comments?post=19230"}],"version-history":[{"count":1,"href":"https:\/\/www.studiogera.de\/001\/wp-json\/wp\/v2\/posts\/19230\/revisions"}],"predecessor-version":[{"id":19231,"href":"https:\/\/www.studiogera.de\/001\/wp-json\/wp\/v2\/posts\/19230\/revisions\/19231"}],"wp:featuredmedia":[{"embeddable":true,"href":"https:\/\/www.studiogera.de\/001\/wp-json\/wp\/v2\/media\/1630"}],"wp:attachment":[{"href":"https:\/\/www.studiogera.de\/001\/wp-json\/wp\/v2\/media?parent=19230"}],"wp:term":[{"taxonomy":"category","embeddable":true,"href":"https:\/\/www.studiogera.de\/001\/wp-json\/wp\/v2\/categories?post=19230"},{"taxonomy":"post_tag","embeddable":true,"href":"https:\/\/www.studiogera.de\/001\/wp-json\/wp\/v2\/tags?post=19230"}],"curies":[{"name":"wp","href":"https:\/\/api.w.org\/{rel}","templated":true}]}}